{"id":106159,"date":"2025-05-17T04:58:22","date_gmt":"2025-05-17T04:58:22","guid":{"rendered":"https:\/\/www.europesays.com\/fr\/106159\/"},"modified":"2025-05-17T04:58:22","modified_gmt":"2025-05-17T04:58:22","slug":"loperation-de-propagande-coule-a-pic","status":"publish","type":"post","link":"https:\/\/www.europesays.com\/fr\/106159\/","title":{"rendered":"L&rsquo;OP\u00c9RATION DE PROPAGANDE COULE \u00c0 PIC"},"content":{"rendered":"<p>Posted On 17 mai 2025 <\/p>\n<p style=\"text-align: justify;\">La biennale des villes en transition se termine aujourd&rsquo;hui et le moins qu&rsquo;on puisse dire, c&rsquo;est que la grande op\u00e9ration de propagande qu&rsquo;esp\u00e9rait les Verts\/LFI pour d\u00e9ployer leurs th\u00e8ses sur fonds publics \u00e0 quelques mois des municipales a \u00e9t\u00e9 un four complet.<\/p>\n<p><a href=\"https:\/\/i1.wp.com\/grenoble-le-changement.fr\/wp-content\/uploads\/2025\/05\/BIENNALE-VIDE-scaled.jpeg?ssl=1\" rel=\"lightbox[82017] noopener\" target=\"_blank\"><img loading=\"lazy\" decoding=\"async\" class=\"wp-image-82029 aligncenter jetpack-lazy-image\" src=\"https:\/\/i0.wp.com\/grenoble-le-changement.fr\/wp-content\/uploads\/2025\/05\/BIENNALE-VIDE.jpeg?resize=584%2C438&amp;ssl=1\" alt=\"\" width=\"584\" height=\"438\" data-recalc-dims=\"1\" data-lazy-src=\"https:\/\/www.europesays.com\/fr\/wp-content\/uploads\/2025\/05\/BIENNALE-VIDE.jpeg\" \/><\/a><\/p>\n<p>UNE VITRINE ID\u00c9OLOGIQUE<\/p>\n<p class=\"\" style=\"text-align: justify;\" data-start=\"488\" data-end=\"1002\">Organis\u00e9e du 10 au 17 mai, la biennale avait tout de l&rsquo;exercice d\u2019autoc\u00e9l\u00e9bration pour la majorit\u00e9 Piolle, avec une communication assourdissante par tous les canaux possible (avec l&rsquo;argent du contribuable grenoblois). Car il s&rsquo;agit d\u2019<a href=\"https:\/\/grenoble-le-changement.fr\/2025\/04\/04\/biennale-des-villes-en-transition-la-grande-arnaque\/\" target=\"_blank\" rel=\"noopener\">enfermer les Grenoblois dans un pr\u00eat-\u00e0-penser id\u00e9ologique<\/a> : un monde binaire o\u00f9 l\u2019\u00e9cologie, plus rouge que verte, est la seule pens\u00e9e propos\u00e9e. Avec des invit\u00e9s qui vont toutes dans le m\u00eame sens comme Fatima Ouassak, figure radicale qui d\u00e9nonce l\u2019universalisme (donc l&rsquo;h\u00e9ritage des Lumi\u00e8res) comme&#8230; un outil d\u2019assujettissement des \u201cpersonnes racis\u00e9es\u201d.<\/p>\n<p>UN JOURNALISTE-MILITANT POUR \u00ab\u00a0L&rsquo;OBJECTIVIT\u00c9\u00a0\u00bb<\/p>\n<p class=\"\" style=\"text-align: justify;\" data-start=\"1062\" data-end=\"1470\">L\u2019objectivit\u00e9 officiellement revendiqu\u00e9e par l\u2019\u00e9v\u00e9nement a d\u00e8s le d\u00e9but tourn\u00e9 \u00e0 la caricature. La Ville a cru bon d\u2019inviter Guillaume Meurice, r\u00e9cemment licenci\u00e9 pour faute grave \u00e0 Radio France. Fid\u00e8le \u00e0 lui-m\u00eame,<a href=\"https:\/\/grenoble-le-changement.fr\/2025\/05\/10\/gaz-hilarant-la-municipalite-prete-a-rire\/\" target=\"_blank\" rel=\"noopener\">\u00a0il a imm\u00e9diatement attaqu\u00e9 \u00ab\u00a0la droite\u00a0\u00bb<\/a> dans la presse pour donner des gages aux Verts\/LFI qui l&rsquo;ont convi\u00e9 \u00e0 Grenoble. Dans le m\u00eame article il expliquait la main sur coeur au Dauphin\u00e9 que lui et son \u00e9quipe ne sont \u00ab\u00a0ni militants, ni politiques\u00a0\u00bb mais de simples \u00ab\u00a0clowns\u00a0\u00bb. C&rsquo;est le journaliste le plus militant de France qui vous l&rsquo;assure !<\/p>\n<p><a href=\"https:\/\/i0.wp.com\/grenoble-le-changement.fr\/wp-content\/uploads\/2025\/05\/biennale-desert-scaled.jpeg?ssl=1\" rel=\"lightbox[82017] noopener\" target=\"_blank\"><img loading=\"lazy\" decoding=\"async\" class=\" wp-image-82030 jetpack-lazy-image\" src=\"https:\/\/i1.wp.com\/grenoble-le-changement.fr\/wp-content\/uploads\/2025\/05\/biennale-desert.jpeg?resize=643%2C482&amp;ssl=1\" alt=\"\" width=\"643\" height=\"482\" data-recalc-dims=\"1\" data-lazy-src=\"https:\/\/www.europesays.com\/fr\/wp-content\/uploads\/2025\/05\/biennale-desert.jpeg\" \/><\/a>Foule des grands jours au palais des sports alors que la biennale battait son plein..<br \/>\nLES GRENOBLOIS BOUDENT MASSIVEMENT LA BIENNALE<\/p>\n<p class=\"\" style=\"text-align: justify;\" data-start=\"1062\" data-end=\"1470\">Le reste de l&rsquo;\u00e9v\u00e9nement a consist\u00e9 en une succession d\u2019interventions militantes aux frais du contribuable toute la semaine&#8230; mais en circuit tr\u00e8s ferm\u00e9. D\u00e8s le lancement de la biennale le week-end dernier, <a target=\"_blank\" href=\"https:\/\/c.ledauphine.com\/culture-loisirs\/2025\/05\/10\/climat-malheureusement-on-ne-s-est-pas-trompe-la-piqure-de-rappel-du-climatologue-jean-jouzel\" rel=\"noopener\">le journaliste du Dauphin\u00e9 Jean-Benoit Vigny<\/a> relevait que le discours d&rsquo;ouverture d&rsquo;Eric Piolle, \u00e9videmment tr\u00e8s politicien, avait \u00ab\u00a0fait face \u00e0 une assistance assez faible\u00a0\u00bb. Un samedi apr\u00e8s-midi, malgr\u00e9 la publicit\u00e9 autour de l&rsquo;\u00e9v\u00e9nement sur les r\u00e9seaux de la ville et avec les m\u00e9dias partenaires.<\/p>\n<p>5 SPECTATEURS POUR UNE CONF\u00c9RENCE SUR LA SANT\u00c9<\/p>\n<p class=\"\" style=\"text-align: justify;\" data-start=\"1062\" data-end=\"1470\">Pr\u00e9monitoire de l&rsquo;entre-soi qui allaient pr\u00e9valoir tout le reste de la semaine. Ainsi sur les r\u00e9seaux sociaux, une vid\u00e9o publi\u00e9e <a target=\"_blank\" href=\"https:\/\/www.facebook.com\/reel\/1217512843242184\" rel=\"noopener\">par le groupe Facebook \u00ab\u00a0SaccageGrenoble\u00a0\u00bb<\/a> a beaucoup circul\u00e9, montrant l&rsquo;affluence \u00e0 une conf\u00e9rence sur la sant\u00e9&#8230; dans un palais des sports compl\u00e8tement d\u00e9sert\u00e9, avec cinq spectateurs ! \u00c7a fait tr\u00e8s cher pay\u00e9 la venue des conf\u00e9renciers et le personnel pour l&rsquo;organisation technique d&rsquo;un tel bide.<\/p>\n<p>LE BIDE EST COMPLET<\/p>\n<p class=\"\" style=\"text-align: justify;\" data-start=\"1062\" data-end=\"1470\">Rappelons que pour tenter d&rsquo;\u00e9viter le bide, la municipalit\u00e9 <a href=\"https:\/\/grenoble-le-changement.fr\/2025\/04\/04\/biennale-des-villes-en-transition-la-grande-arnaque\/\" target=\"_blank\" rel=\"noopener\">avait m\u00eame tent\u00e9 d&rsquo;inciter les agents de la ville<\/a> \u00e0 venir y compris sur leur temps de travail pour faire du monde. M\u00eame \u00e7a n&rsquo;a pas suffi. Tous les jours, les photos de l&rsquo;\u00e9v\u00e9nement montrent des lieux clairsem\u00e9s, un public qui n&rsquo;est pas au rendez-vous, la confirmation d&rsquo;un \u00e9v\u00e9nement d&rsquo;entre-soi militant qui n&rsquo;int\u00e9resse pas les Grenoblois tant il apparait abscon et d\u00e9connect\u00e9 du r\u00e9el.<\/p>\n<p>PIOLLE INTERPELL\u00c9 PAR UNE PERSONNE \u00c2G\u00c9E<\/p>\n<p style=\"text-align: justify;\" data-start=\"1504\" data-end=\"1940\">En plein c\u0153ur de cette mascarade, le r\u00e9el s&rsquo;est tout de m\u00eame invit\u00e9 au bon souvenir de nos \u00e9lus qui planent \u00e0 10 000. Une habitante est par exemple intervenue pour interpeller Eric Piolle alors que le th\u00e8me de la journ\u00e9e portait <a href=\"https:\/\/grenoble-le-changement.fr\/2024\/05\/18\/la-majorite-communique-sur-le-dos-des-aines\/\" target=\"_blank\" rel=\"noopener\">sur \u00ab\u00a0la ville amie des ain\u00e9s\u00a0\u00bb<\/a>. Elle n\u2019a pas parl\u00e9 de 2040. Mais de son quotidien en 2025 : du fait qu&rsquo;elle s&rsquo;\u00e9tait d\u00e9j\u00e0 fait renverser 2 fois parce que les trottoirs \u00e0 Grenoble sont invivables pour les personnes \u00e2g\u00e9es, avec une circulation anarchique des deux-roues. G\u00eane de Piolle qui a balay\u00e9 le sujet et \u00e9videmment aucune r\u00e9ponse apport\u00e9e.<\/p>\n<p>DES HABITANTS DE LA PLACE DES G\u00c9ANTS PROTESTENT CONTRE LEURS CONDITIONS<\/p>\n<p style=\"text-align: justify;\" data-start=\"1504\" data-end=\"1940\">Hier, pour la fin de la biennale, les vraies probl\u00e9matiques ont surgi de mani\u00e8re encore plus concr\u00e8tes. <a href=\"https:\/\/grenoble-le-changement.fr\/2024\/08\/19\/villeneuve-place-des-geants-le-grand-gachis-municipal\/\" target=\"_blank\" rel=\"noopener\">Des habitants de la place des g\u00e9ants<\/a> se sont rendus au palais des sports pour profiter d&rsquo;une \u00ab\u00a0fresque prospective\u00a0\u00bb afin de rappeler de mani\u00e8re tr\u00e8s claire ce qu&rsquo;ils vivent pendant que les \u00e9lus et militants Verts\/LFI se complaisent dans l&rsquo;onanisme intellectuel. Extraits du communiqu\u00e9 de la d\u00e9l\u00e9gation venue \u00ab\u00a0protester sur les conditions d\u00e9sastreuses d\u2019insalubrit\u00e9 de leurs logements sociaux, en 2025\u00a0\u00bb.<\/p>\n<p data-start=\"1504\" data-end=\"1940\"><a href=\"https:\/\/i0.wp.com\/grenoble-le-changement.fr\/wp-content\/uploads\/2025\/05\/place-des-geants-biennale-rotated.jpeg?ssl=1\" rel=\"lightbox[82017] noopener\" target=\"_blank\"><img loading=\"lazy\" decoding=\"async\" class=\"wp-image-82034 aligncenter jetpack-lazy-image\" src=\"https:\/\/i1.wp.com\/grenoble-le-changement.fr\/wp-content\/uploads\/2025\/05\/place-des-geants-biennale.jpeg?resize=544%2C725&amp;ssl=1\" alt=\"\" width=\"544\" height=\"725\" data-recalc-dims=\"1\" data-lazy-src=\"https:\/\/www.europesays.com\/fr\/wp-content\/uploads\/2025\/05\/place-des-geants-biennale.jpeg\" \/><\/a><\/p>\n<p>L&rsquo;IMPACT SUR LEUR SANT\u00c9&#8230; EN 2025, PAS EN 2040<\/p>\n<p style=\"text-align: justify;\" data-start=\"1504\" data-end=\"1940\">\u00ab\u00a0Ils ont soulign\u00e9 l\u2019impact important sur leur sant\u00e9 (sant\u00e9 mentale, cas de plus en plus nombreux d\u2019asthme li\u00e9s \u00e0 l\u2019humidit\u00e9\u2026) Ils ont violemment r\u00e9agi sur l\u2019avenir qu\u2019il leur a \u00e9t\u00e9 pens\u00e9 dans une fresque prospective. Ils ont fait \u00e9tat de la d\u00e9gradation visible et acc\u00e9l\u00e9r\u00e9e de leur quartier depuis 15 ans. Ils ont montr\u00e9, sur des photos, l\u2019insalubrit\u00e9 actuelle de leurs logements en d\u00e9non\u00e7ant la non r\u00e9activit\u00e9 du bailleur social ACTIS et des \u00e9lus : moisissures sur les murs, infiltrations d\u2019eau, portes cass\u00e9es, squats, encombrants, d\u00e9chetterie \u00e0 ciel ouvert\u2026 Ils ont demand\u00e9 \u00e0 \u00eatre entendus dans un \u00e9tat des lieux qui a \u00e9t\u00e9 occult\u00e9 pour penser Grenoble en 2040\u00a0\u00bb.<\/p>\n<p>SE PROJETER EN 2040 : UNE D\u00c9MARCHE \u00ab\u00a0HYPOCRITE ET IRRESPECTUEUSE\u00a0\u00bb<\/p>\n<p style=\"text-align: justify;\" data-start=\"1504\" data-end=\"1940\">\u00ab\u00a0Ce matin encore, les habitants du 50 place des G\u00e9ants ont fait \u00e9tat du court-circuit qui a provoqu\u00e9 un incendie d\u2019un boitier \u00e9lectrique dans l\u2019immeuble et qui a pour cons\u00e9quence une coupure \u00e9lectrique g\u00e9n\u00e9ralis\u00e9e de tous les habitants. C\u2019est dans ce contexte, qu\u2019ils ont exprim\u00e9 leur incapacit\u00e9 \u00e0 se projeter jusqu\u2019en 2040, dans une d\u00e9marche qu\u2019ils ont estim\u00e9e hypocrite et irrespectueuse. Un \u00e9lu, pr\u00e9sent, a fait le choix de rester \u00e0 distance, laissant le soin aux agents de d\u00e9battre avec les habitants. Les habitants ont d\u00e9nonc\u00e9 une op\u00e9ration de communication qui sert \u00e0 cacher la mis\u00e8re de leur quotidien\u00a0\u00bb.<\/p>\n<p>Dans le cadre de ces fameux \u00ab\u00a0quartiers favorables \u00e0 la sant\u00e9 en 2040\u00a0\u00bb, Alain Carignon avait visit\u00e9 en avril dernier des appartements insalubres lou\u00e9s par les \u00e9lus Verts\/LFI Place des G\u00e9ants&#8230;\u00a0<\/p>\n<p>ALAIN CARIGNON INTERVIENDRA LUNDI EN CONSEIL<\/p>\n<p style=\"text-align: justify;\" data-start=\"1504\" data-end=\"1940\">Alain Carignon, pr\u00e9sent hier en soutien des habitants, a expliqu\u00e9 qu&rsquo;il profiterait du conseil municipal de lundi pour solliciter le co\u00fbt d&rsquo;organisation de cette biennale bidesque, et pour bien rappeler toute l&rsquo;hypocrisie de cette op\u00e9ration politique des Verts\/LFI qui ont pour objectif de d\u00e9tourner l&rsquo;attention des conditions de vie r\u00e9elles des Grenoblois, et particuli\u00e8rement de ceux qui vivent dans des quartiers populaires.<\/p>\n<p><a href=\"https:\/\/i2.wp.com\/grenoble-le-changement.fr\/wp-content\/uploads\/2025\/05\/ac-biennale-place-des-geants-rotated.jpeg?ssl=1\" rel=\"lightbox[82017] noopener\" target=\"_blank\"><img loading=\"lazy\" decoding=\"async\" class=\" wp-image-82033 jetpack-lazy-image\" src=\"https:\/\/i0.wp.com\/grenoble-le-changement.fr\/wp-content\/uploads\/2025\/05\/ac-biennale-place-des-geants.jpeg?resize=527%2C703&amp;ssl=1\" alt=\"\" width=\"527\" height=\"703\" data-recalc-dims=\"1\" data-lazy-src=\"https:\/\/www.europesays.com\/fr\/wp-content\/uploads\/2025\/05\/ac-biennale-place-des-geants.jpeg\" \/><\/a>Le pr\u00e9sident du groupe d&rsquo;opposition Alain Carignon aux c\u00f4t\u00e9s des habitants du 50 Place des G\u00e9ants hier \u00e0 la biennale<br \/>\nL&rsquo;HEURE DU CHOIX APPROCHE<\/p>\n<p style=\"text-align: justify;\" data-start=\"4420\" data-end=\"4453\">La municipalit\u00e9 voulait faire de la biennale une rampe de lancement vers 2026. Ca n&rsquo;aura \u00e9t\u00e9 qu\u2019un naufrage de plus, t\u00e9moignage du divorce entre les Grenoblois et les Verts\/LFI alors que les 12 ans de Piolle se terminent. En mars prochain, le choix sera clair : poursuivre avec ceux qui se r\u00e9fugient dans les discours creux sur 2040 pour ne pas traiter le r\u00e9el, ou revenir \u00e0 une \u00e9quipe qui s\u2019attaque imm\u00e9diatement aux vrais probl\u00e8mes du quotidien, <a href=\"https:\/\/grenoble-le-changement.fr\/2025\/05\/16\/les-forces-vives-de-grenoble-sengagent-pour-le-changement-avec-alain-carignon\/\" target=\"_blank\" rel=\"noopener\">\u00e0 l&rsquo;instar du collectif \u00ab\u00a0R\u00e9concilier Grenoble\u00a0\u00bb mobilis\u00e9 avec Alain Carignon pour le changement.\u00a0<\/a><\/p>\n","protected":false},"excerpt":{"rendered":"Posted On 17 mai 2025 La biennale des villes en transition se termine aujourd&rsquo;hui et le moins qu&rsquo;on&hellip;\n","protected":false},"author":2,"featured_media":106160,"comment_status":"","ping_status":"","sticky":false,"template":"","format":"standard","meta":{"footnotes":""},"categories":[9566],"tags":[1111,11,9601,2430,9607,1777,674,10306,1011,27,2731,19903,10307,12,25],"class_list":{"0":"post-106159","1":"post","2":"type-post","3":"status-publish","4":"format-standard","5":"has-post-thumbnail","7":"category-grenoble","8":"tag-actu","9":"tag-actualites","10":"tag-alain-carignon","11":"tag-auvergne-rhone-alpes","12":"tag-eric-piolle","13":"tag-eu","14":"tag-europe","15":"tag-fatima-ouassak","16":"tag-fr","17":"tag-france","18":"tag-grenoble","19":"tag-guillaume-meurice","20":"tag-jean-benoit-vigny","21":"tag-news","22":"tag-republique-francaise"},"share_on_mastodon":{"url":"https:\/\/pubeurope.com\/@fr\/114521407852383004","error":""},"_links":{"self":[{"href":"https:\/\/www.europesays.com\/fr\/wp-json\/wp\/v2\/posts\/106159","targetHints":{"allow":["GET"]}}],"collection":[{"href":"https:\/\/www.europesays.com\/fr\/wp-json\/wp\/v2\/posts"}],"about":[{"href":"https:\/\/www.europesays.com\/fr\/wp-json\/wp\/v2\/types\/post"}],"author":[{"embeddable":true,"href":"https:\/\/www.europesays.com\/fr\/wp-json\/wp\/v2\/users\/2"}],"replies":[{"embeddable":true,"href":"https:\/\/www.europesays.com\/fr\/wp-json\/wp\/v2\/comments?post=106159"}],"version-history":[{"count":0,"href":"https:\/\/www.europesays.com\/fr\/wp-json\/wp\/v2\/posts\/106159\/revisions"}],"wp:featuredmedia":[{"embeddable":true,"href":"https:\/\/www.europesays.com\/fr\/wp-json\/wp\/v2\/media\/106160"}],"wp:attachment":[{"href":"https:\/\/www.europesays.com\/fr\/wp-json\/wp\/v2\/media?parent=106159"}],"wp:term":[{"taxonomy":"category","embeddable":true,"href":"https:\/\/www.europesays.com\/fr\/wp-json\/wp\/v2\/categories?post=106159"},{"taxonomy":"post_tag","embeddable":true,"href":"https:\/\/www.europesays.com\/fr\/wp-json\/wp\/v2\/tags?post=106159"}],"curies":[{"name":"wp","href":"https:\/\/api.w.org\/{rel}","templated":true}]}}