{"id":106161,"date":"2025-05-17T04:59:08","date_gmt":"2025-05-17T04:59:08","guid":{"rendered":"https:\/\/www.europesays.com\/fr\/106161\/"},"modified":"2025-05-17T04:59:08","modified_gmt":"2025-05-17T04:59:08","slug":"on-est-une-ville-privilegiee","status":"publish","type":"post","link":"https:\/\/www.europesays.com\/fr\/106161\/","title":{"rendered":"On est une ville privil\u00e9gi\u00e9e"},"content":{"rendered":"<p>            Par<br \/>\n        <strong><br \/>\n            <a href=\"https:\/\/actu.fr\/auteur\/lisa-rodrigues\" title=\"Consulter tous les articles de Lisa Rodrigues\" rel=\"nofollow noopener\" target=\"_blank\">Lisa Rodrigues<\/a><br \/>\n        <\/strong><\/p>\n<p>        Publi\u00e9 le<\/p>\n<p>            17 mai 2025 \u00e0 6h46        <\/p>\n<p>Non, le commerce n\u2019est pas dans une mauvaise passe \u00e0 <a href=\"https:\/\/actu.fr\/auvergne-rhone-alpes\/grenoble_38185\" rel=\"nofollow noopener\" target=\"_blank\">Grenoble<\/a>. C\u2019est en tout cas ce qu\u2019affirment des professionnels du secteur de l\u2019immobilier d\u2019entreprise, contact\u00e9s par actu Grenoble, alors que <a href=\"https:\/\/actu.fr\/auvergne-rhone-alpes\/grenoble_38185\/grenoble-six-nouveaux-commerces-arrivent-en-centre-ville-et-d-autres-vont-suivre_62640419.html\" rel=\"nofollow noopener\" target=\"_blank\">l\u2019arriv\u00e9e de plusieurs enseignes<\/a> est annonc\u00e9e dans les prochaines semaines.<br \/>\u00ab\u00a0Le centre-ville reprend vigueur\u00a0\u00bb, assure \u00e0 la r\u00e9daction Fran\u00e7ois Gagliardi, conseil en immobilier d\u2019entreprise, sp\u00e9cialis\u00e9 dans le commerce chez CBRE Axite. \u00ab\u00a0Il est en mutation oui, mais on est dans <strong>une bonne phase<\/strong>. On a des candidats pour les reprises\u00a0\u00bb de divers locaux commerciaux vacants.<\/p>\n<p>\u00ab\u00a0Il y a beaucoup de Grenoble-bashing\u00a0\u00bb<\/p>\n<p class=\" wall-content\">Un discours \u00e0 contre-courant de remarques d\u2019habitants ou de commer\u00e7ants, notant <a href=\"https:\/\/actu.fr\/auvergne-rhone-alpes\/grenoble_38185\/grenoble-les-commerces-disparaissent-en-centre-ville-c-est-devenu-une-horreur_62393939.html\" rel=\"nofollow noopener\" target=\"_blank\">des locaux vides<\/a> en centre-ville ou un manque de clients qui n\u2019attire pas les repreneurs.<\/p>\n<p class=\" wall-content\">\u00ab\u00a0Oui, le commerce, c\u2019est difficile. Mais <strong>ce n\u2019est pas pour autant que les commerces ne fonctionnent pas<\/strong>\u00ab\u00a0, r\u00e9torque Fran\u00e7ois Gagliardi, lui-m\u00eame ancien commer\u00e7ant sur Grenoble et Lyon. \u00ab\u00a0Il y a une souffrance, un stress, des inqui\u00e9tudes chez les commer\u00e7ants, c\u2019est s\u00fbr, mais il faut relativiser.\u00a0\u00bb<\/p>\n<blockquote class=\"ac-article-quote wall-content\">\n<p>Il y a beaucoup de Grenoble-bashing, mais on est quand m\u00eame une ville privil\u00e9gi\u00e9e avec une chance inou\u00efe. On a un cadre assez idyllique, on a des dossiers en cours d&rsquo;instruction pour des installations, et qu&rsquo;on le veuille ou pas, Grenoble est accessible.<\/p>\n<p>    <strong>Fran\u00e7ois Gagliardi<\/strong><br \/>\n        Conseil en immobilier d&rsquo;entreprise, sp\u00e9cialis\u00e9 dans le commerce chez CBRE Axite    <\/p><\/blockquote>\n<p>\u00ab\u00a0La pi\u00e9tonnisation n\u2019a jamais \u00e9t\u00e9 un frein\u00a0\u00bb<\/p>\n<p class=\" wall-content\">Le manque d\u2019accessibilit\u00e9 avec une <a href=\"https:\/\/actu.fr\/auvergne-rhone-alpes\/grenoble_38185\/grenoble-desertee-le-torchon-brule-entre-la-mairie-d-eric-piolle-et-des-commercants_62331599.html\" rel=\"nofollow noopener\" target=\"_blank\">baisse des stationnements<\/a>, c\u2019est d\u2019ailleurs un argument r\u00e9current utilis\u00e9 pour expliquer la baisse d\u2019attractivit\u00e9 du centre-ville.<\/p>\n<p class=\" wall-content\">\u00ab\u00a0La pi\u00e9tonnisation n\u2019a jamais \u00e9t\u00e9 un frein \u00e0 la commercialisation, assure l\u2019expert immobilier. Prenez la rue de Bonne ou Victor-Hugo : aujourd\u2019hui, quasi aucun commer\u00e7ant ne veut revenir en arri\u00e8re.\u00a0\u00bb\u00a0<\/p>\n<p class=\" wall-content\">Quant \u00e0 la fuite de clients vers des <a href=\"https:\/\/actu.fr\/auvergne-rhone-alpes\/saint-martin-d-heres_38421\/neyrpic-a-grenoble-on-connait-la-date-d-ouverture-du-centre-commercial_60384410.html\" rel=\"nofollow noopener\" target=\"_blank\">centres commerciaux p\u00e9riurbains,<\/a> l\u00e0 aussi, il reste sceptique. \u00ab\u00a0Les clients qui viennent en centre-ville ne sont pas ceux qui vont dans les centres commerciaux.\u00a0\u00bb\u00a0<\/p>\n<p class=\" wall-content\"><strong>Des loyers \u00ab\u00a0compl\u00e8tement d\u00e9connect\u00e9s\u00a0\u00bb<\/strong><\/p>\n<p class=\" wall-content\">Pour Fran\u00e7ois Gagliardi, le principal probl\u00e8me, <strong>c\u2019est le loyer<\/strong>. \u00ab\u00a0Des ind\u00e9pendants vont revenir dans le centre-ville, \u00e0 condition d\u2019un r\u00e9ajustement des loyers. Dans certains quartiers, ils sont compl\u00e8tement d\u00e9connect\u00e9s.\u00a0\u00bb<\/p>\n<p class=\" wall-content\">Une partie du parc de locaux commerciaux de Grenoble, comme dans d\u2019autres villes, est <strong>d\u00e9tenu par des fonci\u00e8res<\/strong> \u00ab\u00a0qui pr\u00e9f\u00e8rent les garder vides avec un loyer perch\u00e9\u00a0\u00bb pour ne pas perdre de valeur immobili\u00e8re sur le b\u00e2ti, soupire le conseil.<\/p>\n<p class=\" wall-content\">De quoi rendre inabordable pour les commer\u00e7ants, ou m\u00eame de grandes enseignes, des emplacements autrement parfaits sur le papier, comme \u00e0 la Caserne de Bonne, o\u00f9 plusieurs locataires se sont <a href=\"https:\/\/actu.fr\/auvergne-rhone-alpes\/grenoble_38185\/grenoble-loyers-trop-chers-clientele-partie-tensions-dans-ce-centre-commercial_60881226.html\" rel=\"nofollow noopener\" target=\"_blank\">plaints de loyers trop \u00e9lev\u00e9s<\/a>. \u00ab\u00a0Il n\u2019y a pas de bons ou de mauvais emplacements \u00e0 Grenoble. Il faut juste avoir le bon prix et le bon candidat.\u00a0\u00bb<\/p>\n<p>Un taux de vacance correct<\/p>\n<p class=\" wall-content\">\u00c0 Grenoble, le taux de vacance reste <strong>autour des 12%<\/strong>. Un chiffre tout \u00e0 fait honorable pour le professionnel, sachant \u00ab\u00a0que des dossiers sont en cours d\u2019instruction et que \u00e7a peut \u00eatre long\u00a0\u00bb avant de voir le rideau se lever.<\/p>\n<p class=\" wall-content\">\u00ab\u00a0Il y a une dynamique r\u00e9elle et \u00e7a bouge\u00a0\u00bb, assure Fran\u00e7ois Gagliardi, qui encha\u00eene les rendez-vous avec des clients souhaitant s\u2019installer dans la capitale des Alpes. \u00ab\u00a0M\u00eame en p\u00e9riph\u00e9rie, ailleurs dans l\u2019agglom\u00e9ration, \u00e7a attire. On est \u00e0 2% de taux de vacance \u00e0 Comboire. \u00c0 <a href=\"https:\/\/actu.fr\/auvergne-rhone-alpes\/saint-martin-d-heres_38421\" rel=\"nofollow noopener\" target=\"_blank\">Saint-Martin-d\u2019H\u00e8res<\/a>, on est m\u00eame pleins !\u00a0\u00bb<\/p>\n<p class=\" wall-content\">Suivez toute l\u2019actualit\u00e9 de vos villes et m\u00e9dias favoris en vous inscrivant \u00e0 <a href=\"https:\/\/moncompte.actu.fr\" title=\"D\u00e9couvez Mon Actu\" rel=\"nofollow noopener\" data-trk=\"{&quot;cta&quot;:{&quot;action&quot;:&quot;https:\\\/\\\/moncompte.actu.fr&quot;,&quot;category&quot;:&quot;mon compte&quot;,&quot;from&quot;:&quot;article footer&quot;,&quot;name&quot;:&quot;Mon actu&quot;,&quot;type&quot;:&quot;cta&quot;}}\" target=\"_blank\">Mon Actu<\/a>.<\/p>\n","protected":false},"excerpt":{"rendered":"Par Lisa Rodrigues Publi\u00e9 le 17 mai 2025 \u00e0 6h46 Non, le commerce n\u2019est pas dans une mauvaise&hellip;\n","protected":false},"author":2,"featured_media":106162,"comment_status":"","ping_status":"","sticky":false,"template":"","format":"standard","meta":{"footnotes":""},"categories":[9566],"tags":[1111,11,2430,215,33,1777,674,1011,27,2731,1116,12,25],"class_list":{"0":"post-106161","1":"post","2":"type-post","3":"status-publish","4":"format-standard","5":"has-post-thumbnail","7":"category-grenoble","8":"tag-actu","9":"tag-actualites","10":"tag-auvergne-rhone-alpes","11":"tag-commerce","12":"tag-economie","13":"tag-eu","14":"tag-europe","15":"tag-fr","16":"tag-france","17":"tag-grenoble","18":"tag-immobilier","19":"tag-news","20":"tag-republique-francaise"},"share_on_mastodon":{"url":"https:\/\/pubeurope.com\/@fr\/114521411783940635","error":""},"_links":{"self":[{"href":"https:\/\/www.europesays.com\/fr\/wp-json\/wp\/v2\/posts\/106161","targetHints":{"allow":["GET"]}}],"collection":[{"href":"https:\/\/www.europesays.com\/fr\/wp-json\/wp\/v2\/posts"}],"about":[{"href":"https:\/\/www.europesays.com\/fr\/wp-json\/wp\/v2\/types\/post"}],"author":[{"embeddable":true,"href":"https:\/\/www.europesays.com\/fr\/wp-json\/wp\/v2\/users\/2"}],"replies":[{"embeddable":true,"href":"https:\/\/www.europesays.com\/fr\/wp-json\/wp\/v2\/comments?post=106161"}],"version-history":[{"count":0,"href":"https:\/\/www.europesays.com\/fr\/wp-json\/wp\/v2\/posts\/106161\/revisions"}],"wp:featuredmedia":[{"embeddable":true,"href":"https:\/\/www.europesays.com\/fr\/wp-json\/wp\/v2\/media\/106162"}],"wp:attachment":[{"href":"https:\/\/www.europesays.com\/fr\/wp-json\/wp\/v2\/media?parent=106161"}],"wp:term":[{"taxonomy":"category","embeddable":true,"href":"https:\/\/www.europesays.com\/fr\/wp-json\/wp\/v2\/categories?post=106161"},{"taxonomy":"post_tag","embeddable":true,"href":"https:\/\/www.europesays.com\/fr\/wp-json\/wp\/v2\/tags?post=106161"}],"curies":[{"name":"wp","href":"https:\/\/api.w.org\/{rel}","templated":true}]}}