{"id":106165,"date":"2025-05-17T05:01:10","date_gmt":"2025-05-17T05:01:10","guid":{"rendered":"https:\/\/www.europesays.com\/fr\/106165\/"},"modified":"2025-05-17T05:01:10","modified_gmt":"2025-05-17T05:01:10","slug":"le-directeur-sportif-frederic-massara-quitte-le-club-moins-dun-an-apres-son-arrivee","status":"publish","type":"post","link":"https:\/\/www.europesays.com\/fr\/106165\/","title":{"rendered":"le directeur sportif Fr\u00e9d\u00e9ric Massara quitte le club moins d&rsquo;un an apr\u00e8s son arriv\u00e9e"},"content":{"rendered":"<p>            Par<br \/>\n        <strong><br \/>\n            <a href=\"https:\/\/actu.fr\/auteur\/clemence-pays02-actu-fr\" title=\"Consulter tous les articles de Cl\u00e9mence Pays\" rel=\"nofollow noopener\" target=\"_blank\">Cl\u00e9mence Pays<\/a><br \/>\n        <\/strong><\/p>\n<p>        Publi\u00e9 le<\/p>\n<p>            17 mai 2025 \u00e0 6h32        <\/p>\n<p>C\u2019est le jeu des chaises musicales au Stade Rennais. <a href=\"https:\/\/actu.fr\/bretagne\/rennes_35238\/stade-rennais-c-est-officiel-frederic-massara-devient-le-nouveau-directeur-sportif-du-club_61185053.html\" rel=\"nofollow noopener\" target=\"_blank\">Moins d\u2019un an apr\u00e8s son arriv\u00e9e<\/a>, le directeur sportif du club de football, <strong>Fr\u00e9d\u00e9ric Massara, quitte les Rouge et Noir.<\/strong><\/p>\n<p class=\" wall-content\">Une nouvelle officialis\u00e9e par la direction du club, jeudi 15\u00a0mai 2025, dans un communiqu\u00e9 de presse lapidaire.<\/p>\n<p class=\" wall-content\">\n<p class=\" wall-content\">La fin de cette collaboration entre le Franco-Italien et le Stade Rennais se serait faite \u00ab\u2009d\u2019un <strong>commun accord\u2009\u00bb<\/strong>. Fr\u00e9d\u00e9ric Massara quittera donc ses fonctions \u00ab\u2009\u00e0 l\u2019issue de la derni\u00e8re journ\u00e9e de Ligue\u00a01\u2009\u00bb, soit <strong>samedi 17\u00a0mai,<\/strong> apr\u00e8s le match opposant Rennes \u00e0 l\u2019Olympique de Marseille.<\/p>\n<blockquote class=\"ac-article-quote wall-content\">\n<p>Le SRFC salue son engagement durant ces onze derniers mois et souhaite \u00e0 Frederic, dont le professionnalisme et la personnalit\u00e9 ont \u00e9t\u00e9 appr\u00e9ci\u00e9s de tous, le meilleur pour la suite de sa carri\u00e8re.<\/p>\n<p>    <strong>Stade Rennais F.C.<\/strong>\n            <\/p><\/blockquote>\n<p>Un bilan mitig\u00e9<\/p>\n<p class=\" wall-content\">L\u2019arriv\u00e9e de Fr\u00e9d\u00e9ric Massara \u00e0 Rennes, en juin\u00a02024, s\u2019\u00e9tait faite dans un <strong>contexte compliqu\u00e9.<\/strong> D\u00e8s sa pr\u00e9sentation \u00e0 la presse, <a href=\"https:\/\/actu.fr\/bretagne\/rennes_35238\/stade-rennais-la-priorite-c-est-de-gagner-des-matchs-assure-frederic-massara_61330320.html\" rel=\"nofollow noopener\" target=\"_blank\">il avait \u00e9t\u00e9 fortement questionn\u00e9 sur le mercato en cours et les nombreux changements<\/a>. Le directeur sportif s\u2019\u00e9tait dit \u00ab\u2009pr\u00eat\u2009\u00bb \u00e0 lancer la nouvelle saison malgr\u00e9 tout. Mais les interrogations avaient \u00e9t\u00e9 r\u00e9it\u00e9r\u00e9es lors du mercato hivernal, l\u00e0 encore marqu\u00e9 par plusieurs d\u00e9parts.<\/p>\n<p>Vid\u00e9os : en ce moment sur Actu<\/p>\n<p class=\" wall-content\">Les <strong>r\u00e9sultats<\/strong> du Stade Rennais, actuellement en 11e position du classement de Ligue\u00a01, n\u2019ont \u00e9galement pas su convaincre les supporters et supportrices.<\/p>\n<p class=\" wall-content\">Il semblerait que <strong>Lo\u00efc D\u00e9sir\u00e9,<\/strong> responsable du recrutement au Racing Club de Strasbourg jusqu\u2019au jeudi 15\u00a0mai, succ\u00e8de \u00e0 Fr\u00e9d\u00e9ric Massara. En avril, <a href=\"https:\/\/www.lequipe.fr\/Football\/Actualites\/Loic-desire-responsable-du-recrutement-depuis-2014-quitte-le-rc-strasbourg\/1561990\" rel=\"nofollow noopener\" target=\"_blank\">L\u2019\u00c9quipe<\/a> avait annonc\u00e9 un accord de principe avec Rennes.<\/p>\n<p class=\" wall-content\">Suivez toute l\u2019actualit\u00e9 de vos villes et m\u00e9dias favoris en vous inscrivant \u00e0 <a href=\"https:\/\/moncompte.actu.fr\" title=\"D\u00e9couvez Mon Actu\" rel=\"nofollow noopener\" data-trk=\"{&quot;cta&quot;:{&quot;action&quot;:&quot;https:\\\/\\\/moncompte.actu.fr&quot;,&quot;category&quot;:&quot;mon compte&quot;,&quot;from&quot;:&quot;article footer&quot;,&quot;name&quot;:&quot;Mon actu&quot;,&quot;type&quot;:&quot;cta&quot;}}\" target=\"_blank\">Mon Actu<\/a>.<\/p>\n","protected":false},"excerpt":{"rendered":"Par Cl\u00e9mence Pays Publi\u00e9 le 17 mai 2025 \u00e0 6h32 C\u2019est le jeu des chaises musicales au Stade&hellip;\n","protected":false},"author":2,"featured_media":106166,"comment_status":"","ping_status":"","sticky":false,"template":"","format":"standard","meta":{"footnotes":""},"categories":[2821],"tags":[1111,11,829,1777,674,63,1011,27,12,584,25,60,3087],"class_list":{"0":"post-106165","1":"post","2":"type-post","3":"status-publish","4":"format-standard","5":"has-post-thumbnail","7":"category-rennes","8":"tag-actu","9":"tag-actualites","10":"tag-bretagne","11":"tag-eu","12":"tag-europe","13":"tag-football","14":"tag-fr","15":"tag-france","16":"tag-news","17":"tag-rennes","18":"tag-republique-francaise","19":"tag-sports","20":"tag-stade-rennais"},"share_on_mastodon":{"url":"https:\/\/pubeurope.com\/@fr\/114521419535341527","error":""},"_links":{"self":[{"href":"https:\/\/www.europesays.com\/fr\/wp-json\/wp\/v2\/posts\/106165","targetHints":{"allow":["GET"]}}],"collection":[{"href":"https:\/\/www.europesays.com\/fr\/wp-json\/wp\/v2\/posts"}],"about":[{"href":"https:\/\/www.europesays.com\/fr\/wp-json\/wp\/v2\/types\/post"}],"author":[{"embeddable":true,"href":"https:\/\/www.europesays.com\/fr\/wp-json\/wp\/v2\/users\/2"}],"replies":[{"embeddable":true,"href":"https:\/\/www.europesays.com\/fr\/wp-json\/wp\/v2\/comments?post=106165"}],"version-history":[{"count":0,"href":"https:\/\/www.europesays.com\/fr\/wp-json\/wp\/v2\/posts\/106165\/revisions"}],"wp:featuredmedia":[{"embeddable":true,"href":"https:\/\/www.europesays.com\/fr\/wp-json\/wp\/v2\/media\/106166"}],"wp:attachment":[{"href":"https:\/\/www.europesays.com\/fr\/wp-json\/wp\/v2\/media?parent=106165"}],"wp:term":[{"taxonomy":"category","embeddable":true,"href":"https:\/\/www.europesays.com\/fr\/wp-json\/wp\/v2\/categories?post=106165"},{"taxonomy":"post_tag","embeddable":true,"href":"https:\/\/www.europesays.com\/fr\/wp-json\/wp\/v2\/tags?post=106165"}],"curies":[{"name":"wp","href":"https:\/\/api.w.org\/{rel}","templated":true}]}}