{"id":106169,"date":"2025-05-17T05:03:08","date_gmt":"2025-05-17T05:03:08","guid":{"rendered":"https:\/\/www.europesays.com\/fr\/106169\/"},"modified":"2025-05-17T05:03:08","modified_gmt":"2025-05-17T05:03:08","slug":"strasbourg-une-course-au-depart-du-chu-de-hautepierre-pour-sensibiliser-aux-soins-palliatifs-pediatriques","status":"publish","type":"post","link":"https:\/\/www.europesays.com\/fr\/106169\/","title":{"rendered":"Strasbourg. Une course au d\u00e9part du CHU de Hautepierre pour sensibiliser aux soins palliatifs p\u00e9diatriques"},"content":{"rendered":"<p>Caroline et Fabien Fargerel ont perdu leur fille No\u00e9line, \u00e2g\u00e9e de 9 ans, en 2019. <a href=\"https:\/\/www.dna.fr\/culture-loisirs\/2025\/04\/15\/noeline-en-choeur-veut-sensibiliser-le-public-aux-soins-palliatifs-pediatriques\" target=\"_blank\" rel=\"nofollow noopener\">Elle souffrait d\u2019une maladie g\u00e9n\u00e9tique rare.<\/a> Pour l\u2019accompagner jusqu\u2019\u00e0 son dernier souffle, seule la maman a pu \u00eatre \u00e0 ses c\u00f4t\u00e9s 24h\/24. Aucun lieu sp\u00e9cifique n\u2019existe en France \u00e0 ce jour, d\u2019o\u00f9 le projet de la famille, constitu\u00e9e en association, de cr\u00e9er une telle maison. Elle permettra non seulement cet accompagnement mais offrira aussi des moments de r\u00e9pit aux familles en accueillant de fa\u00e7on ponctuelle les enfants atteints de maladies graves, pour que les familles puissent souffler.<\/p>\n<p>  Une campagne de sensibilisation<\/p>\n<p>Pour faire conna\u00eetre cette cause et collecter des fonds, l\u2019association organise des \u00e9v\u00e9nements entre le 22 et 24\u00a0mai, dont une marche-course du 23\u00a0mai \u00e0 Strasbourg. \u00ab\u00a0Le d\u00e9part se fera en plusieurs vagues, \u00e0 18\u00a0h\u00a030 pour les coureurs et \u00e0 18\u00a0h\u00a040 pour les marcheurs. L\u2019\u00e9chauffement se fera \u00e0 18\u00a0h\u00a015 avec l\u2019association 3S de Saverne\u00a0\u00bb, explique Caroline Fargerel. Le d\u00e9part se fera du parvis du CHU de Hautepierre et le parcours m\u00e8nera au parc du Heyritz \u00e0 la Meinau, c\u00f4t\u00e9 h\u00f4pital civil (restauration sur place). Parmi les participants, l\u2019association \u00ab\u00a0Osons la diff\u00e9rence\u00a0\u00bb avec une jo\u00eblette o\u00f9 prendra place une jeune fille handicap\u00e9e. Un autre enfant en situation de handicap sera de la partie, <a href=\"https:\/\/www.dna.fr\/sante\/2023\/02\/25\/une-association-pour-aider-robin-a-vivre-avec-sa-maladie-orpheline\" target=\"_blank\" rel=\"nofollow noopener\">Robin, de Monswiller<\/a> , avec son papa qui va courir tout en poussant la poussette de son fils.<\/p>\n<p>Ce contenu est bloqu\u00e9 car vous n&rsquo;avez pas accept\u00e9 les cookies et autres traceurs.<\/p>\n<p>En cliquant sur \u00ab J\u2019accepte \u00bb, les cookies et autres traceurs seront d\u00e9pos\u00e9s et vous pourrez visualiser les contenus  (<a href=\"\" class=\"consentModule_policy\" target=\"_blank\" title=\"Consulter la politique de protection des donn\u00e9es du fournisseur\">plus d&rsquo;informations<\/a>).<\/p>\n<p>En cliquant sur \u00ab J\u2019accepte tous les cookies \u00bb, vous autorisez des d\u00e9p\u00f4ts de cookies et autres traceurs pour le stockage de vos donn\u00e9es sur nos sites et applications \u00e0 des fins de personnalisation et de ciblage publicitaire.<\/p>\n<p class=\"consentModule_secondaryText\">Vous gardez la possibilit\u00e9 de retirer votre consentement \u00e0 tout moment en consultant notre <a href=\"https:\/\/www.dna.fr\/protection-des-donnees\" target=\"_blank\" title=\"Consulter notre politique de protection des donn\u00e9es\" rel=\"nofollow noopener\">politique de protection des donn\u00e9es<\/a>. <br \/>&#13;<br \/>\n            <a href=\"https:\/\/www.dna.fr\/culture-loisirs\/2025\/05\/17\/javascript:Didomi.notice.show()\" class=\"consentModule_cmp\" rel=\"nofollow noopener\" target=\"_blank\">G\u00e9rer mes choix<\/a>&#13;\n        <\/p>\n<p>&#13;<br \/>\n                        J&rsquo;accepte&#13;<br \/>\n            J&rsquo;accepte tous les cookies&#13;\n        <\/p>\n<p>Leur campagne de sensibilisation \u00e0 la n\u00e9cessit\u00e9 de cr\u00e9er une telle maison comprend \u00e9galement un relais v\u00e9lo entre Paris et Monswiller avec le soutien de l\u2019association \u00ab\u00a0La Grande travers\u00e9e\u00a0\u00bb. Un documentaire sera projet\u00e9 jeudi soir 22\u00a0mai au cin\u00e9ma de Saverne, \u00e0 19\u00a0h\u00a030, et le samedi 24\u00a0mai, des marcheurs de Phalsbourg et Saverne rejoindront la salle le Zornhoff \u00e0 Monswiller pour un concert gospel de la chorale C\u0153urs \u00e0 Ch\u0153ur, cr\u00e9\u00e9e par Fabien Fargerel.<\/p>\n<p class=\"note\">Inscriptions \u00e0 la course sur sport krono\u00a0: \u00ab\u00a0Sur les pas de No\u00e9line\u00a0\u00bb. Page Facebook\u00a0: association No\u00e9line en Ch\u0153ur\u00a0; Caroline Fargerel 06\u00a010\u00a041\u00a016\u00a094\u00a0; noelineenchoeur@outlook.fr.<\/p>\n","protected":false},"excerpt":{"rendered":"Caroline et Fabien Fargerel ont perdu leur fille No\u00e9line, \u00e2g\u00e9e de 9 ans, en 2019. Elle souffrait d\u2019une&hellip;\n","protected":false},"author":2,"featured_media":106170,"comment_status":"","ping_status":"","sticky":false,"template":"","format":"standard","meta":{"footnotes":""},"categories":[2820],"tags":[1111,11,2389,2649,1687,2880,1777,674,107,1011,27,775,12,25,640,2879],"class_list":{"0":"post-106169","1":"post","2":"type-post","3":"status-publish","4":"format-standard","5":"has-post-thumbnail","7":"category-strasbourg","8":"tag-actu","9":"tag-actualites","10":"tag-alsace","11":"tag-bas-rhin","12":"tag-culture-loisirs","13":"tag-edition-strasbourg","14":"tag-eu","15":"tag-europe","16":"tag-fil-info","17":"tag-fr","18":"tag-france","19":"tag-grand-est","20":"tag-news","21":"tag-republique-francaise","22":"tag-strasbourg","23":"tag-strasbourg-ville"},"share_on_mastodon":{"url":"https:\/\/pubeurope.com\/@fr\/114521427406541836","error":""},"_links":{"self":[{"href":"https:\/\/www.europesays.com\/fr\/wp-json\/wp\/v2\/posts\/106169","targetHints":{"allow":["GET"]}}],"collection":[{"href":"https:\/\/www.europesays.com\/fr\/wp-json\/wp\/v2\/posts"}],"about":[{"href":"https:\/\/www.europesays.com\/fr\/wp-json\/wp\/v2\/types\/post"}],"author":[{"embeddable":true,"href":"https:\/\/www.europesays.com\/fr\/wp-json\/wp\/v2\/users\/2"}],"replies":[{"embeddable":true,"href":"https:\/\/www.europesays.com\/fr\/wp-json\/wp\/v2\/comments?post=106169"}],"version-history":[{"count":0,"href":"https:\/\/www.europesays.com\/fr\/wp-json\/wp\/v2\/posts\/106169\/revisions"}],"wp:featuredmedia":[{"embeddable":true,"href":"https:\/\/www.europesays.com\/fr\/wp-json\/wp\/v2\/media\/106170"}],"wp:attachment":[{"href":"https:\/\/www.europesays.com\/fr\/wp-json\/wp\/v2\/media?parent=106169"}],"wp:term":[{"taxonomy":"category","embeddable":true,"href":"https:\/\/www.europesays.com\/fr\/wp-json\/wp\/v2\/categories?post=106169"},{"taxonomy":"post_tag","embeddable":true,"href":"https:\/\/www.europesays.com\/fr\/wp-json\/wp\/v2\/tags?post=106169"}],"curies":[{"name":"wp","href":"https:\/\/api.w.org\/{rel}","templated":true}]}}