{"id":106177,"date":"2025-05-17T05:07:12","date_gmt":"2025-05-17T05:07:12","guid":{"rendered":"https:\/\/www.europesays.com\/fr\/106177\/"},"modified":"2025-05-17T05:07:12","modified_gmt":"2025-05-17T05:07:12","slug":"a-nantes-le-marche-immobilier-patine","status":"publish","type":"post","link":"https:\/\/www.europesays.com\/fr\/106177\/","title":{"rendered":"A Nantes, le march\u00e9 immobilier patine"},"content":{"rendered":"<p>                          <img loading=\"lazy\" decoding=\"async\" src=\"https:\/\/www.europesays.com\/fr\/wp-content\/uploads\/2025\/05\/bdf485c_sirius-fs-upload-1-ggxu2vkb3eo3-1746775912874-000-34xf693.jpg\" alt=\"A Nantes, pr\u00e8s de la cath\u00e9drale, le 12\u00a0juin\u00a02024.\"  width=\"664\" height=\"443\"\/>    A Nantes, pr\u00e8s de la cath\u00e9drale, le 12\u00a0juin\u00a02024.  LOIC VENANCE \/ AFP                <\/p>\n<p class=\"article__paragraph  \">Le moral des agents immobiliers nantais est en berne. Pourtant, avec son ch\u00e2teau embl\u00e9matique, ses bords de Loire, ses rendez-vous culturels, comme La Folle Journ\u00e9e ou Les Machines de l\u2019\u00eele, Nantes (325\u00a0000 habitants) a de quoi s\u00e9duire. A deux heures de Paris en TGV et \u00e0 moins d\u2019une heure du littoral, la ville a m\u00eame \u00e9t\u00e9 pr\u00e9sent\u00e9e comme l\u2019une des plus agr\u00e9ables d\u2019Europe par le magazine Time en\u00a02004.<\/p>\n<p class=\"article__paragraph  \">Cette attractivit\u00e9 a contribu\u00e9 \u00e0 faire monter les prix\u00a0de l\u2019immobilier, avec une hausse de 27\u00a0% ces dix derni\u00e8res ann\u00e9es, selon le site d\u2019estimation et d\u2019annonces Meilleurs Agents. \u00ab\u00a0Tous les biens immobiliers se vendaient et le Covid-19 nous a amen\u00e9 des TGV entiers de Parisiens qui voulaient s\u2019installer \u00e0 Nantes\u00a0\u00bb, explique Pascal Di Domenico, directeur d\u2019agences chez Era.<\/p>\n<p>                              Lire aussi |  Article r\u00e9serv\u00e9 \u00e0 nos abonn\u00e9s  <a href=\"https:\/\/www.lemonde.fr\/argent\/article\/2025\/03\/13\/marche-immobilier-l-embellie-est-fragile_6579912_1657007.html\" class=\"js-article-read-also catcher--favoris__link\" data-premium=\"1\" id=\"article-title-3412798\" rel=\"nofollow noopener\" target=\"_blank\">March\u00e9 immobilier\u00a0: l\u2019embellie est fragile<\/a>    <\/p>\n<p>   Lire plus tard  <\/p>\n<p class=\"article__paragraph  \">Pour autant, depuis 2022, le march\u00e9 s\u2019est bloqu\u00e9 et ne semble pas red\u00e9marrer, contrairement \u00e0 <a href=\"https:\/\/www.lemonde.fr\/argent\/article\/2022\/07\/04\/saint-nazaire-un-marche-tendu-mais-qui-reste-accessible_6133202_1657007.html\" rel=\"nofollow noopener\" target=\"_blank\">d\u2019autres villes de la r\u00e9gion<\/a>, notamment celles situ\u00e9es sur le littoral. Les prix nantais ont pourtant diminu\u00e9 ces derni\u00e8res ann\u00e9es\u00a0: \u2013 15\u00a0% ces deux derni\u00e8res ann\u00e9es, selon Meilleurs Agents, mais \u00ab\u00a0par endroits, la baisse atteint 20\u00a0%\u00a0\u00bb, pr\u00e9cise Stanley Kollen, conseiller IAD \u00e0 Nantes. Les prix moyens se situent d\u00e9sormais sous les 3\u00a0500\u00a0euros du m\u00e8tre carr\u00e9 pour les appartements et autour de 4\u00a0000\u00a0euros du m\u00e8tre carr\u00e9 pour les maisons.<\/p>\n<p class=\"reading-mode-only \"><strong>Il vous reste 70.38% de cet article \u00e0 lire. La suite est r\u00e9serv\u00e9e aux abonn\u00e9s.<\/strong><\/p>\n","protected":false},"excerpt":{"rendered":"A Nantes, pr\u00e8s de la cath\u00e9drale, le 12\u00a0juin\u00a02024. LOIC VENANCE \/ AFP Le moral des agents immobiliers nantais&hellip;\n","protected":false},"author":2,"featured_media":106178,"comment_status":"","ping_status":"","sticky":false,"template":"","format":"standard","meta":{"footnotes":""},"categories":[2818],"tags":[1111,11,1777,674,1011,27,766,12,2636,25],"class_list":{"0":"post-106177","1":"post","2":"type-post","3":"status-publish","4":"format-standard","5":"has-post-thumbnail","7":"category-nantes","8":"tag-actu","9":"tag-actualites","10":"tag-eu","11":"tag-europe","12":"tag-fr","13":"tag-france","14":"tag-nantes","15":"tag-news","16":"tag-pays-de-la-loire","17":"tag-republique-francaise"},"share_on_mastodon":{"url":"https:\/\/pubeurope.com\/@fr\/114521443289039474","error":""},"_links":{"self":[{"href":"https:\/\/www.europesays.com\/fr\/wp-json\/wp\/v2\/posts\/106177","targetHints":{"allow":["GET"]}}],"collection":[{"href":"https:\/\/www.europesays.com\/fr\/wp-json\/wp\/v2\/posts"}],"about":[{"href":"https:\/\/www.europesays.com\/fr\/wp-json\/wp\/v2\/types\/post"}],"author":[{"embeddable":true,"href":"https:\/\/www.europesays.com\/fr\/wp-json\/wp\/v2\/users\/2"}],"replies":[{"embeddable":true,"href":"https:\/\/www.europesays.com\/fr\/wp-json\/wp\/v2\/comments?post=106177"}],"version-history":[{"count":0,"href":"https:\/\/www.europesays.com\/fr\/wp-json\/wp\/v2\/posts\/106177\/revisions"}],"wp:featuredmedia":[{"embeddable":true,"href":"https:\/\/www.europesays.com\/fr\/wp-json\/wp\/v2\/media\/106178"}],"wp:attachment":[{"href":"https:\/\/www.europesays.com\/fr\/wp-json\/wp\/v2\/media?parent=106177"}],"wp:term":[{"taxonomy":"category","embeddable":true,"href":"https:\/\/www.europesays.com\/fr\/wp-json\/wp\/v2\/categories?post=106177"},{"taxonomy":"post_tag","embeddable":true,"href":"https:\/\/www.europesays.com\/fr\/wp-json\/wp\/v2\/tags?post=106177"}],"curies":[{"name":"wp","href":"https:\/\/api.w.org\/{rel}","templated":true}]}}