{"id":106179,"date":"2025-05-17T05:08:16","date_gmt":"2025-05-17T05:08:16","guid":{"rendered":"https:\/\/www.europesays.com\/fr\/106179\/"},"modified":"2025-05-17T05:08:16","modified_gmt":"2025-05-17T05:08:16","slug":"les-musees-de-bordeaux-touchent-du-doigt-les-publics-porteurs-de-handicaps","status":"publish","type":"post","link":"https:\/\/www.europesays.com\/fr\/106179\/","title":{"rendered":"Les mus\u00e9es de Bordeaux touchent du doigt les publics porteurs de handicaps"},"content":{"rendered":"<p class=\"wp-block-post-excerpt__excerpt\">\u00c0 Bordeaux, l\u2019inclusion trouve sa place dans les mus\u00e9es. Des dispositifs sensoriels innovants, une signal\u00e9tique inclusive ou encore des espaces pens\u00e9s pour les personnes neuroatypiques, traduisent une volont\u00e9 d\u2019am\u00e9liorer l\u2019accessibilit\u00e9 aux publics. Parfois on y arrive avec trois fois rien, et surtout beaucoup d\u2019imagination. <\/p>\n<p><a href=\"https:\/\/rue89bordeaux.com\/category\/kiosque-abonne\/\" rel=\"tag nofollow noopener\" target=\"_blank\">\u00c9dition abonn\u00e9s<\/a>, <a href=\"https:\/\/rue89bordeaux.com\/category\/reportage\/\" rel=\"tag nofollow noopener\" target=\"_blank\">Reportage<\/a><\/p>\n<p>Walid Salem<\/p>\n<p>Publi\u00e9 le 17 mai 2025\u00a0\u00a0\u00b7\u00a0\u00a0<\/p>\n<p>Imprim\u00e9 le 17 mai 2025 \u00e0 07h08\u00a0\u00a0\u00b7\u00a0\u00a0<\/p>\n<p>\t\t\t\t\t7\u00a0minutes\n<\/p>\n<p>Pour la troisi\u00e8me ann\u00e9e, la Nuit des mus\u00e9es \u00e0 Bordeaux propose un programme 100 % FALC \u2013 facile \u00e0 lire et \u00e0 comprendre. Pens\u00e9 pour les personnes en situation de handicap, dyslexiques, \u00e2g\u00e9es ou ma\u00eetrisant mal le fran\u00e7ais, ce format profite \u00e0 tous gr\u00e2ce \u00e0 des pictogrammes, phrases courtes, l\u00e9gendes simples.<\/p>\n<p>Olivier Escots, adjoint au maire charg\u00e9 du handicap et de l\u2019accessibilit\u00e9, d\u00e9fend une approche o\u00f9 l\u2019inclusion est un principe structurant de toutes les politiques publiques : <\/p>\n<blockquote class=\"wp-block-quote is-layout-flow wp-block-quote-is-layout-flow\">\n<p>\u00ab\u00a0Le plan handicap de la ville, qui avait \u00e9t\u00e9 vot\u00e9 en f\u00e9vrier 2022, a \u00e9t\u00e9 pens\u00e9 pour qu\u2019il ne soit pas port\u00e9 uniquement par ma d\u00e9l\u00e9gation et par l\u2019\u00e9quipe de la mission handicap, mais bien par l\u2019ensemble des politiques publiques. Certains objectifs sont crois\u00e9s avec ceux d\u2019autres feuilles de route, comme celles d\u00e9di\u00e9es \u00e0 la culture ou au sport\u2026\u00a0\u00bb<\/p>\n<\/blockquote>\n<p>Comprendre donc que l\u2019inclusion n\u2019est pas un \u00ab\u00a0plus\u00a0\u00bb, mais une exigence int\u00e9gr\u00e9e aux projets, jusqu\u2019aux budgets des \u00e9tablissements. Pour un service culturel, l\u2019accessibilit\u00e9 doit \u00eatre pens\u00e9e d\u00e8s la conception de ses projets. Avec un surco\u00fbt ?<\/p>\n<blockquote class=\"wp-block-quote is-layout-flow wp-block-quote-is-layout-flow\">\n<p>\u00ab\u00a0Sur certains dispositifs, il peut y en avoir. Mais dans les projets, c\u2019est aux \u00e9tablissements de prendre en compte les actions inclusives et de faire des propositions. Que ce soit avec des dispositifs, ou dans la fa\u00e7on dont les expositions sont pr\u00e9sent\u00e9es.\u00a0\u00bb<\/p>\n<\/blockquote>\n<p>\t\tA moindre co\u00fbt<\/p>\n<p>Dans la derni\u00e8re exposition pr\u00e9sent\u00e9e au Mus\u00e9e d\u2019Aquitaine, Le Monde d\u2019apr\u00e8s, consacr\u00e9e \u00e0 la p\u00e9riode de l\u2019imm\u00e9diat apr\u00e8s-guerre (1944-1954), Nicolas Caraty, m\u00e9diateur malvoyant, a imagin\u00e9 un parcours accessible malgr\u00e9 un budget contraint.<\/p>\n<p><img loading=\"lazy\" decoding=\"async\" width=\"480\" height=\"480\" src=\"https:\/\/www.europesays.com\/fr\/wp-content\/uploads\/2025\/04\/23-paywall.png\" alt=\"Abonnez-vous\" class=\"wp-image-128439\" style=\"aspect-ratio:1;width:210px;height:auto\"  \/><\/p>\n<p>Cet article fait partie de l\u2019\u00e9dition abonn\u00e9s. Pour lire la suite, profitez d\u2019une offre d\u00e9couverte \u00e0 1\u20ac.<\/p>\n<p class=\"has-gray-700-color has-text-color has-medium-font-size\">Contribuez \u00e0 consolider un m\u00e9dia ind\u00e9pendant \u00e0 Bordeaux, en capacit\u00e9 d\u2019enqu\u00eater sur les enjeux locaux.<\/p>\n<p>\t\t\t<a href=\"https:\/\/rue89bordeaux.com\/\" class=\"custom-logo-link\" rel=\"home nofollow noopener\" target=\"_blank\"><img loading=\"lazy\" decoding=\"async\" width=\"290\" height=\"49\" src=\"https:\/\/www.europesays.com\/fr\/wp-content\/uploads\/2025\/04\/logo.png\" class=\"custom-logo\" alt=\"Rue89Bordeaux Enqu\u00eates et informations de proximit\u00e9\"  \/><\/a><\/p>\n<p>\n\t\t\t\tAbonnez-vous maintenant pour suivre l\u2019actualit\u00e9 locale.\t\t\t<\/p>\n<p class=\"font-bold font-serif-heading mb-2 text-4xl\">\n\t\t\t\t\t\tL\u2019investigation locale \u00e0 port\u00e9e de main.\n\t\t\t\t\t<\/p>\n<p>\n\t\t\t\t\t\tAbonnez-vous et profitez d\u2019un acc\u00e8s illimit\u00e9 \u00e0 Rue89Bordeaux. Annulez quand vous voulez.\n\t\t\t\t\t<\/p>\n<p class=\"xl:text-sm\">\n\t\t\t\t\tD\u00e9j\u00e0 abonn\u00e9\u00a0?<br \/>\n\t\t\t\t\t<a class=\"border border-transparent text-center transition-colors duration-instant focus:border-info focus:rounded focus:shadow-focus cursor-pointer text-black hover:text-gray-700 active:bg-black-700 font-semibold inline-block\" href=\"https:\/\/rue89bordeaux.com\/user\/login\/?redirect=\/2025\/05\/les-musees-de-bordeaux-touchent-du-doigt-les-publics-porteurs-de-handicaps\/\" rel=\"nofollow noopener\" target=\"_blank\">Connectez-vous<\/a>\t\t\t\t<\/p>\n<p>\n\t\t\t\tChoisissez votre formule\u00a0:\n\t\t\t<\/p>\n<p>\t\t\t\tFermer<\/p>\n","protected":false},"excerpt":{"rendered":"\u00c0 Bordeaux, l\u2019inclusion trouve sa place dans les mus\u00e9es. Des dispositifs sensoriels innovants, une signal\u00e9tique inclusive ou encore&hellip;\n","protected":false},"author":2,"featured_media":106180,"comment_status":"","ping_status":"","sticky":false,"template":"","format":"standard","meta":{"footnotes":""},"categories":[2817],"tags":[1111,11,1997,251,1777,674,1011,27,1943,12,2219,21571,25],"class_list":{"0":"post-106179","1":"post","2":"type-post","3":"status-publish","4":"format-standard","5":"has-post-thumbnail","7":"category-bordeaux","8":"tag-actu","9":"tag-actualites","10":"tag-bordeaux","11":"tag-culture","12":"tag-eu","13":"tag-europe","14":"tag-fr","15":"tag-france","16":"tag-handicap","17":"tag-news","18":"tag-nouvelle-aquitaine","19":"tag-nuit-des-musees","20":"tag-republique-francaise"},"share_on_mastodon":{"url":"https:\/\/pubeurope.com\/@fr\/114521447088388368","error":""},"_links":{"self":[{"href":"https:\/\/www.europesays.com\/fr\/wp-json\/wp\/v2\/posts\/106179","targetHints":{"allow":["GET"]}}],"collection":[{"href":"https:\/\/www.europesays.com\/fr\/wp-json\/wp\/v2\/posts"}],"about":[{"href":"https:\/\/www.europesays.com\/fr\/wp-json\/wp\/v2\/types\/post"}],"author":[{"embeddable":true,"href":"https:\/\/www.europesays.com\/fr\/wp-json\/wp\/v2\/users\/2"}],"replies":[{"embeddable":true,"href":"https:\/\/www.europesays.com\/fr\/wp-json\/wp\/v2\/comments?post=106179"}],"version-history":[{"count":0,"href":"https:\/\/www.europesays.com\/fr\/wp-json\/wp\/v2\/posts\/106179\/revisions"}],"wp:featuredmedia":[{"embeddable":true,"href":"https:\/\/www.europesays.com\/fr\/wp-json\/wp\/v2\/media\/106180"}],"wp:attachment":[{"href":"https:\/\/www.europesays.com\/fr\/wp-json\/wp\/v2\/media?parent=106179"}],"wp:term":[{"taxonomy":"category","embeddable":true,"href":"https:\/\/www.europesays.com\/fr\/wp-json\/wp\/v2\/categories?post=106179"},{"taxonomy":"post_tag","embeddable":true,"href":"https:\/\/www.europesays.com\/fr\/wp-json\/wp\/v2\/tags?post=106179"}],"curies":[{"name":"wp","href":"https:\/\/api.w.org\/{rel}","templated":true}]}}