{"id":106183,"date":"2025-05-17T05:10:08","date_gmt":"2025-05-17T05:10:08","guid":{"rendered":"https:\/\/www.europesays.com\/fr\/106183\/"},"modified":"2025-05-17T05:10:08","modified_gmt":"2025-05-17T05:10:08","slug":"annonce-depuis-plusieurs-annees-un-cafe-joyeux-va-ouvrir-a-toulouse-en-2026-les-travaux-ont-debute","status":"publish","type":"post","link":"https:\/\/www.europesays.com\/fr\/106183\/","title":{"rendered":"Annonc\u00e9 depuis plusieurs ann\u00e9es, un Caf\u00e9 Joyeux va ouvrir \u00e0 Toulouse en 2026 : les travaux ont d\u00e9but\u00e9"},"content":{"rendered":"<p>            Par<br \/>\n        <strong><br \/>\n            <a href=\"https:\/\/actu.fr\/auteur\/lucie-2\" title=\"Consulter tous les articles de Lucie Fraisse\" target=\"_blank\" rel=\"noopener\">Lucie Fraisse<\/a><br \/>\n        <\/strong><\/p>\n<p>        Publi\u00e9 le<\/p>\n<p>            17 mai 2025 \u00e0 6h42        <\/p>\n<p>Il \u00e9tait <strong>annonc\u00e9 depuis plusieurs ann\u00e9es<\/strong> et le projet se concr\u00e9tise enfin. Un <a href=\"https:\/\/www.cafejoyeux.com\/fr\/content\/7-notre-mission\" target=\"_blank\" rel=\"noopener\">Caf\u00e9 Joyeux<\/a>, caf\u00e9-restaurant solidaire employant et formant des personnes en situation de handicap, doit ouvrir \u00e0 <a href=\"https:\/\/actu.fr\/toulouse\/\" target=\"_blank\" rel=\"noopener\">Toulouse<\/a>, dans les mois \u00e0 venir. Ce sera alors le 34\u1d49 \u00e9tablissement ouvert par Caf\u00e9 Joyeux, avec des adresses en France et \u00e0 l\u2019international.<\/p>\n<p>En face du march\u00e9 des Carmes<\/p>\n<p class=\" wall-content\">Les travaux viennent de commencer au num\u00e9ro\u00a018 de la place des Carmes, juste en face du march\u00e9 couvert et du parking et \u00e0 proximit\u00e9 de l\u2019embl\u00e9matique Caf\u00e9 du Matin.<\/p>\n<p>    <a href=\"https:\/\/www.google.com\/maps\/embed?pb=!1m18!1m12!1m3!1d2889.4050659817935!2d1.442094477303828!3d43.5981069559908!2m3!1f0!2f0!3f0!3m2!1i1024!2i768!4f13.1!3m3!1m2!1s0x12aebc829352f16f%3A0x37364b31d7efd22b!2s18%20Pl.%20des%20Carmes%2C%2031000%20Toulouse!5e0!3m2!1sfr!2sfr!4v1747303255264!5m2!1sfr!2sfr\" title=\"Ouvrie le lien\" target=\"_blank\" rel=\"noopener\">Cliquez ici pour visualiser le contenu<\/a><\/p>\n<p class=\" wall-content\">Le Caf\u00e9 Joyeux se tiendra l\u00e0 o\u00f9 se trouvait auparavant l\u2019enseigne <strong>Carmes Nature<\/strong>. L\u2019ensemble de l\u2019immeuble a \u00e9t\u00e9 rachet\u00e9\u2009: si l\u2019id\u00e9e de faire un h\u00f4tel-restaurant-caf\u00e9 Joyeux avait \u00e9t\u00e9 un temps \u00e9voqu\u00e9e, les \u00e9quipes ont finalement resserr\u00e9 le projet sur le rez-de-chauss\u00e9e et donc uniquement le caf\u00e9-restaurant.<\/p>\n<p>Ouverture envisag\u00e9e pour le d\u00e9but de l\u2019ann\u00e9e 2026<\/p>\n<p class=\" wall-content\">Les appartements situ\u00e9s dans les \u00e9tages sont cependant bien en cours de r\u00e9novation. Seront-ils mis \u00e0 la location\u2009? R\u00e9serv\u00e9s aux salari\u00e9s du Caf\u00e9\u2009? Leur devenir \u00e0 ce stade n\u2019a pas encore \u00e9t\u00e9 tranch\u00e9.<\/p>\n<p class=\" wall-content\">\u00ab\u2009Il y a beaucoup de travaux, donc on prend le temps, explique la charg\u00e9e de communication de l\u2019enseigne. On vise une ouverture pour le d\u00e9but de l\u2019ann\u00e9e 2026, si on le peut, ce sera avant.\u2009\u00bb<\/p>\n<p>Vid\u00e9os : en ce moment sur ActuPas de recrutements avant plusieurs mois<\/p>\n<p class=\" wall-content\">Le premier Caf\u00e9 Joyeux a ouvert en 2007. Avec l\u2019id\u00e9e de d\u00e9velopper une famille de caf\u00e9s-restaurants pour recruter et former des personnes en situation de handicap mental et cognitif. Attention, m\u00eame si l\u2019annonce de l\u2019ouverture future de l\u2019\u00e9tablissement toulousain est faite, les op\u00e9rations de recrutement ne devraient pas d\u00e9buter avant plusieurs mois.<\/p>\n<p class=\" wall-content\">Suivez toute l\u2019actualit\u00e9 de vos villes et m\u00e9dias favoris en vous inscrivant \u00e0 <a href=\"https:\/\/moncompte.actu.fr\" title=\"D\u00e9couvez Mon Actu\" rel=\"nofollow noopener\" data-trk=\"{&quot;cta&quot;:{&quot;action&quot;:&quot;https:\\\/\\\/moncompte.actu.fr&quot;,&quot;category&quot;:&quot;mon compte&quot;,&quot;from&quot;:&quot;article footer&quot;,&quot;name&quot;:&quot;Mon actu&quot;,&quot;type&quot;:&quot;cta&quot;}}\" target=\"_blank\">Mon Actu<\/a>.<\/p>\n<ul class=\"ac-article-tag wall-content\">\n<li><a href=\"https:\/\/actu.fr\/tag\/commerce\" data-trk=\"{&quot;cta&quot;:{&quot;action&quot;:&quot;Commerce&quot;,&quot;category&quot;:&quot;tag&quot;,&quot;from&quot;:&quot;article footer&quot;,&quot;name&quot;:&quot;Commerce&quot;,&quot;type&quot;:&quot;cta&quot;}}\" target=\"_blank\" rel=\"noopener\">#Commerce<\/a><\/li>\n<li><a href=\"https:\/\/actu.fr\/tag\/nouveaux-commerces-a-toulouse\" data-trk=\"{&quot;cta&quot;:{&quot;action&quot;:&quot;Nouveaux commerces \\u00e0 Toulouse&quot;,&quot;category&quot;:&quot;tag&quot;,&quot;from&quot;:&quot;article footer&quot;,&quot;name&quot;:&quot;Nouveaux commerces \\u00e0 Toulouse&quot;,&quot;type&quot;:&quot;cta&quot;}}\" target=\"_blank\" rel=\"noopener\">#Nouveaux commerces \u00e0 Toulouse<\/a><\/li>\n<\/ul>\n","protected":false},"excerpt":{"rendered":"Par Lucie Fraisse Publi\u00e9 le 17 mai 2025 \u00e0 6h42 Il \u00e9tait annonc\u00e9 depuis plusieurs ann\u00e9es et le&hellip;\n","protected":false},"author":2,"featured_media":106184,"comment_status":"","ping_status":"","sticky":false,"template":"","format":"standard","meta":{"footnotes":""},"categories":[2816],"tags":[1111,11,215,1777,674,1011,27,12,2849,2680,25,104,2312],"class_list":{"0":"post-106183","1":"post","2":"type-post","3":"status-publish","4":"format-standard","5":"has-post-thumbnail","7":"category-toulouse","8":"tag-actu","9":"tag-actualites","10":"tag-commerce","11":"tag-eu","12":"tag-europe","13":"tag-fr","14":"tag-france","15":"tag-news","16":"tag-nouveaux-commerces-a-toulouse","17":"tag-occitanie","18":"tag-republique-francaise","19":"tag-societe","20":"tag-toulouse"},"share_on_mastodon":{"url":"https:\/\/pubeurope.com\/@fr\/114521454919201955","error":""},"_links":{"self":[{"href":"https:\/\/www.europesays.com\/fr\/wp-json\/wp\/v2\/posts\/106183","targetHints":{"allow":["GET"]}}],"collection":[{"href":"https:\/\/www.europesays.com\/fr\/wp-json\/wp\/v2\/posts"}],"about":[{"href":"https:\/\/www.europesays.com\/fr\/wp-json\/wp\/v2\/types\/post"}],"author":[{"embeddable":true,"href":"https:\/\/www.europesays.com\/fr\/wp-json\/wp\/v2\/users\/2"}],"replies":[{"embeddable":true,"href":"https:\/\/www.europesays.com\/fr\/wp-json\/wp\/v2\/comments?post=106183"}],"version-history":[{"count":0,"href":"https:\/\/www.europesays.com\/fr\/wp-json\/wp\/v2\/posts\/106183\/revisions"}],"wp:featuredmedia":[{"embeddable":true,"href":"https:\/\/www.europesays.com\/fr\/wp-json\/wp\/v2\/media\/106184"}],"wp:attachment":[{"href":"https:\/\/www.europesays.com\/fr\/wp-json\/wp\/v2\/media?parent=106183"}],"wp:term":[{"taxonomy":"category","embeddable":true,"href":"https:\/\/www.europesays.com\/fr\/wp-json\/wp\/v2\/categories?post=106183"},{"taxonomy":"post_tag","embeddable":true,"href":"https:\/\/www.europesays.com\/fr\/wp-json\/wp\/v2\/tags?post=106183"}],"curies":[{"name":"wp","href":"https:\/\/api.w.org\/{rel}","templated":true}]}}