{"id":106189,"date":"2025-05-17T05:15:14","date_gmt":"2025-05-17T05:15:14","guid":{"rendered":"https:\/\/www.europesays.com\/fr\/106189\/"},"modified":"2025-05-17T05:15:14","modified_gmt":"2025-05-17T05:15:14","slug":"comment-suivre-en-direct-le-dernier-match-de-lom-cette-saison","status":"publish","type":"post","link":"https:\/\/www.europesays.com\/fr\/106189\/","title":{"rendered":"comment suivre en direct le dernier match de l&rsquo;OM cette saison\u00a0?"},"content":{"rendered":"<p>            Par<br \/>\n        <strong><br \/>\n            <a href=\"https:\/\/actu.fr\/auteur\/thibault-nadal-actu-fr\" title=\"Consulter tous les articles de Thibault Nadal\" target=\"_blank\" rel=\"noopener\">Thibault Nadal<\/a><br \/>\n        <\/strong><\/p>\n<p>        Publi\u00e9 le<\/p>\n<p>            17 mai 2025 \u00e0 6h44        <\/p>\n<p>Une derni\u00e8re soir\u00e9e festive en perspective. Ce samedi 17\u00a0mai 2025, <a href=\"https:\/\/actu.fr\/tag\/olympique-de-marseille-om\" target=\"_blank\" rel=\"noopener\">l\u2019Olympique de Marseille<\/a> re\u00e7oit le stade Rennais pour la 34e et derni\u00e8re journ\u00e9e de Ligue\u00a01. Pour cette rencontre au <a href=\"https:\/\/actu.fr\/tag\/stade-velodrome\" target=\"_blank\" rel=\"noopener\">stade V\u00e9lodrome<\/a> (8e), les supporters auront \u00e0 c\u0153ur de c\u00e9l\u00e9brer les joueurs qui ont <strong>brillamment obtenu leur qualification<\/strong> pour la prochaine \u00e9dition de <a href=\"https:\/\/actu.fr\/tag\/ligue-des-champions\" target=\"_blank\" rel=\"noopener\">la Ligue des champions<\/a>.<\/p>\n<p>Encore un petit enjeu<\/p>\n<p class=\" wall-content\">Si la soir\u00e9e est \u00e0 la f\u00eate, les joueurs de Roberto De Zerbi devront tout de m\u00eame faire le boulot sur le terrain. Deuxi\u00e8mes avec 63 points, les Olympiens peuvent encore \u00eatre doubl\u00e9s par Monaco au classement.<\/p>\n<p class=\" wall-content\">Finir deuxi\u00e8me peut sembler anecdotique, mais cela offrirait la possibilit\u00e9 de <strong>remporter un troph\u00e9e la saison prochaine.<\/strong> Chose qui n\u2019est pas arriv\u00e9e depuis 2012 \u00e0 Marseille. En effet, en cas de victoire du PSG en finale de la Coupe de France, l\u2019OM disputerait <strong>le troph\u00e9e des Champions<\/strong> face au club parisien.<\/p>\n<p>La rencontre entre l\u2019Olympique de Marseille et le stade Rennais sera \u00e0 suivre ce samedi 17\u00a0mai 2025 sur la plateforme DAZN dans le cadre du multiplex. Comme la semaine derni\u00e8re, un canal devrait permettre de suivre uniquement cette rencontre.<\/p>\n<p class=\" wall-content\">Suivez toute l\u2019actualit\u00e9 de vos villes et m\u00e9dias favoris en vous inscrivant \u00e0 <a href=\"https:\/\/moncompte.actu.fr\" title=\"D\u00e9couvez Mon Actu\" rel=\"nofollow noopener\" data-trk=\"{&quot;cta&quot;:{&quot;action&quot;:&quot;https:\\\/\\\/moncompte.actu.fr&quot;,&quot;category&quot;:&quot;mon compte&quot;,&quot;from&quot;:&quot;article footer&quot;,&quot;name&quot;:&quot;Mon actu&quot;,&quot;type&quot;:&quot;cta&quot;}}\" target=\"_blank\">Mon Actu<\/a>.<\/p>\n<ul class=\"ac-article-tag wall-content\">\n<li><a href=\"https:\/\/actu.fr\/tag\/olympique-de-marseille-om\" data-trk=\"{&quot;cta&quot;:{&quot;action&quot;:&quot;Olympique de Marseille (OM)&quot;,&quot;category&quot;:&quot;tag&quot;,&quot;from&quot;:&quot;article footer&quot;,&quot;name&quot;:&quot;Olympique de Marseille (OM)&quot;,&quot;type&quot;:&quot;cta&quot;}}\" target=\"_blank\" rel=\"noopener\">#Olympique de Marseille (OM)<\/a><\/li>\n<li><a href=\"https:\/\/actu.fr\/tag\/stade-velodrome\" data-trk=\"{&quot;cta&quot;:{&quot;action&quot;:&quot;Stade V\\u00e9lodrome&quot;,&quot;category&quot;:&quot;tag&quot;,&quot;from&quot;:&quot;article footer&quot;,&quot;name&quot;:&quot;Stade V\\u00e9lodrome&quot;,&quot;type&quot;:&quot;cta&quot;}}\" target=\"_blank\" rel=\"noopener\">#Stade V\u00e9lodrome<\/a><\/li>\n<\/ul>\n","protected":false},"excerpt":{"rendered":"Par Thibault Nadal Publi\u00e9 le 17 mai 2025 \u00e0 6h44 Une derni\u00e8re soir\u00e9e festive en perspective. Ce samedi&hellip;\n","protected":false},"author":2,"featured_media":106190,"comment_status":"","ping_status":"","sticky":false,"template":"","format":"standard","meta":{"footnotes":""},"categories":[2814],"tags":[1111,11,1777,674,63,1011,27,884,12,2333,882,25,60,1280],"class_list":{"0":"post-106189","1":"post","2":"type-post","3":"status-publish","4":"format-standard","5":"has-post-thumbnail","7":"category-marseille","8":"tag-actu","9":"tag-actualites","10":"tag-eu","11":"tag-europe","12":"tag-football","13":"tag-fr","14":"tag-france","15":"tag-marseille","16":"tag-news","17":"tag-olympique-de-marseille-om","18":"tag-provence-alpes-cote-dazur","19":"tag-republique-francaise","20":"tag-sports","21":"tag-stade-velodrome"},"share_on_mastodon":{"url":"https:\/\/pubeurope.com\/@fr\/114521474607313647","error":""},"_links":{"self":[{"href":"https:\/\/www.europesays.com\/fr\/wp-json\/wp\/v2\/posts\/106189","targetHints":{"allow":["GET"]}}],"collection":[{"href":"https:\/\/www.europesays.com\/fr\/wp-json\/wp\/v2\/posts"}],"about":[{"href":"https:\/\/www.europesays.com\/fr\/wp-json\/wp\/v2\/types\/post"}],"author":[{"embeddable":true,"href":"https:\/\/www.europesays.com\/fr\/wp-json\/wp\/v2\/users\/2"}],"replies":[{"embeddable":true,"href":"https:\/\/www.europesays.com\/fr\/wp-json\/wp\/v2\/comments?post=106189"}],"version-history":[{"count":0,"href":"https:\/\/www.europesays.com\/fr\/wp-json\/wp\/v2\/posts\/106189\/revisions"}],"wp:featuredmedia":[{"embeddable":true,"href":"https:\/\/www.europesays.com\/fr\/wp-json\/wp\/v2\/media\/106190"}],"wp:attachment":[{"href":"https:\/\/www.europesays.com\/fr\/wp-json\/wp\/v2\/media?parent=106189"}],"wp:term":[{"taxonomy":"category","embeddable":true,"href":"https:\/\/www.europesays.com\/fr\/wp-json\/wp\/v2\/categories?post=106189"},{"taxonomy":"post_tag","embeddable":true,"href":"https:\/\/www.europesays.com\/fr\/wp-json\/wp\/v2\/tags?post=106189"}],"curies":[{"name":"wp","href":"https:\/\/api.w.org\/{rel}","templated":true}]}}