{"id":106193,"date":"2025-05-17T05:17:08","date_gmt":"2025-05-17T05:17:08","guid":{"rendered":"https:\/\/www.europesays.com\/fr\/106193\/"},"modified":"2025-05-17T05:17:08","modified_gmt":"2025-05-17T05:17:08","slug":"ce-bar-festif-deja-bien-connu-sinstalle-en-plein-coeur-de-la-rue-merciere","status":"publish","type":"post","link":"https:\/\/www.europesays.com\/fr\/106193\/","title":{"rendered":"ce bar festif d\u00e9j\u00e0 bien connu s&rsquo;installe en plein c\u0153ur de la rue Merci\u00e8re"},"content":{"rendered":"<p>            Par<br \/>\n        <strong><br \/>\n            <a href=\"https:\/\/actu.fr\/auteur\/ludivine-caporal\" title=\"Consulter tous les articles de Ludivine Caporal\" rel=\"nofollow noopener\" target=\"_blank\">Ludivine Caporal<\/a><br \/>\n        <\/strong><\/p>\n<p>        Publi\u00e9 le<\/p>\n<p>            17 mai 2025 \u00e0 6h52        <\/p>\n<p>Des couleurs flashy, un carrelage retro et de la <strong>musique des ann\u00e9es 80\/90\/2000<\/strong> : bienvenue chez Biniou, le nouveau bar festif de <a href=\"https:\/\/actu.fr\/auvergne-rhone-alpes\/lyon_69123\/lyon-quand-la-rue-des-restaurants-etait-un-haut-lieu-de-la-prostitution_60535134.html\" rel=\"nofollow noopener\" target=\"_blank\">la mythique rue Merci\u00e8re<\/a> dans le 2e arrondissement de <a href=\"https:\/\/actu.fr\/auvergne-rhone-alpes\/lyon_69123\" rel=\"nofollow noopener\" target=\"_blank\">Lyon<\/a>.<\/p>\n<p class=\" wall-content\">L\u2019\u00e9tablissement, d\u00e9j\u00e0 pr\u00e9sent dans le quartier des Brotteaux depuis 2015, vient d\u2019investir <strong>les anciens locaux du Syndicat<\/strong> en mars 2025 et a emport\u00e9 avec lui son concept, ses prix, et tout ce qui fait son succ\u00e8s de l\u2019autre c\u00f4t\u00e9 du Rh\u00f4ne.<\/p>\n<p>Jusqu\u2019\u00e0 3h du matin<\/p>\n<p class=\" wall-content\">Avec une offre de restauration version tapas, le Biniou Merci\u00e8re permet de boire un verre en terrasse et de grignoter un bout \u00e0 partir de 17h avant de s\u2019\u00e9lancer plus tard sur la piste de danse, ouverte jusqu\u2019\u00e0 3h du matin <strong>du mercredi au dimanche.\u00a0<\/strong><\/p>\n<p class=\" wall-content\"><a href=\"https:\/\/www.instagram.com\/p\/DI1RxS2okaU\/embed\" title=\"Ouvrir le lien sur Instagram\" rel=\"nofollow noopener\" target=\"_blank\">Visualiser le contenu sur Instagram<\/a><\/p>\n<p class=\" wall-content\">L\u2019int\u00e9rieur refait \u00e0 neuf, moderne et color\u00e9, est en tout cas bien propice \u00e0 la bonne ambiance et \u00e0 la f\u00eate. Comptez 8 euros pour une pinte de bi\u00e8re, 12 euros pour un cocktail et <strong>14 euros pour une planche<\/strong> de charcuterie ou de fromage.<\/p>\n<p class=\" wall-content\">Suivez toute l\u2019actualit\u00e9 de vos villes et m\u00e9dias favoris en vous inscrivant \u00e0 <a href=\"https:\/\/moncompte.actu.fr\" title=\"D\u00e9couvez Mon Actu\" rel=\"nofollow noopener\" data-trk=\"{&quot;cta&quot;:{&quot;action&quot;:&quot;https:\\\/\\\/moncompte.actu.fr&quot;,&quot;category&quot;:&quot;mon compte&quot;,&quot;from&quot;:&quot;article footer&quot;,&quot;name&quot;:&quot;Mon actu&quot;,&quot;type&quot;:&quot;cta&quot;}}\" target=\"_blank\">Mon Actu<\/a>.<\/p>\n<p>                    <script async src=\"\/\/www.instagram.com\/embed.js\"><\/script><\/p>\n","protected":false},"excerpt":{"rendered":"Par Ludivine Caporal Publi\u00e9 le 17 mai 2025 \u00e0 6h52 Des couleurs flashy, un carrelage retro et de&hellip;\n","protected":false},"author":2,"featured_media":106194,"comment_status":"","ping_status":"","sticky":false,"template":"","format":"standard","meta":{"footnotes":""},"categories":[1889],"tags":[1111,11,2430,1777,674,1011,27,2428,12,2809,25,104],"class_list":{"0":"post-106193","1":"post","2":"type-post","3":"status-publish","4":"format-standard","5":"has-post-thumbnail","7":"category-lyon","8":"tag-actu","9":"tag-actualites","10":"tag-auvergne-rhone-alpes","11":"tag-eu","12":"tag-europe","13":"tag-fr","14":"tag-france","15":"tag-lyon","16":"tag-news","17":"tag-presquile","18":"tag-republique-francaise","19":"tag-societe"},"share_on_mastodon":{"url":"https:\/\/pubeurope.com\/@fr\/114521482633286629","error":""},"_links":{"self":[{"href":"https:\/\/www.europesays.com\/fr\/wp-json\/wp\/v2\/posts\/106193","targetHints":{"allow":["GET"]}}],"collection":[{"href":"https:\/\/www.europesays.com\/fr\/wp-json\/wp\/v2\/posts"}],"about":[{"href":"https:\/\/www.europesays.com\/fr\/wp-json\/wp\/v2\/types\/post"}],"author":[{"embeddable":true,"href":"https:\/\/www.europesays.com\/fr\/wp-json\/wp\/v2\/users\/2"}],"replies":[{"embeddable":true,"href":"https:\/\/www.europesays.com\/fr\/wp-json\/wp\/v2\/comments?post=106193"}],"version-history":[{"count":0,"href":"https:\/\/www.europesays.com\/fr\/wp-json\/wp\/v2\/posts\/106193\/revisions"}],"wp:featuredmedia":[{"embeddable":true,"href":"https:\/\/www.europesays.com\/fr\/wp-json\/wp\/v2\/media\/106194"}],"wp:attachment":[{"href":"https:\/\/www.europesays.com\/fr\/wp-json\/wp\/v2\/media?parent=106193"}],"wp:term":[{"taxonomy":"category","embeddable":true,"href":"https:\/\/www.europesays.com\/fr\/wp-json\/wp\/v2\/categories?post=106193"},{"taxonomy":"post_tag","embeddable":true,"href":"https:\/\/www.europesays.com\/fr\/wp-json\/wp\/v2\/tags?post=106193"}],"curies":[{"name":"wp","href":"https:\/\/api.w.org\/{rel}","templated":true}]}}