{"id":106199,"date":"2025-05-17T05:20:08","date_gmt":"2025-05-17T05:20:08","guid":{"rendered":"https:\/\/www.europesays.com\/fr\/106199\/"},"modified":"2025-05-17T05:20:08","modified_gmt":"2025-05-17T05:20:08","slug":"une-grande-banque-sinstalle-place-du-marche-saint-honore-jusqua-1000-employes-attendus","status":"publish","type":"post","link":"https:\/\/www.europesays.com\/fr\/106199\/","title":{"rendered":"une grande banque s&rsquo;installe place du March\u00e9 Saint-Honor\u00e9, jusqu&rsquo;\u00e0 1000 employ\u00e9s attendus"},"content":{"rendered":"<p>            Par<br \/>\n        <strong><br \/>\n            <a href=\"https:\/\/actu.fr\/auteur\/thomas-martin\" title=\"Consulter tous les articles de Thomas Martin\" rel=\"nofollow noopener\" target=\"_blank\">Thomas Martin<\/a><br \/>\n        <\/strong><\/p>\n<p>        Publi\u00e9 le<\/p>\n<p>            17 mai 2025 \u00e0 6h14        <\/p>\n<p>La <a href=\"https:\/\/actu.fr\/ile-de-france\/paris_75056\/montrer-que-c-est-un-quartier-ou-l-on-peut-vivre-quel-avenir-pour-le-passage-du-marche-saint-honore_61120567.html\" rel=\"nofollow noopener\" target=\"_blank\">Place du March\u00e9 Saint-Honor\u00e9<\/a> (1er arrondissement) devrait conna\u00eetre un afflux d\u2019employ\u00e9s \u00e0 partir de 2027. La banque JPMorganChase a annonc\u00e9 avoir sign\u00e9 un bail \u00e0 long terme pour un nouvel <a href=\"https:\/\/actu.fr\/tag\/immobilier\" rel=\"nofollow noopener\" target=\"_blank\">immeuble <\/a>au 37 Place du March\u00e9 Saint-Honor\u00e9, tout en conservant son si\u00e8ge fran\u00e7ais au 14 <a href=\"https:\/\/actu.fr\/tag\/place-vendome\" rel=\"nofollow noopener\" target=\"_blank\">Place Vend\u00f4me<\/a>. D\u2019une superficie totale de <strong>16 000 m\u00e8tres carr\u00e9s<\/strong>, cet\u00a0 immeuble de cinq \u00e9tages en verre, pr\u00e9c\u00e9demment occup\u00e9 par BNP Paribas, pourra accueillir <strong>1 000 employ\u00e9s<\/strong>, le nombre qu\u2019elle compte aujourd\u2019hui dans la capitale.\u00a0<\/p>\n<p>R\u00e9novation compl\u00e8te du b\u00e2timent con\u00e7u par Ricardo Bofill<\/p>\n<p class=\" wall-content\">Ces nouveaux bureaux seront situ\u00e9s derri\u00e8re le si\u00e8ge de la banque et en face du 21 Place du March\u00e9 Saint-Honor\u00e9, o\u00f9 la banque a \u00e9galement des employ\u00e9s. \u00ab\u00a0Gr\u00e2ce \u00e0 cet investissement, la soci\u00e9t\u00e9 r\u00e9duira de six \u00e0 trois le nombre d\u2019immeubles qu\u2019elle occupe dans le centre de Paris, mais la surface totale des bureaux augmentera consid\u00e9rablement, ce qui am\u00e9liorera consid\u00e9rablement l\u2019environnement de travail\u00a0\u00bb, indique JPMorganChase dans un communiqu\u00e9.\u00a0<\/p>\n<p class=\" wall-content\">Le nouveau b\u00e2timent, con\u00e7u \u00e0 l\u2019origine par l\u2019architecte <a href=\"https:\/\/actu.fr\/ile-de-france\/noisy-le-grand_93051\/mort-de-ricardo-bofill-l-architecte-d-un-quartier-de-noisy-le-grand_47945071.html\" rel=\"nofollow noopener\" target=\"_blank\">Ricardo Bofill<\/a>, devrait ouvrir ses portes d\u00e9but 2027 apr\u00e8s une r\u00e9novation compl\u00e8te, \u00ab\u00a0date \u00e0 laquelle tous les b\u00e2timents exc\u00e9dentaires seront lib\u00e9r\u00e9s\u00a0\u00bb. \u00ab\u00a0De nombreux employ\u00e9s d\u00e9m\u00e9nageront notamment dans le nouveau b\u00e2timent afin de lib\u00e9rer de l\u2019espace au 14 Place Vend\u00f4me et d\u2019am\u00e9liorer les services aux clients\u00a0\u00bb, pr\u00e9cise la banque.\u00a0<\/p>\n<p class=\" wall-content\">Le rez-de-chauss\u00e9e, imagin\u00e9 par Bofill dans la tradition des march\u00e9s couverts parisiens, devrait, lui, retrouver sa vocation commerciale. La CDAC a en effet valid\u00e9 la cr\u00e9ation d\u2019un ensemble commercial d\u2019une surface de vente totale de 1 294 m\u00b2, compos\u00e9 de 2 moyennes surfaces de secteur 2 (331 m\u00b2 et 355 m\u00b2) et de\u00a08 boutiques.<\/p>\n<p class=\" wall-content\">\u00ab Il y aura le march\u00e9 deux fois par semaine, mais surtout des commerces locaux, alimentaires, de qualit\u00e9, mais \u00e9galement bon march\u00e9, avait expliqu\u00e9 Ariel Weil, le maire (PS) de Paris Centre \u00e0 actuParis en mai 2024. On y trouvera aussi un peu de services, avec de la r\u00e9paration, du pressing, des soins, etc Nous voulons montrer que c\u2019est un quartier o\u00f9 l\u2019on peut vivre \u00bb, mart\u00e8le l\u2019\u00e9dile socialiste.\u00a0<\/p>\n<p>Vid\u00e9os : en ce moment sur Actu<\/p>\n<p class=\" wall-content\">Suivez toute l\u2019actualit\u00e9 de vos villes et m\u00e9dias favoris en vous inscrivant \u00e0 <a href=\"https:\/\/moncompte.actu.fr\" title=\"D\u00e9couvez Mon Actu\" rel=\"nofollow noopener\" data-trk=\"{&quot;cta&quot;:{&quot;action&quot;:&quot;https:\\\/\\\/moncompte.actu.fr&quot;,&quot;category&quot;:&quot;mon compte&quot;,&quot;from&quot;:&quot;article footer&quot;,&quot;name&quot;:&quot;Mon actu&quot;,&quot;type&quot;:&quot;cta&quot;}}\" target=\"_blank\">Mon Actu<\/a>.<\/p>\n","protected":false},"excerpt":{"rendered":"Par Thomas Martin Publi\u00e9 le 17 mai 2025 \u00e0 6h14 La Place du March\u00e9 Saint-Honor\u00e9 (1er arrondissement) devrait&hellip;\n","protected":false},"author":2,"featured_media":106200,"comment_status":"","ping_status":"","sticky":false,"template":"","format":"standard","meta":{"footnotes":""},"categories":[1888],"tags":[1111,1928,11,1927,215,33,1777,674,1011,27,1116,12,1926,626,1925,25,1352,216],"class_list":{"0":"post-106199","1":"post","2":"type-post","3":"status-publish","4":"format-standard","5":"has-post-thumbnail","7":"category-paris","8":"tag-actu","9":"tag-actu-paris","10":"tag-actualites","11":"tag-actualites-paris","12":"tag-commerce","13":"tag-economie","14":"tag-eu","15":"tag-europe","16":"tag-fr","17":"tag-france","18":"tag-immobilier","19":"tag-news","20":"tag-news-paris","21":"tag-paris","22":"tag-paris-news","23":"tag-republique-francaise","24":"tag-urbanisme","25":"tag-vie-des-entreprises"},"share_on_mastodon":{"url":"https:\/\/pubeurope.com\/@fr\/114521494257751617","error":""},"_links":{"self":[{"href":"https:\/\/www.europesays.com\/fr\/wp-json\/wp\/v2\/posts\/106199","targetHints":{"allow":["GET"]}}],"collection":[{"href":"https:\/\/www.europesays.com\/fr\/wp-json\/wp\/v2\/posts"}],"about":[{"href":"https:\/\/www.europesays.com\/fr\/wp-json\/wp\/v2\/types\/post"}],"author":[{"embeddable":true,"href":"https:\/\/www.europesays.com\/fr\/wp-json\/wp\/v2\/users\/2"}],"replies":[{"embeddable":true,"href":"https:\/\/www.europesays.com\/fr\/wp-json\/wp\/v2\/comments?post=106199"}],"version-history":[{"count":0,"href":"https:\/\/www.europesays.com\/fr\/wp-json\/wp\/v2\/posts\/106199\/revisions"}],"wp:featuredmedia":[{"embeddable":true,"href":"https:\/\/www.europesays.com\/fr\/wp-json\/wp\/v2\/media\/106200"}],"wp:attachment":[{"href":"https:\/\/www.europesays.com\/fr\/wp-json\/wp\/v2\/media?parent=106199"}],"wp:term":[{"taxonomy":"category","embeddable":true,"href":"https:\/\/www.europesays.com\/fr\/wp-json\/wp\/v2\/categories?post=106199"},{"taxonomy":"post_tag","embeddable":true,"href":"https:\/\/www.europesays.com\/fr\/wp-json\/wp\/v2\/tags?post=106199"}],"curies":[{"name":"wp","href":"https:\/\/api.w.org\/{rel}","templated":true}]}}