{"id":106203,"date":"2025-05-17T05:22:14","date_gmt":"2025-05-17T05:22:14","guid":{"rendered":"https:\/\/www.europesays.com\/fr\/106203\/"},"modified":"2025-05-17T05:22:14","modified_gmt":"2025-05-17T05:22:14","slug":"paris-sestimant-ecartee-des-echanges-entre-sa-fille-et-sa-psychiatre-une-mere-de-famille-saisit-la-justice","status":"publish","type":"post","link":"https:\/\/www.europesays.com\/fr\/106203\/","title":{"rendered":"Paris. S&rsquo;estimant \u00e9cart\u00e9e des \u00e9changes entre sa fille et sa psychiatre, une m\u00e8re de famille saisit la justice"},"content":{"rendered":"<p>            Par<br \/>\n        <strong><br \/>\n            <a href=\"https:\/\/actu.fr\/auteur\/redaction-paris\" title=\"Consulter tous les articles de R\u00e9daction Paris\" target=\"_blank\" rel=\"noopener\">R\u00e9daction Paris<\/a><br \/>\n        <\/strong><\/p>\n<p>        Publi\u00e9 le<\/p>\n<p>            17 mai 2025 \u00e0 6h32        <\/p>\n<p>Le <a href=\"https:\/\/actu.fr\/tag\/tribunal-administratif-de-paris\" target=\"_blank\" rel=\"noopener\">tribunal administratif de Paris<\/a> a d\u00e9savou\u00e9 la m\u00e8re d\u2019une adolescente qui l\u2019avait saisi en avril 2023 apr\u00e8s que le conseil d\u00e9partemental de l\u2019ordre des m\u00e9decins (CDOM) de la <a href=\"https:\/\/actu.fr\/tag\/mairie-de-paris\" target=\"_blank\" rel=\"noopener\">Ville<\/a>\u00a0a refus\u00e9 de traduire en chambre disciplinaire la psychiatre de sa fille.\u00a0<br \/>Elle estimait en effet que la m\u00e9decin de l\u2019<a href=\"https:\/\/actu.fr\/ile-de-france\/paris_75056\/quelles-sont-les-meilleures-maternites-d-ile-de-france_59539908.html\" target=\"_blank\" rel=\"noopener\">h\u00f4pital Robert-Debr\u00e9<\/a>, dans le 19e arrondissement de <a href=\"https:\/\/actu.fr\/paris\/dernieres-actus\" target=\"_blank\" rel=\"noopener\">Paris<\/a>, s\u2019\u00e9tait rendue coupable de \u00ab\u2009manquements d\u00e9ontologiques\u2009\u00bb. Elle l\u2019avait \u00ab\u2009tenue \u00e0 l\u2019\u00e9cart de toute information\u2009\u00bb sur <a href=\"https:\/\/actu.fr\/tag\/violences-sexuelles\" target=\"_blank\" rel=\"noopener\">\u00ab\u2009l\u2019agression sexuelle\u2009\u00bb<\/a> dont avait \u00e9t\u00e9 victime sa fille \u2013 alors \u00e2g\u00e9e de 16 ans \u2013 et sur sa \u00ab\u2009prise de toxiques\u2009\u00bb. Explications.<\/p>\n<p>Une adolescente \u00ab\u00a0mise en danger\u00a0\u00bb<\/p>\n<p class=\" wall-content\">La m\u00e9decin avait mis l\u2019adolescente \u00ab\u2009en danger\u2009\u00bb, de son point de vue, \u00ab\u2009en s\u2019abstenant de travailler en coll\u00e9gialit\u00e9\u2009\u00bb avec le psychiatre \u00ab\u2009r\u00e9f\u00e9rent\u2009\u00bb de sa fille et la psychologue du Centre m\u00e9dico-psychologique (CMP) et en \u00ab\u2009tardant\u2009\u00bb \u00e0 effectuer \u00ab\u2009un signalement\u2009\u00bb aux autorit\u00e9s judiciaires concernant le \u00ab\u2009viol\u2009\u00bb que l\u2019adolescente lui avait r\u00e9v\u00e9l\u00e9. La psychiatre avait enfin \u00ab\u2009abus\u00e9 de sa position dominante\u2009\u00bb pour la \u00ab\u2009maltraiter\u2009\u00bb et la \u00ab\u2009contraindre \u00e0 m\u00e9dicaliser le d\u00e9sir de transition de sa fille mineure\u2009\u00bb.<\/p>\n<p class=\" wall-content\">Mais la psychiatre \u00ab\u2009a pu, sans commettre un manquement grave et manifeste \u00e0 la d\u00e9ontologie m\u00e9dicale, d\u00e9cider de ne pas transmettre toutes les informations relatives \u00e0 la prise en charge de l\u2019enfant mineure \u00e0 sa m\u00e8re pour tenir compte de la volont\u00e9 de cette adolescente et \u00e9tablir une relation de confiance avec l\u2019enfant\u2009\u00bb, tranche le tribunal administratif de Paris dans <a href=\"https:\/\/www.dalloz.fr\/documentation\/Document?id=TA_PARIS_2025-03-14_2309034\" target=\"_blank\" rel=\"noopener\">un jugement<\/a> du 14 mars 2025, qui vient d\u2019\u00eatre rendu public.<\/p>\n<blockquote class=\"ac-article-quote wall-content\">\n<p>\u00ab\u00a0Toute personne prise en charge par un professionnel de sant\u00e9 a droit au respect de sa vie priv\u00e9e et du secret des informations le concernant.\u00a0\u00bb<\/p>\n<p>    <strong>Code de la Sant\u00e9 publique<\/strong>\n            <\/p><\/blockquote>\n<p class=\" wall-content\">Et de poursuivre : \u00ab\u00a0Le m\u00e9decin peut se dispenser d\u2019obtenir le consentement des titulaires de l\u2019autorit\u00e9 parentale sur les d\u00e9cisions m\u00e9dicales \u00e0 prendre lorsque\u00a0 l\u2019intervention s\u2019impose pour sauvegarder la sant\u00e9 d\u2019une personne mineure, dans le cas o\u00f9 cette derni\u00e8re s\u2019oppose express\u00e9ment \u00e0 la consultation des titulaires de l\u2019autorit\u00e9 parentale.\u2009\u00bb<\/p>\n<p class=\" wall-content\">Le tribunal administratif de Paris a \u00e9cart\u00e9 tout autre \u00ab\u2009manquement d\u00e9ontologique\u2009\u00bb de la psychiatre\u2009: rien ne prouve qu\u2019elle se serait \u00ab\u2009abstenue\u2009\u00bb de prescrire \u00e0 l\u2019adolescente les \u00ab\u2009soins n\u00e9cessaires\u2009\u00bb \u00e0 son \u00e9tat de sant\u00e9, ni qu\u2019elle aurait \u00ab\u2009agi seule, sans concertation\u2009\u00bb avec ses confr\u00e8res. \u00ab\u2009Le Dr X. exerce son travail toujours de mani\u00e8re coll\u00e9giale, en particulier dans les situations \u00e0 risque ou av\u00e9r\u00e9es de maltraitance\u2009\u00bb, avait attest\u00e9 \u00e0 ce sujet le chef du service psychiatrie de l\u2019enfant et de l\u2019adolescent de l\u2019h\u00f4pital Robert-Debr\u00e9.<\/p>\n<p>Ne pas rompre \u00ab\u00a0le lien de confiance avec la jeune patiente\u00a0\u00bb<\/p>\n<p class=\" wall-content\">La requ\u00e9rante \u00ab\u2009ne produit aucun commencement de preuve\u2009\u00bb \u00e0 ce sujet et \u00ab\u2009ne pr\u00e9cise pas dans quelle mesure un tel agissement \u2013 \u00e0 le supposer m\u00eame \u00e9tabli \u2013 serait constitutif d\u2019un manquement grave \u00e0 la d\u00e9ontologie m\u00e9dicale\u2009\u00bb, souligne le tribunal administratif de Paris. \u00ab\u2009Si Mme X. reproche un\u2009\u00bb abus de pouvoir \u00ab\u2009au docteur X. au motif que celle-ci l\u2019aurait contrainte \u00e0 accepter de m\u00e9dicaliser la transition de sa fille, elle n\u2019apporte aucun \u00e9l\u00e9ment au soutien de cette all\u00e9gation permettant au juge d\u2019en appr\u00e9cier le bien-fond\u00e9.\u2009\u00bb<\/p>\n<p>    <a href=\"https:\/\/email.publihebdos.com\/form?lid=Mqc7o19yVDtMEo2FE8aUtw2\" title=\"Ouvrie le lien\" target=\"_blank\" rel=\"noopener\">Cliquez ici pour visualiser le contenu<\/a><\/p>\n<p class=\" wall-content\">Et si la psychiatre parisienne a effectivement\u00a0mis \u00ab\u2009plus de deux mois avant de transmettre un signalement au procureur de la R\u00e9publique\u2009\u00bb \u00e0 propos du viol de sa patiente, ce d\u00e9lai \u00ab\u2009avait pour objectif de ne pas rompre le lien de confiance nou\u00e9 avec l\u2019adolescente, dont l\u2019\u00e9tat de sant\u00e9 psychique \u00e9tait alors tr\u00e8s fragile\u2009\u00bb.<\/p>\n<p class=\" wall-content\">\u00ab\u2009Le Dr X. a pu raisonnablement estimer que la jeune fille n\u2019\u00e9tait pas en situation de danger imm\u00e9diat, l\u2019agression remontant \u00e0 plusieurs mois et l\u2019agresseur ne se trouvant pas dans l\u2019environnement imm\u00e9diat de celle-ci\u2009\u00bb, soulignent les juges parisiens.<\/p>\n<p class=\" wall-content\"><strong>\/MJ (PressPepper)<\/strong><\/p>\n<p class=\" wall-content\">Suivez toute l\u2019actualit\u00e9 de vos villes et m\u00e9dias favoris en vous inscrivant \u00e0 <a href=\"https:\/\/moncompte.actu.fr\" title=\"D\u00e9couvez Mon Actu\" rel=\"nofollow noopener\" data-trk=\"{&quot;cta&quot;:{&quot;action&quot;:&quot;https:\\\/\\\/moncompte.actu.fr&quot;,&quot;category&quot;:&quot;mon compte&quot;,&quot;from&quot;:&quot;article footer&quot;,&quot;name&quot;:&quot;Mon actu&quot;,&quot;type&quot;:&quot;cta&quot;}}\" target=\"_blank\">Mon Actu<\/a>.<\/p>\n","protected":false},"excerpt":{"rendered":"Par R\u00e9daction Paris Publi\u00e9 le 17 mai 2025 \u00e0 6h32 Le tribunal administratif de Paris a d\u00e9savou\u00e9 la&hellip;\n","protected":false},"author":2,"featured_media":106204,"comment_status":"","ping_status":"","sticky":false,"template":"","format":"standard","meta":{"footnotes":""},"categories":[1888],"tags":[11,1777,674,118,1011,27,2673,12,626,25,22321,799],"class_list":{"0":"post-106203","1":"post","2":"type-post","3":"status-publish","4":"format-standard","5":"has-post-thumbnail","7":"category-paris","8":"tag-actualites","9":"tag-eu","10":"tag-europe","11":"tag-faits-divers","12":"tag-fr","13":"tag-france","14":"tag-medecins","15":"tag-news","16":"tag-paris","17":"tag-republique-francaise","18":"tag-tribunal-administratif-de-paris","19":"tag-violences-sexuelles"},"share_on_mastodon":{"url":"https:\/\/pubeurope.com\/@fr\/114521502237247671","error":""},"_links":{"self":[{"href":"https:\/\/www.europesays.com\/fr\/wp-json\/wp\/v2\/posts\/106203","targetHints":{"allow":["GET"]}}],"collection":[{"href":"https:\/\/www.europesays.com\/fr\/wp-json\/wp\/v2\/posts"}],"about":[{"href":"https:\/\/www.europesays.com\/fr\/wp-json\/wp\/v2\/types\/post"}],"author":[{"embeddable":true,"href":"https:\/\/www.europesays.com\/fr\/wp-json\/wp\/v2\/users\/2"}],"replies":[{"embeddable":true,"href":"https:\/\/www.europesays.com\/fr\/wp-json\/wp\/v2\/comments?post=106203"}],"version-history":[{"count":0,"href":"https:\/\/www.europesays.com\/fr\/wp-json\/wp\/v2\/posts\/106203\/revisions"}],"wp:featuredmedia":[{"embeddable":true,"href":"https:\/\/www.europesays.com\/fr\/wp-json\/wp\/v2\/media\/106204"}],"wp:attachment":[{"href":"https:\/\/www.europesays.com\/fr\/wp-json\/wp\/v2\/media?parent=106203"}],"wp:term":[{"taxonomy":"category","embeddable":true,"href":"https:\/\/www.europesays.com\/fr\/wp-json\/wp\/v2\/categories?post=106203"},{"taxonomy":"post_tag","embeddable":true,"href":"https:\/\/www.europesays.com\/fr\/wp-json\/wp\/v2\/tags?post=106203"}],"curies":[{"name":"wp","href":"https:\/\/api.w.org\/{rel}","templated":true}]}}