{"id":106211,"date":"2025-05-17T05:26:13","date_gmt":"2025-05-17T05:26:13","guid":{"rendered":"https:\/\/www.europesays.com\/fr\/106211\/"},"modified":"2025-05-17T05:26:13","modified_gmt":"2025-05-17T05:26:13","slug":"usa-envisagent-de-retirer-leurs-troupes-de-leurope","status":"publish","type":"post","link":"https:\/\/www.europesays.com\/fr\/106211\/","title":{"rendered":"USA envisagent de retirer leurs troupes de l&rsquo;Europe"},"content":{"rendered":"<p class=\"p1\">AKARTA &#8211; L\u2019ambassadeur am\u00e9ricain \u00e0 l\u2019OTAN, Matthew Whitaker, a d\u00e9clar\u00e9 que les \u00c9tats-Unis commenceraient des pourparlers avec leurs alli\u00e9s europ\u00e9ens pour r\u00e9duire les troupes am\u00e9ricaines en Europe plus tard cette ann\u00e9e.<\/p>\n<p class=\"p3\">Rappelant qu\u2019on lui a demand\u00e9 de r\u00e9pondre au rapport que l\u2019administration Trump envisageait le retrait des troupes d\u2019Europe, Whitaker a d\u00e9clar\u00e9 qu\u2019il \u00e9tait \u00ab nul n\u2019est d\u00e9cid\u00e9 \u00bb.<\/p>\n<p class=\"p4\">\u00ab Mais quand nous le faisons, nous m\u00e8nerons ces pourparlers dans la structure de l\u2019OTAN \u00bb, a d\u00e9clar\u00e9 Whitaker \u00e0 Reuters samedi 17 mai.<\/p>\n<p class=\"p5\">al Al Jazeera a \u00e9crit : \u00ab Bien s\u00fbr, apr\u00e8s le sommet, plus tard cette ann\u00e9e, nous allons commencer les pourparlers. Tous nos alli\u00e9s sont pr\u00eats \u00e0 le faire \u00bb, a-t-il d\u00e9clar\u00e9 lors du sommet de l\u2019OTAN \u00e0 La Haye en juin.<\/p>\n<p class=\"p5\">Rajoud au sujet d\u2019une conf\u00e9rence de s\u00e9curit\u00e9 en Estonie, Whitaker a d\u00e9clar\u00e9 que les \u00c9tats-Unis discutaient d\u2019un changement de troupes avec leurs alli\u00e9s pour \u00e9viter des lacunes en mati\u00e8re de s\u00e9curit\u00e9.<\/p>\n<p class=\"p4\">Juste apr\u00e8s plus de 30 ans dans le d\u00e9sir des \u00c9tats-Unis (de r\u00e9duire les troupes en Europe), le pr\u00e9sident Trump vient de dire, assez, cela se produira et se produira maintenant, ce sera ordre, mais nous n\u2019aurons plus la patience de retarder dans cette situation. Nous devons juste surmonter les cons\u00e9quences pratiques \u00bb, a d\u00e9clar\u00e9 Whitaker.<\/p>\n<p class=\"p1\">Amerikais De la D\u00e9fense, Pete Handseth, a d\u00e9clar\u00e9 aux alli\u00e9s de l\u2019OTAN en f\u00e9vrier qu\u2019une \u00ab r\u00e9alit\u00e9 strat\u00e9gique frappante emp\u00eache les \u00c9tats-Unis de se concentrer principalement sur la s\u00e9curit\u00e9 europ\u00e9enne \u00bb.<\/p>\n<p class=\"p1\">antic rapporte en mars que Homseth et le vice-pr\u00e9sident JD Vance se sont plaints des alli\u00e9s europ\u00e9ens dans le groupe de discussion. Homseth a exprim\u00e9 sa \u00ab haine contre l\u2019Europe qui ne profite que par le profit \u00bb, selon The Atlantic.<\/p>\n<p class=\"p1\">r\u00e9novation de telles commentaires ont suscit\u00e9 des craintes de l\u2019Europe concernant l\u2019engagement des \u00c9tats-Unis envers l\u2019OTAN, ainsi que les menaces de Trump de ne pas prot\u00e9ger les membres qui d\u00e9pensent trop peu pour la d\u00e9fense, et son d\u00e9sir de continuer \u00e0 soutenir la lutte ukrainienne contre l\u2019invasion russe.<\/p>\n<p class=\"p1\">Whitaker a d\u00e9clar\u00e9 que les \u00c9tats-Unis ne se retireraient pas.<\/p>\n<p class=\"p1\">\u00e9ris : \u00ab Les \u00c9tats-Unis resteront dans cette alliance, et nous serons de bons amis et alli\u00e9s \u00bb, a-t-il d\u00e9clar\u00e9.<\/p>\n<p class=\"p3\">a averti l\u2019Union europ\u00e9enne de ne pas limiter les entreprises non membres de l\u2019achat de d\u00e9fense europ\u00e9enne, affirmant que cela alourdirerait l\u2019interop\u00e9rabilit\u00e9 de l\u2019OTAN, ralentirait les armes de l\u2019Europe, augmenterait les co\u00fbts et entraverrait l\u2019innovation.<\/p>\n<p>The English, Chinese, Japanese, Arabic, and French versions are automatically generated by the AI. So there may still be inaccuracies in translating, please always see Indonesian as our main language.<br \/>\n                                    (system supported by DigitalSiber.id)<\/p>\n","protected":false},"excerpt":{"rendered":"AKARTA &#8211; L\u2019ambassadeur am\u00e9ricain \u00e0 l\u2019OTAN, Matthew Whitaker, a d\u00e9clar\u00e9 que les \u00c9tats-Unis commenceraient des pourparlers avec leurs&hellip;\n","protected":false},"author":2,"featured_media":106212,"comment_status":"","ping_status":"","sticky":false,"template":"","format":"standard","meta":{"footnotes":""},"categories":[1589],"tags":[22324,11,73,1866,22322,22323,12,1864,1865,1863,308],"class_list":{"0":"post-106211","1":"post","2":"type-post","3":"status-publish","4":"format-standard","5":"has-post-thumbnail","7":"category-etats-unis","8":"tag-a-declare-que-les-etats-unis-commenceraient-des-pourparlers-avec-leurs-allies-europeens-pour-reduire-les-troupes-americaines-en-europe-plus-tard-cette-annee","9":"tag-actualites","10":"tag-etats-unis","11":"tag-etats-unis-damerique","12":"tag-lambassadeur-americain-a-lotan","13":"tag-matthew-whitaker","14":"tag-news","15":"tag-united-states","16":"tag-united-states-of-america","17":"tag-us","18":"tag-usa"},"share_on_mastodon":{"url":"https:\/\/pubeurope.com\/@fr\/114521518078590179","error":""},"_links":{"self":[{"href":"https:\/\/www.europesays.com\/fr\/wp-json\/wp\/v2\/posts\/106211","targetHints":{"allow":["GET"]}}],"collection":[{"href":"https:\/\/www.europesays.com\/fr\/wp-json\/wp\/v2\/posts"}],"about":[{"href":"https:\/\/www.europesays.com\/fr\/wp-json\/wp\/v2\/types\/post"}],"author":[{"embeddable":true,"href":"https:\/\/www.europesays.com\/fr\/wp-json\/wp\/v2\/users\/2"}],"replies":[{"embeddable":true,"href":"https:\/\/www.europesays.com\/fr\/wp-json\/wp\/v2\/comments?post=106211"}],"version-history":[{"count":0,"href":"https:\/\/www.europesays.com\/fr\/wp-json\/wp\/v2\/posts\/106211\/revisions"}],"wp:featuredmedia":[{"embeddable":true,"href":"https:\/\/www.europesays.com\/fr\/wp-json\/wp\/v2\/media\/106212"}],"wp:attachment":[{"href":"https:\/\/www.europesays.com\/fr\/wp-json\/wp\/v2\/media?parent=106211"}],"wp:term":[{"taxonomy":"category","embeddable":true,"href":"https:\/\/www.europesays.com\/fr\/wp-json\/wp\/v2\/categories?post=106211"},{"taxonomy":"post_tag","embeddable":true,"href":"https:\/\/www.europesays.com\/fr\/wp-json\/wp\/v2\/tags?post=106211"}],"curies":[{"name":"wp","href":"https:\/\/api.w.org\/{rel}","templated":true}]}}