{"id":1062135,"date":"2026-07-13T13:40:15","date_gmt":"2026-07-13T13:40:15","guid":{"rendered":"https:\/\/www.europesays.com\/fr\/1062135\/"},"modified":"2026-07-13T13:40:15","modified_gmt":"2026-07-13T13:40:15","slug":"clara-burel-yulia-putintseva-wta-250-iasi-premier-tour-lundi-13-juillet-2026-lequipe","status":"publish","type":"post","link":"https:\/\/www.europesays.com\/fr\/1062135\/","title":{"rendered":"Clara Burel &#8211; Yulia Putintseva, WTA 250, Iasi, Premier tour, Lundi 13 juillet 2026 &#8211; L&#039;\u00c9quipe"},"content":{"rendered":"<ol>\n<li><a href=\"https:\/\/news.google.com\/rss\/articles\/CBMivAFBVV95cUxNNDRrdy03Y2NNXzdTVTBvNENZNDRPbXE4bzBqN1ozenI5eVNibGJveUVfVFd6bG0waDdBS0k5eXhWd2RsNGZ5dTRaRFFDWC1iWXktZlBTVlpWNHlLMEhoVFpYZXJOUzkxQ2p5NG5iZmdiSHZzSVYwNnl3LVp6aWxfNjdpV2F1WmREc2RxMjRNaEJIdWxodjBURG1UQjc5YkM4N0Fva3R3VUFEdDBMbmo5eWtiYXNMZ3BvNXpSOA?oc=5\" target=\"_blank\" rel=\"nofollow noopener\">Clara Burel &#8211; Yulia Putintseva, WTA 250, Iasi, Premier tour, Lundi 13 juillet 2026<\/a>&nbsp;&nbsp;L&rsquo;\u00c9quipe<\/li>\n<li><a href=\"https:\/\/news.google.com\/rss\/articles\/CBMiqAFBVV95cUxOMEtNMk1PVWQxUk81QzRvVEo2Z1F2ajFIaE5DZWpHdGJEQjVJX1dIUVhGVTgwQkpMZXJ4aElqc21lbjRmMW5rLTJqQXFIYk5vYTNFdV92dUZIOXNfUTh6QVNrenB5UzBNeng0ZzFPSmt2TzZPQVRJNVZ3aDJiOUlQV1JrUWlOZU1LbThvNVdEVTFkQ0czVFhNejh5X1MwMVVHMFFrVFY3ZEQ?oc=5\" target=\"_blank\" rel=\"nofollow noopener\">Alina Charaeva &#8211; Victoria Jim\u00e9nez en direct &#8211; Iasi Simples f\u00e9minins &#8211; : Tennis Scores &amp; R\u00e9sultats &#8211; 13\/07\/2026<\/a>&nbsp;&nbsp;Eurosport<\/li>\n<li><a href=\"https:\/\/news.google.com\/rss\/articles\/CBMiiAFBVV95cUxPSkg2S3hxVzR6RUdERzM4dTlNb1ZPWk5XbVJJSFFfYUFCd25QZjlURUdFQmI2eEJnazIzUHh6ODlBZVVUMkhCM2VEaGlGSFRIRnhkNDdMM3JQaG5HQlBmcmlxU3pkUjNaUzRkSW1Jb0VqNlJlRnZnSEgwaF9SUjlKSjVkYUdqSUNk?oc=5\" target=\"_blank\" rel=\"nofollow noopener\">Pronostic Clara Burel Yulia Putintseva GRATUIT &#8211; Iasi Open 13\/07\/2026<\/a>&nbsp;&nbsp;Rue des joueurs<\/li>\n<li><a href=\"https:\/\/news.google.com\/rss\/articles\/CBMioAFBVV95cUxNcVc0OEQ2dUh5SDZESlVrSlFtU0Z6azlObVhmWlFjWkpFTVVibGFIbXdEZVJHY204bk1OLTFPWVhoVDNubnh0bzIxNVZrb0NHbndUeGhSb0NBMk9tUGJJcHFNZUlERVZzelNvVWlVbU0yMkVUb2FSd19HcUd6U1lNTW90WDYtcHpJWGdwSnpkSVRuR0lyQ1RPUlE5QUJ6c0lx?oc=5\" target=\"_blank\" rel=\"nofollow noopener\">Anna Bond\u00e1r &#8211; Sara Sorribes en direct &#8211; Iasi Simples f\u00e9minins &#8211; : Tennis Scores &amp; R\u00e9sultats &#8211; 13\/07\/2026<\/a>&nbsp;&nbsp;Eurosport<\/li>\n<\/ol>\n","protected":false},"excerpt":{"rendered":"Clara Burel &#8211; Yulia Putintseva, WTA 250, Iasi, Premier tour, Lundi 13 juillet 2026&nbsp;&nbsp;L&rsquo;\u00c9quipe Alina Charaeva &#8211; Victoria&hellip;\n","protected":false},"author":2,"featured_media":912358,"comment_status":"","ping_status":"","sticky":false,"template":"","format":"standard","meta":{"footnotes":"","_share_on_mastodon":"0"},"categories":[1415],"tags":[110167,1011,27,110168,73268,60,1467],"class_list":["post-1062135","post","type-post","status-publish","format-standard","has-post-thumbnail","category-tennis","tag-clara-burel-yulia-putintseva-en-direct","tag-fr","tag-france","tag-iasi","tag-null","tag-sports","tag-tennis"],"share_on_mastodon":{"url":"https:\/\/pubeurope.com\/@fr\/116912955457532309","error":""},"_links":{"self":[{"href":"https:\/\/www.europesays.com\/fr\/wp-json\/wp\/v2\/posts\/1062135","targetHints":{"allow":["GET"]}}],"collection":[{"href":"https:\/\/www.europesays.com\/fr\/wp-json\/wp\/v2\/posts"}],"about":[{"href":"https:\/\/www.europesays.com\/fr\/wp-json\/wp\/v2\/types\/post"}],"author":[{"embeddable":true,"href":"https:\/\/www.europesays.com\/fr\/wp-json\/wp\/v2\/users\/2"}],"replies":[{"embeddable":true,"href":"https:\/\/www.europesays.com\/fr\/wp-json\/wp\/v2\/comments?post=1062135"}],"version-history":[{"count":0,"href":"https:\/\/www.europesays.com\/fr\/wp-json\/wp\/v2\/posts\/1062135\/revisions"}],"wp:featuredmedia":[{"embeddable":true,"href":"https:\/\/www.europesays.com\/fr\/wp-json\/wp\/v2\/media\/912358"}],"wp:attachment":[{"href":"https:\/\/www.europesays.com\/fr\/wp-json\/wp\/v2\/media?parent=1062135"}],"wp:term":[{"taxonomy":"category","embeddable":true,"href":"https:\/\/www.europesays.com\/fr\/wp-json\/wp\/v2\/categories?post=1062135"},{"taxonomy":"post_tag","embeddable":true,"href":"https:\/\/www.europesays.com\/fr\/wp-json\/wp\/v2\/tags?post=1062135"}],"curies":[{"name":"wp","href":"https:\/\/api.w.org\/{rel}","templated":true}]}}