{"id":106219,"date":"2025-05-17T05:30:09","date_gmt":"2025-05-17T05:30:09","guid":{"rendered":"https:\/\/www.europesays.com\/fr\/106219\/"},"modified":"2025-05-17T05:30:09","modified_gmt":"2025-05-17T05:30:09","slug":"bruxelles-je-taime-gaza-en-ruines-lue-est-elle-impuissante","status":"publish","type":"post","link":"https:\/\/www.europesays.com\/fr\/106219\/","title":{"rendered":"Bruxelles, je t&rsquo;aime ? Gaza en ruines &#8211; l&rsquo;UE est-elle impuissante\u00a0?"},"content":{"rendered":"<p><img decoding=\"async\" class=\"c-ad__placeholder__logo\" src=\"https:\/\/www.europesays.com\/fr\/wp-content\/uploads\/2025\/03\/logo-euronews-grey-6-180x22.svg.svg+xml\" width=\"180\" height=\"22\" alt=\"\" loading=\"lazy\"\/>PUBLICIT\u00c9<\/p>\n<p>La situation dans la bande de Gaza est de plus en plus critique. A Bruxelles, des milliers de manifestants ont exig\u00e9 un cessez-le-feu imm\u00e9diat entre Isra\u00ebl et le Hamas. Sur place, Gaza se dirige vers la famine, malgr\u00e9 des mois d&rsquo;avertissements. Parall\u00e8lement, les efforts de paix n&rsquo;avancent pas. L&rsquo;Union europ\u00e9enne pourrait-elle, le cas \u00e9ch\u00e9ant, jouer un r\u00f4le plus important ?<\/p>\n<p>C&rsquo;est ce dont d\u00e9battra cette semaine notre talk-show bruxellois l\u2019ancien g\u00e9n\u00e9ral Christophe Gomart, eurod\u00e9put\u00e9 du Parti Populaire Europ\u00e9en, Serban Dimitrie Sturdza, eurod\u00e9put\u00e9 du groupe Conservateurs et R\u00e9formistes Europ\u00e9ens et Alice Tidey, journaliste Euronews sp\u00e9cialiste de la d\u00e9fense.<\/p>\n<p>La bande de Gaza est en ruines. La fin des combats n&rsquo;est pas en vue. Isra\u00ebl a lanc\u00e9 un ultimatum au Hamas : soit les otages restants sont lib\u00e9r\u00e9s, soit Gaza est ras\u00e9e et ses habitants d\u00e9plac\u00e9s.<\/p>\n<p>Donald Trump, en d\u00e9placement au Proche-Orient cette semaine, avait pratiquement sign\u00e9 un ch\u00e8que en blanc \u00e0 Benjamin Netanyahu.<\/p>\n<p>Pendant ce temps, la crainte d&rsquo;une famine \u00e0 Gaza grandit. La nourriture s&rsquo;\u00e9puise.<\/p>\n<p>Des politiciens europ\u00e9ens ont critiqu\u00e9 Isra\u00ebl pour ne pas avoir laiss\u00e9 entrer l&rsquo;aide \u00e0 Gaza depuis l&rsquo;\u00e9chec du cessez-le-feu en mars. Et Isra\u00ebl a accus\u00e9 l&rsquo;ONU de permettre que l&rsquo;aide tombe entre les mains du Hamas. <\/p>\n<p>Que va-t-il se passer ? Face \u00e0 l&rsquo;\u00e9chec des efforts de m\u00e9diation des Etats-Unis, du Qatar et de l&rsquo;Egypte, l&rsquo;Europe peut-elle prendre l&rsquo;initiative ? De quels moyens de pression disposent les Europ\u00e9ens ? L&rsquo;heure tourne.<\/p>\n<p>De quel moyen de pression l&rsquo;UE disposerait-elle pour faire avancer le processus de paix ? L&rsquo;UE est divis\u00e9e sur le conflit au Proche-Orient. Il y a des \u00c9tats fortement pro-palestiniens et d&rsquo;autres traditionnellement pro-isra\u00e9liens. L&rsquo;Allemagne fait partie de ces derniers. L&rsquo;Allemagne pourrait-elle jouer un r\u00f4le particulier dans la r\u00e9solution du conflit ?<\/p>\n<p>Deuxi\u00e8me th\u00e8me : les d\u00e9penses militaires en Europe ont atteint l&rsquo;ann\u00e9e derni\u00e8re leur plus haut niveau depuis la fin de la Guerre froide. C&rsquo;est ce qui ressort d&rsquo;une \u00e9tude de l&rsquo;Institut de recherche sur la paix de Stockholm.<\/p>\n<p>L&rsquo;Europe est \u00e0 l&rsquo;aube d&rsquo;une nouvelle course aux armements, peut-on y lire. La raison en est bien s\u00fbr un nouveau sentiment de menace depuis la guerre d&rsquo;agression russe contre l&rsquo;Ukraine.<\/p>\n<p>L&rsquo;Allemagne est d\u00e9sormais le quatri\u00e8me pays au monde en termes de d\u00e9penses militaires, derri\u00e8re les \u00c9tats-Unis, la Chine et la Russie, mais devant l&rsquo;Inde, la Grande-Bretagne et la France. Les d\u00e9penses de d\u00e9fense effectu\u00e9es aujourd&rsquo;hui ont des cons\u00e9quences qui s&rsquo;\u00e9tendent loin dans le futur.<\/p>\n<p>Cette strat\u00e9gie est-elle raisonnable, est-elle en retard ? La s\u00e9curit\u00e9 de l&rsquo;Europe ne peut-elle \u00eatre garantie que par des d\u00e9penses de d\u00e9fense massives ? Et comment la relation de l&rsquo;Europe avec l&rsquo;Ukraine va-t-elle \u00e9voluer ?<\/p>\n<p>Enfin, le panel discute du changement au Vatican. Pour la premi\u00e8re fois, un Am\u00e9ricain a \u00e9t\u00e9 \u00e9lu \u00e0 la t\u00eate de l&rsquo;Eglise catholique &#8211; bien que cela ait toujours \u00e9t\u00e9 consid\u00e9r\u00e9 comme exclu. Les Am\u00e9ricains ont donc \u00e9t\u00e9 surpris. <\/p>\n<p>Entre-temps, le nouveau pape L\u00e9on XIV polarise, comme tant d&rsquo;autres choses, la soci\u00e9t\u00e9 am\u00e9ricaine profond\u00e9ment divis\u00e9e et passe pour un anti-Trump. Il y a quelque temps, il a ainsi eu un \u00e9change de propos acerbe avec JD Vance sur le th\u00e8me de l&rsquo;immigration. <\/p>\n<p>Cela fait-il de Leo un ami de l&rsquo;Europe ? Leo est-il du c\u00f4t\u00e9 de l&rsquo;Europe dans les d\u00e9bats mondiaux ? Leo a des racines europ\u00e9ennes : un p\u00e8re franco-italien, une m\u00e8re am\u00e9ricaine d&rsquo;origine espagnole. Et il a la nationalit\u00e9 p\u00e9ruvienne en plus de la nationalit\u00e9 am\u00e9ricaine. Cela fait-il de lui un Europ\u00e9en anti-Trump ?<\/p>\n","protected":false},"excerpt":{"rendered":"PUBLICIT\u00c9 La situation dans la bande de Gaza est de plus en plus critique. A Bruxelles, des milliers&hellip;\n","protected":false},"author":2,"featured_media":106220,"comment_status":"","ping_status":"","sticky":false,"template":"","format":"standard","meta":{"footnotes":""},"categories":[1586],"tags":[11,554,1777,674,1779,1011,27,665,3519,664,12,20114,25,1778,364],"class_list":{"0":"post-106219","1":"post","2":"type-post","3":"status-publish","4":"format-standard","5":"has-post-thumbnail","7":"category-europe","8":"tag-actualites","9":"tag-defense","10":"tag-eu","11":"tag-europe","12":"tag-european-union","13":"tag-fr","14":"tag-france","15":"tag-gaza","16":"tag-hamas","17":"tag-israel","18":"tag-news","19":"tag-pape-leon-xiv","20":"tag-republique-francaise","21":"tag-ue","22":"tag-union-europeenne"},"share_on_mastodon":{"url":"https:\/\/pubeurope.com\/@fr\/114521533610693610","error":""},"_links":{"self":[{"href":"https:\/\/www.europesays.com\/fr\/wp-json\/wp\/v2\/posts\/106219","targetHints":{"allow":["GET"]}}],"collection":[{"href":"https:\/\/www.europesays.com\/fr\/wp-json\/wp\/v2\/posts"}],"about":[{"href":"https:\/\/www.europesays.com\/fr\/wp-json\/wp\/v2\/types\/post"}],"author":[{"embeddable":true,"href":"https:\/\/www.europesays.com\/fr\/wp-json\/wp\/v2\/users\/2"}],"replies":[{"embeddable":true,"href":"https:\/\/www.europesays.com\/fr\/wp-json\/wp\/v2\/comments?post=106219"}],"version-history":[{"count":0,"href":"https:\/\/www.europesays.com\/fr\/wp-json\/wp\/v2\/posts\/106219\/revisions"}],"wp:featuredmedia":[{"embeddable":true,"href":"https:\/\/www.europesays.com\/fr\/wp-json\/wp\/v2\/media\/106220"}],"wp:attachment":[{"href":"https:\/\/www.europesays.com\/fr\/wp-json\/wp\/v2\/media?parent=106219"}],"wp:term":[{"taxonomy":"category","embeddable":true,"href":"https:\/\/www.europesays.com\/fr\/wp-json\/wp\/v2\/categories?post=106219"},{"taxonomy":"post_tag","embeddable":true,"href":"https:\/\/www.europesays.com\/fr\/wp-json\/wp\/v2\/tags?post=106219"}],"curies":[{"name":"wp","href":"https:\/\/api.w.org\/{rel}","templated":true}]}}