{"id":10622,"date":"2025-04-08T16:16:13","date_gmt":"2025-04-08T16:16:13","guid":{"rendered":"https:\/\/www.europesays.com\/fr\/10622\/"},"modified":"2025-04-08T16:16:13","modified_gmt":"2025-04-08T16:16:13","slug":"gerry-weber-vacille-en-allemagne-et-aux-pays-bas-sa-branche-francaise-en-difficulte","status":"publish","type":"post","link":"https:\/\/www.europesays.com\/fr\/10622\/","title":{"rendered":"Gerry Weber vacille en Allemagne et aux Pays-Bas, sa branche fran\u00e7aise en difficult\u00e9"},"content":{"rendered":"<p class=\"article-content col-md-8 offset-md-1\">\n                                La crise du pr\u00eat-\u00e0-porter fait \u00e9galement vaciller les marques Outre-Rhin. Apr\u00e8s avoir\u00a0surmont\u00e9 son insolvabilit\u00e9 en 2020, <a href=\"https:\/\/fr.fashionnetwork.com\/news\/En-allemagne-gerry-weber-se-place-en-procedure-de-sauvegarde,1508576.html\" target=\"_blank\" rel=\"noopener\">Gerry Weber avait \u00e9t\u00e9 plac\u00e9e en proc\u00e9dure de sauvegarde<\/a> en avril 2023 et avait beaucoup r\u00e9duit la voilure (retail notamment).\u00a0La marque de mode f\u00e9minine fond\u00e9e en 1973 conna\u00eet \u00e0 nouveau des difficult\u00e9s financi\u00e8res.<img decoding=\"async\" class=\"news-image\" style=\"width:100%;\" src=\"https:\/\/www.europesays.com\/fr\/wp-content\/uploads\/2025\/04\/89e7.jpg\" alt=\"La marque de mode f\u00e9minine Gerry Weber conna\u00eet \u00e0 nouveau des difficult\u00e9s financi\u00e8res\" loading=\"lazy\"\/>La marque de mode f\ufffdminine Gerry Weber conna\ufffdt \ufffd nouveau des difficult\ufffds financi\ufffdres &#8211; Gerry WeberLa soci\u00e9t\u00e9-m\u00e8re allemande Gerry Weber International GmbH, qui emploie pr\u00e8s de 230 personnes et compte 32 magasin en propre en Allemagne, <a href=\"https:\/\/de.fashionnetwork.com\/news\/Gerry-weber-stellt-insolvenzantrag,1710576.html\" target=\"_blank\" rel=\"noopener\">a d\u00e9pos\u00e9 \u00e0 la mi-mars une demande d&rsquo;insolvabilit\u00e9<\/a>\n                            <\/p>\n<p>\n                                Tous droits de reproduction et de repr\u00e9sentation r\u00e9serv\u00e9s.<br \/>\u00a9 2025 FashionNetwork.com\n                            <\/p>\n","protected":false},"excerpt":{"rendered":"La crise du pr\u00eat-\u00e0-porter fait \u00e9galement vaciller les marques Outre-Rhin. Apr\u00e8s avoir\u00a0surmont\u00e9 son insolvabilit\u00e9 en 2020, Gerry Weber&hellip;\n","protected":false},"author":2,"featured_media":10623,"comment_status":"","ping_status":"","sticky":false,"template":"","format":"standard","meta":{"footnotes":""},"categories":[1587],"tags":[11,672,2424,1804,537,2423,1805,1803,1777,674,1801,5156,5157,2425,985,12,2298,2426,2427,1802,2421,2422],"class_list":{"0":"post-10622","1":"post","2":"type-post","3":"status-publish","4":"format-standard","5":"has-post-thumbnail","7":"category-allemagne","8":"tag-actualites","9":"tag-allemagne","10":"tag-beaute","11":"tag-bundesrepublik-deutschland","12":"tag-contact","13":"tag-cosmetiques","14":"tag-de","15":"tag-deutschland","16":"tag-eu","17":"tag-europe","18":"tag-germany","19":"tag-gerry-weber","20":"tag-gmbh","21":"tag-luxe","22":"tag-mode","23":"tag-news","24":"tag-parfum","25":"tag-professionnel","26":"tag-professionnels","27":"tag-republique-federale-dallemagne","28":"tag-reseau","29":"tag-textile"},"share_on_mastodon":{"url":"https:\/\/pubeurope.com\/@fr\/114303243672852094","error":""},"_links":{"self":[{"href":"https:\/\/www.europesays.com\/fr\/wp-json\/wp\/v2\/posts\/10622","targetHints":{"allow":["GET"]}}],"collection":[{"href":"https:\/\/www.europesays.com\/fr\/wp-json\/wp\/v2\/posts"}],"about":[{"href":"https:\/\/www.europesays.com\/fr\/wp-json\/wp\/v2\/types\/post"}],"author":[{"embeddable":true,"href":"https:\/\/www.europesays.com\/fr\/wp-json\/wp\/v2\/users\/2"}],"replies":[{"embeddable":true,"href":"https:\/\/www.europesays.com\/fr\/wp-json\/wp\/v2\/comments?post=10622"}],"version-history":[{"count":0,"href":"https:\/\/www.europesays.com\/fr\/wp-json\/wp\/v2\/posts\/10622\/revisions"}],"wp:featuredmedia":[{"embeddable":true,"href":"https:\/\/www.europesays.com\/fr\/wp-json\/wp\/v2\/media\/10623"}],"wp:attachment":[{"href":"https:\/\/www.europesays.com\/fr\/wp-json\/wp\/v2\/media?parent=10622"}],"wp:term":[{"taxonomy":"category","embeddable":true,"href":"https:\/\/www.europesays.com\/fr\/wp-json\/wp\/v2\/categories?post=10622"},{"taxonomy":"post_tag","embeddable":true,"href":"https:\/\/www.europesays.com\/fr\/wp-json\/wp\/v2\/tags?post=10622"}],"curies":[{"name":"wp","href":"https:\/\/api.w.org\/{rel}","templated":true}]}}