{"id":106223,"date":"2025-05-17T05:32:12","date_gmt":"2025-05-17T05:32:12","guid":{"rendered":"https:\/\/www.europesays.com\/fr\/106223\/"},"modified":"2025-05-17T05:32:12","modified_gmt":"2025-05-17T05:32:12","slug":"atp-rome-lorenzo-musetti-apres-sa-defaite-contre-alcaraz-carlos-est-un-phenomene-qui-a-ete-trop-critique-betement-il-suffit-de-regarder-les-resultats-il-ny-a-pas-grand-chose-a-critiquer","status":"publish","type":"post","link":"https:\/\/www.europesays.com\/fr\/106223\/","title":{"rendered":"ATP &#8211; Rome > Lorenzo Musetti, apr\u00e8s sa d\u00e9faite contre Alcaraz : \u00ab\u00a0Carlos est un ph\u00e9nom\u00e8ne qui a \u00e9t\u00e9 trop critiqu\u00e9 b\u00eatement. Il suffit de regarder les r\u00e9sultats. Il n&rsquo;y a pas grand-chose \u00e0 critiquer\u00a0\u00bb"},"content":{"rendered":"<p>De passage en conf\u00e9\u00adrence de presse apr\u00e8s <a href=\"https:\/\/www.welovetennis.fr\/atp\/atp-rome\/alcaraz-fait-mal-a-musetti-et-attend-sinner-en-finale\" data-wpel-link=\"internal\" rel=\"nofollow noopener\" target=\"_blank\">sa d\u00e9faite contre Carlos Alcaraz en demi\u2010finales du Masters 1000 de Rome<\/a>, Lorenzo Musetti a tenu \u00e0 prendre la d\u00e9fense de son adver\u00adsaire du jour, critiqu\u00e9 par certains obser\u00adva\u00adteurs \u00e0 propos de son d\u00e9but de saison.\u00a0<\/p>\n<p><strong>\u00ab\u202fCarlos est un ph\u00e9no\u00adm\u00e8ne qui a \u00e9t\u00e9 trop critiqu\u00e9 b\u00eate\u00adment. Il suffit de regarder les r\u00e9sul\u00adtats. Il n\u2019y a pas grand\u2010chose \u00e0 criti\u00adquer. Le meilleur Carlos sur terre battue est le meilleur de tous. Aujourd\u2019hui (vendredi), nous n\u2019avons pas montr\u00e9 notre meilleur tennis, mais c\u2019est un adver\u00adsaire qui a peu de faiblesses. Il n\u2019a pas le service de Zverev, mais c\u2019est un joueur tr\u00e8s complet.\u202f\u00bb<\/strong><\/p>\n<p class=\"post-published-date\" style=\"color: silver; font-size: 75%; text-align: left;\">Publi\u00e9 le vendredi 16 mai 2025 \u00e0 19:57<\/p>\n","protected":false},"excerpt":{"rendered":"De passage en conf\u00e9\u00adrence de presse apr\u00e8s sa d\u00e9faite contre Carlos Alcaraz en demi\u2010finales du Masters 1000 de&hellip;\n","protected":false},"author":2,"featured_media":106224,"comment_status":"","ping_status":"","sticky":false,"template":"","format":"standard","meta":{"footnotes":""},"categories":[2],"tags":[11,1744,1011,27,12,25,4542],"class_list":{"0":"post-106223","1":"post","2":"type-post","3":"status-publish","4":"format-standard","5":"has-post-thumbnail","7":"category-actualites","8":"tag-actualites","9":"tag-alcaraz","10":"tag-fr","11":"tag-france","12":"tag-news","13":"tag-republique-francaise","14":"tag-zverev"},"share_on_mastodon":{"url":"https:\/\/pubeurope.com\/@fr\/114521541460932966","error":""},"_links":{"self":[{"href":"https:\/\/www.europesays.com\/fr\/wp-json\/wp\/v2\/posts\/106223","targetHints":{"allow":["GET"]}}],"collection":[{"href":"https:\/\/www.europesays.com\/fr\/wp-json\/wp\/v2\/posts"}],"about":[{"href":"https:\/\/www.europesays.com\/fr\/wp-json\/wp\/v2\/types\/post"}],"author":[{"embeddable":true,"href":"https:\/\/www.europesays.com\/fr\/wp-json\/wp\/v2\/users\/2"}],"replies":[{"embeddable":true,"href":"https:\/\/www.europesays.com\/fr\/wp-json\/wp\/v2\/comments?post=106223"}],"version-history":[{"count":0,"href":"https:\/\/www.europesays.com\/fr\/wp-json\/wp\/v2\/posts\/106223\/revisions"}],"wp:featuredmedia":[{"embeddable":true,"href":"https:\/\/www.europesays.com\/fr\/wp-json\/wp\/v2\/media\/106224"}],"wp:attachment":[{"href":"https:\/\/www.europesays.com\/fr\/wp-json\/wp\/v2\/media?parent=106223"}],"wp:term":[{"taxonomy":"category","embeddable":true,"href":"https:\/\/www.europesays.com\/fr\/wp-json\/wp\/v2\/categories?post=106223"},{"taxonomy":"post_tag","embeddable":true,"href":"https:\/\/www.europesays.com\/fr\/wp-json\/wp\/v2\/tags?post=106223"}],"curies":[{"name":"wp","href":"https:\/\/api.w.org\/{rel}","templated":true}]}}