{"id":106230,"date":"2025-05-17T05:36:13","date_gmt":"2025-05-17T05:36:13","guid":{"rendered":"https:\/\/www.europesays.com\/fr\/106230\/"},"modified":"2025-05-17T05:36:13","modified_gmt":"2025-05-17T05:36:13","slug":"vuate-karawalevu-sofiane-guitoune-les-infos-du-vendredi-16-mai","status":"publish","type":"post","link":"https:\/\/www.europesays.com\/fr\/106230\/","title":{"rendered":"Vuate Karawalevu, Sofiane Guitoune, les infos du vendredi 16 mai"},"content":{"rendered":"<p>\t\t\t\t\t\t\t\t\t\t\t\t\t\tTRANSFERTS RUGBY \u2013 Le Fidjien Vuate Karawalevu devrait d\u00e9barquer en Top 14, Sofiane Guitoune va reprendre du service : les infos transferts du vendredi 16 mai.<br \/>\nCastres Olympique : Vuate Karawalevu dans le viseur<\/p>\n<p style=\"text-align: justify;\">Selon le <a href=\"https:\/\/www.rugbyrama.fr\/2025\/05\/15\/transferts-top-14-le-castres-olympique-en-contacts-avances-avec-le-fidjien-vuate-karawalevu-12697941.php\" target=\"_blank\" rel=\"noopener\">Midi Olympique<\/a>, le <strong>Castres Olympique<\/strong> est en discussions avanc\u00e9es pour recruter <strong>Vuate Karawalevu<\/strong>, international fidjien de 24 ans, afin de renforcer sa ligne de trois-quarts. Actuellement joueur des Fijian Drua en Super Rugby, <strong>Karawalevu<\/strong> a d\u00e9montr\u00e9 sa polyvalence en occupant les postes d\u2019ailier, d\u2019arri\u00e8re, et de deuxi\u00e8me centre au cours de la saison. Ses performances incluent quatre essais marqu\u00e9s lors des trois premi\u00e8res journ\u00e9es du championnat. Avant de se tourner vers le rugby \u00e0 XV, il a \u00e9volu\u00e9 au <a data-autolink-id=\"5\" target=\"_self\" href=\"https:\/\/dicodusport.fr\/definition-sport\/rugby-a-xiii\/\" rel=\"noopener\">rugby \u00e0 XIII<\/a> avec les <strong>Sydney Roosters<\/strong> en NRL.<\/p>\n<p style=\"text-align: justify;\">Ce potentiel recrutement s\u2019inscrit dans une strat\u00e9gie de renouvellement de l\u2019effectif castrais, notamment suite au d\u00e9part \u00e0 la retraite de <strong>Julien Dumora<\/strong>, au <a href=\"https:\/\/dicodusport.fr\/blog\/deces-de-josaia-raisuqe-joueur-du-castres-olympique\/\" target=\"_blank\" rel=\"noopener\">d\u00e9c\u00e8s tragique de <strong>Josaia Raisuqe<\/strong><\/a>\u00a0et au transfert de <strong>Joris Dupont<\/strong> vers Mont-de-Marsan. Par ailleurs, le club a d\u00e9j\u00e0 s\u00e9curis\u00e9 les arriv\u00e9es de <strong>Teddy Durand<\/strong> (talonneur, Oyonnax), <strong>Adam Vargas<\/strong> (ailier, Valence-Romans) et <strong>Veresa Ramototabua<\/strong> (troisi\u00e8me ligne, Mont-de-Marsan).<\/p>\n<p style=\"text-align: justify;\"><strong>L\u2019avis de Dicodusport<\/strong> <strong>:\u00a0<\/strong>Castres veut faire peau neuve, notamment concernant sa ligne de trois-quarts. Vuate Karawalevu serait une sacr\u00e9e prise pour le CO, toujours \u00e0 la recherche de joueurs de ballon, capables de faire des diff\u00e9rences sur le terrain.<\/p>\n<p>Nationale 1 : Sofiane Guitoune de retour sur les terrains<\/p>\n<p style=\"text-align: justify;\">\u00c0 36 ans, <strong>Sofiane Guitoune<\/strong> est de retour aux affaires. L\u2019ancien joueur de <strong>Stade Toulousain<\/strong> sort de sa retraite pour rejoindre le <strong>TOEC TOAC FCT Rugby<\/strong>, un club toulousain \u00e9voluant en F\u00e9d\u00e9rale 1, la cinqui\u00e8me division nationale. Il y jouera aux c\u00f4t\u00e9s de son fr\u00e8re Yanis, qui occupe le poste d\u2019arri\u00e8re.<\/p>\n<p style=\"text-align: justify;\">Ancien international fran\u00e7ais avec 9 s\u00e9lections, <strong>Guitoune<\/strong> avait mis un terme \u00e0 sa carri\u00e8re professionnelle en 2024 apr\u00e8s avoir remport\u00e9 quatre titres de champion de France et deux Coupes d\u2019Europe avec les Rouge et Noir du <strong>Stade Toulousain<\/strong>.<\/p>\n<p style=\"text-align: justify;\">Son retour sur les terrains marque une nouvelle \u00e9tape dans sa carri\u00e8re, cette fois-ci dans un cadre plus familial et local.<\/p>\n<p style=\"text-align: justify;\"><strong>L\u2019avis de Dicodusport<\/strong> <strong>: <\/strong>On ne s\u2019y attendait pas, le retour de Sofiane Guitoune est une surprise. Nul doute qu\u2019il apportera de fiers services \u00e0 son nouveau club. Un joli symbole que d\u2019\u00e9voluer aux c\u00f4t\u00e9s de son fr\u00e8re.<\/p>\n","protected":false},"excerpt":{"rendered":"TRANSFERTS RUGBY \u2013 Le Fidjien Vuate Karawalevu devrait d\u00e9barquer en Top 14, Sofiane Guitoune va reprendre du service&hellip;\n","protected":false},"author":2,"featured_media":106231,"comment_status":"","ping_status":"","sticky":false,"template":"","format":"standard","meta":{"footnotes":""},"categories":[1416],"tags":[1111,2113,1109,1011,27,2114,479,2115,1468,60,477],"class_list":{"0":"post-106230","1":"post","2":"type-post","3":"status-publish","4":"format-standard","5":"has-post-thumbnail","7":"category-rugby","8":"tag-actu","9":"tag-breve","10":"tag-breves","11":"tag-fr","12":"tag-france","13":"tag-mercato-rugby","14":"tag-rugby","15":"tag-rugby-a-xv","16":"tag-rugby-football","17":"tag-sports","18":"tag-transferts-rugby"},"share_on_mastodon":{"url":"https:\/\/pubeurope.com\/@fr\/114521557673405986","error":""},"_links":{"self":[{"href":"https:\/\/www.europesays.com\/fr\/wp-json\/wp\/v2\/posts\/106230","targetHints":{"allow":["GET"]}}],"collection":[{"href":"https:\/\/www.europesays.com\/fr\/wp-json\/wp\/v2\/posts"}],"about":[{"href":"https:\/\/www.europesays.com\/fr\/wp-json\/wp\/v2\/types\/post"}],"author":[{"embeddable":true,"href":"https:\/\/www.europesays.com\/fr\/wp-json\/wp\/v2\/users\/2"}],"replies":[{"embeddable":true,"href":"https:\/\/www.europesays.com\/fr\/wp-json\/wp\/v2\/comments?post=106230"}],"version-history":[{"count":0,"href":"https:\/\/www.europesays.com\/fr\/wp-json\/wp\/v2\/posts\/106230\/revisions"}],"wp:featuredmedia":[{"embeddable":true,"href":"https:\/\/www.europesays.com\/fr\/wp-json\/wp\/v2\/media\/106231"}],"wp:attachment":[{"href":"https:\/\/www.europesays.com\/fr\/wp-json\/wp\/v2\/media?parent=106230"}],"wp:term":[{"taxonomy":"category","embeddable":true,"href":"https:\/\/www.europesays.com\/fr\/wp-json\/wp\/v2\/categories?post=106230"},{"taxonomy":"post_tag","embeddable":true,"href":"https:\/\/www.europesays.com\/fr\/wp-json\/wp\/v2\/tags?post=106230"}],"curies":[{"name":"wp","href":"https:\/\/api.w.org\/{rel}","templated":true}]}}