{"id":106234,"date":"2025-05-17T05:39:14","date_gmt":"2025-05-17T05:39:14","guid":{"rendered":"https:\/\/www.europesays.com\/fr\/106234\/"},"modified":"2025-05-17T05:39:14","modified_gmt":"2025-05-17T05:39:14","slug":"le-programme-tv-complet-du-grand-prix-de-france-2025","status":"publish","type":"post","link":"https:\/\/www.europesays.com\/fr\/106234\/","title":{"rendered":"Le programme TV complet du Grand Prix de France 2025"},"content":{"rendered":"<p>\t\t\t<strong class=\"post-excerpt\"><\/p>\n<p itemprop=\"description\">Apres deux semaines d&rsquo;absence, le MotoGP est de retour pour la 6e manche de la saison 2025. Cap sur la Sarthe et le circuit Bugatti du Mans pour le GP de France !<\/p>\n<p><\/strong>\t\t<\/p>\n<p>C&rsquo;est le <strong>Grand Prix de l&rsquo;ann\u00e9e au calendrier MotoGP<\/strong>. Non pas par chauvinisme. Mais bien parce que le <strong>Grand Prix de France MotoGP<\/strong> est celui qui d\u00e9tient le <strong>record d&rsquo;affluence sur l&rsquo;ensemble d&rsquo;un weekend<\/strong>. Pas moins de <a href=\"https:\/\/www.motogp.com\/fr\/news\/2024\/05\/13\/297471-fans-le-mans-etablit-un-nouveau-record-daffluence-en-motogp\/498539\" target=\"_blank\" rel=\"noopener nofollow\"><strong>297 471 personnes<\/strong> ont fait le d\u00e9placement<\/a> l&rsquo;an dernier dans la <strong>Sarthe<\/strong>. Et ce mill\u00e9sime 2025 compte bien faire encore mieux. De quoi donner du baume au c\u0153ur \u00e0 <strong>Claude Michy<\/strong>, organisateur du Grand Prix de France MotoGP.<\/p>\n<p>   \t\t\t Une saison MotoGP 2025 relanc\u00e9e <\/p>\n<p>Si <a href=\"https:\/\/www.sportauto.fr\/motogp\/marc-marquez-championnat-motogp-2025-429591.html\" target=\"_blank\" rel=\"noopener nofollow\"><strong>Marc Marquez<\/strong><\/a> domine cette saison 2025 <strong>au guidon de sa Ducati officielle<\/strong>, sa chute lors de la derni\u00e8re manche en date \u00e0 <strong>Jerez<\/strong> (Espagne) a relanc\u00e9 le championnat. C\u00e9dant ainsi la place de leader de la cat\u00e9gorie reine \u00e0 son petit fr\u00e8re, <strong>Alex Marquez<\/strong> (BK8 Gresini Racing MotoGP). Ce dernier en a d&rsquo;ailleurs profit\u00e9 pour <strong>d\u00e9bloquer son compteur de victoires<\/strong> en MotoGP. Mais <strong>l&rsquo;\u00e9cart reste infime entre les deux fr\u00e8res espagnols<\/strong>, puisque un seul petit point s\u00e9pare Alex de Marc.<\/p>\n<p>De son c\u00f4t\u00e9, le champion du monde en titre, <strong>l&rsquo;Italien Francesco Bagnaia<\/strong> (Ducati Lenovo Team) remonte au classement g\u00e9n\u00e9ral (3e) suite \u00e0 sa <strong>troisi\u00e8me position en course \u00e0 Jerez<\/strong>. Il affiche d\u00e9sormais <strong>un retard de 20 points sur l&rsquo;actuel leader au championnat<\/strong>. Soit moins d&rsquo;un Grand Prix d&rsquo;\u00e9cart.<\/p>\n<p>L&rsquo;autre pilote \u00e0 surveiller ce weekend sera \u00e9videmment notre <strong>Fran\u00e7ais Fabio Quartararo<\/strong>, actuellement 6e au classement g\u00e9n\u00e9ral. Le <strong>pilote officiel Yamaha<\/strong> a renou\u00e9 avec le <strong>podium<\/strong> \u00e0 Jerez avec une <strong>belle seconde place \u00e0 l&rsquo;arriv\u00e9e<\/strong>. Rappelons que le pilote tricolore s&rsquo;\u00e9tait \u00e9lanc\u00e9 de la <strong>pole position<\/strong>. Il y a donc fort \u00e0 parier que Fabio aura \u00e0 c\u0153ur de r\u00e9it\u00e9rer sa belle performance pour son Grand Prix national. Idem pour <strong>notre autre pilote fran\u00e7ais, Johan Zarco<\/strong> (Castrol Honda LCR), 7e au classement \u00e0 7 unit\u00e9s de Fabio.<\/p>\n<p>Enfin, apr\u00e8s une absence de trois courses, <strong>Miguel Oliveira<\/strong> (Prima Pramac Yamaha) fera <strong>son retour \u00e0 la comp\u00e9tition<\/strong> \u00e0 l&rsquo;occasion du Grand Prix de France ce week-end. Pour rappel, le Portugais a subi une <strong>dislocation du ligament sternoclaviculaire de l&rsquo;\u00e9paule gauche<\/strong> apr\u00e8s une chute au <strong>Grand Prix d&rsquo;Argentine<\/strong>. Une blessure qui l&rsquo;avait \u00e9cart\u00e9 des circuits depuis ce jour.<\/p>\n<p> Grand Prix de France MotoGP 2025 &#8211; Le programme TV complet <\/p>\n<p>Pour suivre ce Grand Prix de France, il faudra une nouvelle fois se tourner vers les <strong>chaines du groupe Canal +<\/strong>. Notez que ce weekend de course dans la Sarthe marque \u00e9galement le coup d&rsquo;envoi de la saison 2025 pour la cat\u00e9gorie MotoE (motos \u00e9lectriques).<\/p>\n<p><strong>Vendredi 9 mai 2025<\/strong><\/p>\n<ul class=\"event-schedule__content-list\">\n<li class=\"event-schedule__content-item\">08:30 &#8211; 08:45 : Essais Libres 1 MotoE<\/li>\n<li class=\"event-schedule__content-item\">09:00 &#8211; 09:35 : Essais Libres 1 Moto3<\/li>\n<li class=\"event-schedule__content-item\">09:50 &#8211; 10:30 : Essais Libres 1 Moto2<\/li>\n<li class=\"event-schedule__content-item\"><strong>10:45 &#8211; 11:30 : Essais Libres 1 MotoGP<\/strong><\/li>\n<li class=\"event-schedule__content-item\">12:35 &#8211; 12:50 : Essais libres 2 MotoE<\/li>\n<li class=\"event-schedule__content-item\">13:15 &#8211; 13:50 : Essais Moto3<\/li>\n<li class=\"event-schedule__content-item\">14:05 &#8211; 14:45 : Essais Moto2<\/li>\n<li class=\"event-schedule__content-item\"><strong>15:00 &#8211; 16:00 : Essai MotoGP<\/strong><\/li>\n<li class=\"event-schedule__content-item\">17:00 &#8211; 17:10 : Qualifications 1 MotoE<\/li>\n<li class=\"event-schedule__content-item\">17:20 &#8211; 17:30 : Qualifications 2 MotoE<\/li>\n<\/ul>\n<p><strong>Samedi 10 mai 2025<\/strong><\/p>\n<ul class=\"event-schedule__content-list\">\n<li class=\"event-schedule__content-item\">08:40 &#8211; 09:10 : Essais Libres 2 Moto3<\/li>\n<li class=\"event-schedule__content-item\">09:25 &#8211; 09:55 : Essais Libres 2 Moto2<\/li>\n<li class=\"event-schedule__content-item\"><strong>10:10 &#8211; 10:40 : Essais Libres 2 MotoGP<\/strong><\/li>\n<li class=\"event-schedule__content-item\"><strong>10:50-11:05 : Qualifications 1 MotoGP<\/strong><\/li>\n<li class=\"event-schedule__content-item\"><strong>11:15 &#8211; 11:30 : Qualifications 2 MotoGP<\/strong><\/li>\n<li class=\"event-schedule__content-item\">12:15 : Course 1 MotoE (8 tours)<\/li>\n<li class=\"event-schedule__content-item\">12:50 &#8211; 13:05 : Qualifications 1 Moto3<\/li>\n<li class=\"event-schedule__content-item\">13:15 &#8211; 13:30 : Qualifications 2 Moto3<\/li>\n<li class=\"event-schedule__content-item\">13:45 &#8211; 14:00 : Qualifications 1 Moto2<\/li>\n<li class=\"event-schedule__content-item\">14:10 &#8211; 14:25 : Qualifications 2 Moto2<\/li>\n<li class=\"event-schedule__content-item\"><strong>15:00 : Course Sprint MotoGP (13 tours)<\/strong><\/li>\n<li class=\"event-schedule__content-item\">16:10 : Course 2 MotoE (8 tours)<\/li>\n<\/ul>\n<p><strong>Dimanche 11 mai 2025<\/strong><\/p>\n<ul class=\"event-schedule__content-list\">\n<li class=\"event-schedule__content-item\">09:40-09:50 : Warm Up MotoGP<\/li>\n<li class=\"event-schedule__content-item\">11:00 : Course Moto3 (20 tours)<\/li>\n<li class=\"event-schedule__content-item\">12:15 : Course Moto2 (22 tours)<\/li>\n<li class=\"event-schedule__content-item\"><strong>14:00 : Course MotoGP (27 tours)<\/strong><\/li>\n<\/ul>\n","protected":false},"excerpt":{"rendered":"Apres deux semaines d&rsquo;absence, le MotoGP est de retour pour la 6e manche de la saison 2025. Cap&hellip;\n","protected":false},"author":2,"featured_media":106235,"comment_status":"","ping_status":"","sticky":false,"template":"","format":"standard","meta":{"footnotes":""},"categories":[1413],"tags":[1011,27,1638,1457,1456,60],"class_list":{"0":"post-106234","1":"post","2":"type-post","3":"status-publish","4":"format-standard","5":"has-post-thumbnail","7":"category-moto","8":"tag-fr","9":"tag-france","10":"tag-has_diapo","11":"tag-moto","12":"tag-motocycle","13":"tag-sports"},"share_on_mastodon":{"url":"https:\/\/pubeurope.com\/@fr\/114521568932971299","error":""},"_links":{"self":[{"href":"https:\/\/www.europesays.com\/fr\/wp-json\/wp\/v2\/posts\/106234","targetHints":{"allow":["GET"]}}],"collection":[{"href":"https:\/\/www.europesays.com\/fr\/wp-json\/wp\/v2\/posts"}],"about":[{"href":"https:\/\/www.europesays.com\/fr\/wp-json\/wp\/v2\/types\/post"}],"author":[{"embeddable":true,"href":"https:\/\/www.europesays.com\/fr\/wp-json\/wp\/v2\/users\/2"}],"replies":[{"embeddable":true,"href":"https:\/\/www.europesays.com\/fr\/wp-json\/wp\/v2\/comments?post=106234"}],"version-history":[{"count":0,"href":"https:\/\/www.europesays.com\/fr\/wp-json\/wp\/v2\/posts\/106234\/revisions"}],"wp:featuredmedia":[{"embeddable":true,"href":"https:\/\/www.europesays.com\/fr\/wp-json\/wp\/v2\/media\/106235"}],"wp:attachment":[{"href":"https:\/\/www.europesays.com\/fr\/wp-json\/wp\/v2\/media?parent=106234"}],"wp:term":[{"taxonomy":"category","embeddable":true,"href":"https:\/\/www.europesays.com\/fr\/wp-json\/wp\/v2\/categories?post=106234"},{"taxonomy":"post_tag","embeddable":true,"href":"https:\/\/www.europesays.com\/fr\/wp-json\/wp\/v2\/tags?post=106234"}],"curies":[{"name":"wp","href":"https:\/\/api.w.org\/{rel}","templated":true}]}}