{"id":1062388,"date":"2026-07-13T16:24:48","date_gmt":"2026-07-13T16:24:48","guid":{"rendered":"https:\/\/www.europesays.com\/fr\/1062388\/"},"modified":"2026-07-13T16:24:48","modified_gmt":"2026-07-13T16:24:48","slug":"recrues-supporters-dedicaces-decouvrez-en-images-le-premier-entrainement-public-du-racing-club-de-strasbourg-dna-fr","status":"publish","type":"post","link":"https:\/\/www.europesays.com\/fr\/1062388\/","title":{"rendered":"Recrues, supporters, d\u00e9dicaces&#8230; D\u00e9couvrez en images le premier entra\u00eenement public du Racing Club de Strasbourg &#8211; Dna.fr"},"content":{"rendered":"<ol>\n<li><a href=\"https:\/\/news.google.com\/rss\/articles\/CBMi2wFBVV95cUxQOGhPdTE4WmIwSnQzcGU0Smt5U0VwU3ozYVZuOFB3d1hpWVMzRkhodjh2TXByM3dKUk1VaTFYNGZqTDkzQWZmYzFrQ1BBOENlVVhZZ0Nib29YdF9HQlRLQktGSE9sRVdfU3dGUGJvWWZ0d3hxdnhXUlJjMmg4ZEo3RGFRMWpsdHV1MUlUZ3AydExaOG5JMUxWS3RRSk5zT3M0Z29NMmQtUUYzV3F1SzVoNU5IZGl4ZmhWR0ZhcENKc1ZUVlNVNFlYTjB3Y2FEVHdCWnpQTWduS2NpS1U?oc=5\" target=\"_blank\" rel=\"nofollow noopener\">Recrues, supporters, d\u00e9dicaces&#8230; D\u00e9couvrez en images le premier entra\u00eenement public du Racing Club de Strasbourg<\/a>&nbsp;&nbsp;Dna.fr<\/li>\n<li><a href=\"https:\/\/news.google.com\/rss\/articles\/CBMi6wFBVV95cUxNbEkzUXdUVHhNX1Bfcm9ieWctakNZOC1YUmEwMXNzakV4Yzd5S3hqbzUtZzNkSmxPVzZTMW85ei1BYkRVUVd0WXJfYU0zaDRMN2RtbUNYd0l3Mm15OXVfbmdNWUU4dDlNZGd6OVpRZ1VXekxiR2x6SkFpSUk0Ti1iMmp6Q1hVb284MkVDc0k0YkczVHlWd3FPQzFRRW9xOGtVV0RWSjg4T3VVMFJ4dVpaLXRiVmZBSXVvU0h3TWpDM0JESUt1V2dpU0VmX2xpSm52bWdhQUpHejhBR2wxaUVFSWloLVdZMnpVQXA4?oc=5\" target=\"_blank\" rel=\"nofollow noopener\">\u00ab J&rsquo;esp\u00e8re \u00eatre la pi\u00e8ce manquante du puzzle \u00bb : les premiers mots de Hugo Oliveira, nouvel entra\u00eeneur de Strasbourg<\/a>&nbsp;&nbsp;L&rsquo;\u00c9quipe<\/li>\n<li><a href=\"https:\/\/news.google.com\/rss\/articles\/CBMihgJBVV95cUxNaFM0eGt1TUVUNlNub0Q4RGdvdUxyb2ozRUM1VUw3VkdZYjU1cndwMjNzT0R5QnJiZ1VLcU9XalBhTDE2Z0U2SUVyTXpvcFFGMS15WUVCc0JhRDQ2SkllU0swZC1FTkpnaU13QVpIRmthQnpjbVFZSUJ1cnFpOUdOQ2hWLVZ0RHlhOXpWdnk1MkpIazRONjk0V1Jrai1UR2h5aUtIQ3BMNVdSbktWbFpESnkzTkJQUEpiazd1cHVYeVVMVWowY2RkREh0YVlVWlNEcnZQVEFFSF8yR2Uza0NZSURKeVhjblpKS2xLR0RIRnczTEtBV0Z5cllnUy1fVkpXeTZjUTJB?oc=5\" target=\"_blank\" rel=\"nofollow noopener\">Oliveira nouveau pari de Strasbourg sur son banc<\/a>&nbsp;&nbsp;Eurosport<\/li>\n<li><a href=\"https:\/\/news.google.com\/rss\/articles\/CBMizwFBVV95cUxNVFhzWWFTTDVjYnFNYjZKNk9KRzY1ZS02UTZvcjFpX2ZWLVN6c05GRnNVZUNQRDFnTUJ5N210WDdianB3U1B5d1RjQ0JUdExwaURWVGZOdkY2S3BnZHh4QVhVcHNnY19PNmlvUE1CS1g4Q3hRYkRKdWtPb1I1d3RLR3NVQjF3dEJJUk14N01IUldFOFExaHo2MHRKOXc3cnBfdmtHNUZJVDhvRXhIeVFrbVVNZDMtUzM1azZyQWg4bXotQXNCTnUtWmhFRG42SkHSAc4BQVVfeXFMT0F4MFh1ZV9Gel9LSUt5TUxEVzhiSTAxT0NkUkVPdTNCa09rUl83bWNuMng5aGNWY3BiYUxGNFFfZ0c0bXE5Z2loMml2RjlaMk1BOG5PLWtTdGRkTVI3V1VJcFdVUEdJS3h4dW1QTGUyZzl2dXRZblpxTng5LVVWTFNSVlM5NHVaUWlyMmc2QXctRVZFYTJONUVvOHVzUFE2ZDJ3ZlpIRmpHZW9Xam9obHZ3eFJMTTNFR1lqdGdfYVpOcVdmSmJobEFSTjhTQ0E?oc=5\" target=\"_blank\" rel=\"nofollow noopener\">Strasbourg : Oliviera succ\u00e8de \u00e0 O&rsquo;Neil en tant qu&rsquo;entra\u00eeneur : Sports &#8211; Orange<\/a>&nbsp;&nbsp;Sports &#8211; Orange<\/li>\n<li><a href=\"https:\/\/news.google.com\/rss\/articles\/CBMiowFBVV95cUxQbzM5amJCOW5XN1k3X0JVTkdnd0JuTnEtQWJVY2RMM0ZZcHBZZnp5LTJCeGpVTVR5MGdvTXJNcVZwYlNMT0k5N1Q5bXE4bVdlaTluVURmUUxoWHpsTy0xcm92bi1KXzFvaXktYlVXVVUtd3RSSUQ3UWRoRnBGaWxuUVY3LU5sQ19qcmZEWFhJc1BDMHUtV2hSWjFadEtmVEhENXpr?oc=5\" target=\"_blank\" rel=\"nofollow noopener\">Hugo Oliveira nomm\u00e9 entra\u00eeneur du Racing Club de Strasbourg Alsace<\/a>&nbsp;&nbsp;Racing Club de Strasbourg Alsace<\/li>\n<\/ol>\n","protected":false},"excerpt":{"rendered":"Recrues, supporters, d\u00e9dicaces&#8230; D\u00e9couvrez en images le premier entra\u00eenement public du Racing Club de Strasbourg&nbsp;&nbsp;Dna.fr \u00ab J&rsquo;esp\u00e8re \u00eatre&hellip;\n","protected":false},"author":2,"featured_media":1062389,"comment_status":"","ping_status":"","sticky":false,"template":"","format":"standard","meta":{"footnotes":"","_share_on_mastodon":"0"},"categories":[2],"tags":[328,11,2880,107,63,1011,27,2798,9540,12,41281,273,20486,517,640],"class_list":["post-1062388","post","type-post","status-publish","format-standard","has-post-thumbnail","category-actualites","tag-a-la-une","tag-actualites","tag-edition-strasbourg","tag-fil-info","tag-football","tag-fr","tag-france","tag-galerie-photo","tag-galerie-sport","tag-news","tag-racing-club-strasbourg-masculin","tag-selection-de-la-redaction","tag-selection-multimedia-sport","tag-sport","tag-strasbourg"],"share_on_mastodon":{"url":"https:\/\/pubeurope.com\/@fr\/116913600722936696","error":""},"_links":{"self":[{"href":"https:\/\/www.europesays.com\/fr\/wp-json\/wp\/v2\/posts\/1062388","targetHints":{"allow":["GET"]}}],"collection":[{"href":"https:\/\/www.europesays.com\/fr\/wp-json\/wp\/v2\/posts"}],"about":[{"href":"https:\/\/www.europesays.com\/fr\/wp-json\/wp\/v2\/types\/post"}],"author":[{"embeddable":true,"href":"https:\/\/www.europesays.com\/fr\/wp-json\/wp\/v2\/users\/2"}],"replies":[{"embeddable":true,"href":"https:\/\/www.europesays.com\/fr\/wp-json\/wp\/v2\/comments?post=1062388"}],"version-history":[{"count":0,"href":"https:\/\/www.europesays.com\/fr\/wp-json\/wp\/v2\/posts\/1062388\/revisions"}],"wp:featuredmedia":[{"embeddable":true,"href":"https:\/\/www.europesays.com\/fr\/wp-json\/wp\/v2\/media\/1062389"}],"wp:attachment":[{"href":"https:\/\/www.europesays.com\/fr\/wp-json\/wp\/v2\/media?parent=1062388"}],"wp:term":[{"taxonomy":"category","embeddable":true,"href":"https:\/\/www.europesays.com\/fr\/wp-json\/wp\/v2\/categories?post=1062388"},{"taxonomy":"post_tag","embeddable":true,"href":"https:\/\/www.europesays.com\/fr\/wp-json\/wp\/v2\/tags?post=1062388"}],"curies":[{"name":"wp","href":"https:\/\/api.w.org\/{rel}","templated":true}]}}