{"id":106255,"date":"2025-05-17T05:50:11","date_gmt":"2025-05-17T05:50:11","guid":{"rendered":"https:\/\/www.europesays.com\/fr\/106255\/"},"modified":"2025-05-17T05:50:11","modified_gmt":"2025-05-17T05:50:11","slug":"girondins-pierre-hurmic-a-recu-gerard-lopez-et-exige-le-versement-du-loyer-pour-le-haillan","status":"publish","type":"post","link":"https:\/\/www.europesays.com\/fr\/106255\/","title":{"rendered":"Girondins : Pierre Hurmic a re\u00e7u G\u00e9rard Lopez et exige le versement du loyer pour le Haillan"},"content":{"rendered":"<p><img decoding=\"async\" src=\"https:\/\/www.europesays.com\/fr\/wp-content\/uploads\/2025\/05\/671_6df56e92be5de858a6a3c28e1de356c4.jpg\" alt=\"Girondins : Pierre Hurmic a re\u00e7u G\u00e9rard Lopez et exige le versement du loyer pour le Haillan\" class=\"img-responsive mt-3\"\/><\/p>\n<p class=\"text-center mb-3\" style=\"font-size: 14px\">\u00a9 Iconsport<\/p>\n<p style=\"text-align: justify;\">C&rsquo;est une journ\u00e9e importante pour les pouvoirs publics bordelais qui ont siffl\u00e9 la fin de la r\u00e9cr\u00e9 pour G\u00e9rard Lopez dans sa gestion du FC Girondins de Bordeaux et l&rsquo;utilisation de fonds et \u00e9quipements publics.<\/p>\n<p style=\"text-align: justify;\">Dans un premier temps, Bordeaux M\u00e9tropole a refus\u00e9 publiquement ce jour la restructuration de la dette bordelaise et a fait valoir la garantie de Jogo Bonito pour le paiement des loyers du Matmut Atlantique et de la cr\u00e9ance de 20M\u20ac (<a href=\"https:\/\/www.webgirondins.com\/actualite-girondins-girondins-coup-de-pression-de-bordeaux-metropole-sur-gerard-lopez-pour-la-dette-du-club-129093\" rel=\"nofollow noopener\" target=\"_blank\">En savoir plus ici<\/a>).<\/p>\n<p><strong>Mise au point du maire qui exige la r\u00e9gularisation de l&rsquo;occupation du Haillan<\/strong><\/p>\n<p style=\"text-align: justify;\">Dans la journ\u00e9e, le maire de Bordeaux Piere Hurmic a re\u00e7u G\u00e9rard Lopez \u00e0 sa demande. Dans un communiqu\u00e9 publi\u00e9 en soir\u00e9e, la mairie de Bordeaux explique que le mairie a \u00ab\u00a0confirm\u00e9 son opposition r\u00e9solue au classement des cr\u00e9ances de la Ville propos\u00e9 par l\u2019administrateur judiciaire.\u00a0\u00bb<\/p>\n<p style=\"text-align: justify;\">\u00ab\u00a0S\u2019agissant d\u2019argent public, il est inacceptable que les cr\u00e9ances de la Ville et de la M\u00e9tropole soient \u00e9cras\u00e9es \u00e0 90%. Il n\u2019est pas non plus acceptable que les trop nombreuses entreprises locales cr\u00e9anci\u00e8res se voient fragilis\u00e9es par le quasi-effacement de l\u2019argent qui leur est d\u00fb\u00a0\u00bb, d\u00e9clare Pierre Hurmic.<\/p>\n<p style=\"text-align: justify;\">Enfin, \u00ab\u00a0le maire a enjoint G\u00e9rard Lopez de r\u00e9gulariser au plus vite l\u2019occupation du domaine du Haillan, comme il s\u2019y \u00e9tait engag\u00e9, \u00e0 commencer par le paiement des loyers.\u00a0\u00bb<\/p>\n<p>\u00c0 lire &gt;&gt; <strong><a href=\"https:\/\/www.webgirondins.com\/actualite-girondins-aucun-repreneur-n-a-contacte-bordeaux-metropole-pour-la-reprise-des-girondins-129095\" target=\"_blank\" rel=\"noopener nofollow\">Aucun repreneur n&rsquo;a contact\u00e9 Bordeaux M\u00e9tropole pour la reprise des Girondins<\/a><\/strong><\/p>\n<p>\u00c0 lire ici :<\/p>\n","protected":false},"excerpt":{"rendered":"\u00a9 Iconsport C&rsquo;est une journ\u00e9e importante pour les pouvoirs publics bordelais qui ont siffl\u00e9 la fin de la&hellip;\n","protected":false},"author":2,"featured_media":106256,"comment_status":"","ping_status":"","sticky":false,"template":"","format":"standard","meta":{"footnotes":""},"categories":[9],"tags":[1997,22327,1011,27,8294,1987,6776,22326,8295,22329,5107,5415,11850,471,4919,8297,10621,60,6949,22328],"class_list":{"0":"post-106255","1":"post","2":"type-post","3":"status-publish","4":"format-standard","5":"has-post-thumbnail","7":"category-sports","8":"tag-bordeaux","9":"tag-exige","10":"tag-fr","11":"tag-france","12":"tag-gerard","13":"tag-girondins","14":"tag-haillan","15":"tag-hurmic","16":"tag-lopez","17":"tag-loyer","18":"tag-maire","19":"tag-mairie","20":"tag-pierre","21":"tag-pour","22":"tag-president","23":"tag-proprietaire","24":"tag-recu","25":"tag-sports","26":"tag-vendredi","27":"tag-versement"},"share_on_mastodon":{"url":"https:\/\/pubeurope.com\/@fr\/114521612230475962","error":""},"_links":{"self":[{"href":"https:\/\/www.europesays.com\/fr\/wp-json\/wp\/v2\/posts\/106255","targetHints":{"allow":["GET"]}}],"collection":[{"href":"https:\/\/www.europesays.com\/fr\/wp-json\/wp\/v2\/posts"}],"about":[{"href":"https:\/\/www.europesays.com\/fr\/wp-json\/wp\/v2\/types\/post"}],"author":[{"embeddable":true,"href":"https:\/\/www.europesays.com\/fr\/wp-json\/wp\/v2\/users\/2"}],"replies":[{"embeddable":true,"href":"https:\/\/www.europesays.com\/fr\/wp-json\/wp\/v2\/comments?post=106255"}],"version-history":[{"count":0,"href":"https:\/\/www.europesays.com\/fr\/wp-json\/wp\/v2\/posts\/106255\/revisions"}],"wp:featuredmedia":[{"embeddable":true,"href":"https:\/\/www.europesays.com\/fr\/wp-json\/wp\/v2\/media\/106256"}],"wp:attachment":[{"href":"https:\/\/www.europesays.com\/fr\/wp-json\/wp\/v2\/media?parent=106255"}],"wp:term":[{"taxonomy":"category","embeddable":true,"href":"https:\/\/www.europesays.com\/fr\/wp-json\/wp\/v2\/categories?post=106255"},{"taxonomy":"post_tag","embeddable":true,"href":"https:\/\/www.europesays.com\/fr\/wp-json\/wp\/v2\/tags?post=106255"}],"curies":[{"name":"wp","href":"https:\/\/api.w.org\/{rel}","templated":true}]}}