{"id":106263,"date":"2025-05-17T05:55:11","date_gmt":"2025-05-17T05:55:11","guid":{"rendered":"https:\/\/www.europesays.com\/fr\/106263\/"},"modified":"2025-05-17T05:55:11","modified_gmt":"2025-05-17T05:55:11","slug":"voici-ou-ils-devraient-frapper","status":"publish","type":"post","link":"https:\/\/www.europesays.com\/fr\/106263\/","title":{"rendered":"voici o\u00f9 ils devraient frapper"},"content":{"rendered":"<p>            Par<br \/>\n        <strong><br \/>\n            <a href=\"https:\/\/actu.fr\/auteur\/redaction-actu\" title=\"Consulter tous les articles de R\u00e9daction Actu\" target=\"_blank\" rel=\"noopener\">R\u00e9daction Actu<\/a><br \/>\n        <\/strong><\/p>\n<p>        Publi\u00e9 le<\/p>\n<p>            16 mai 2025 \u00e0 19h22        <\/p>\n<p>Des orages, encore des orages. Apr\u00e8s <a href=\"https:\/\/actu.fr\/meteo\/une-tempete-va-frapper-l-europe-cette-semaine-et-elle-s-appelle-ines-quelles-consequences-en-france_62634309.html\" target=\"_blank\" rel=\"noopener\">une semaine marqu\u00e9e par des intemp\u00e9ries<\/a> dans toute la France, <a href=\"https:\/\/actu.fr\/meteo\/plusieurs-personnes-foudroyees-violente-grele-superbolt-les-impressionnants-degats-des-orages-ce-mercredi_62637411.html\" target=\"_blank\" rel=\"noopener\">provoquant des d\u00e9g\u00e2ts importants dans l\u2019ouest et le sud du pays<\/a>, une nouvelle <a href=\"https:\/\/actu.fr\/meteo\/tempete-ines-la-vigilance-orages-violents-reste-de-mise-dans-plusieurs-departements-ce-vendredi_62641012.html\" target=\"_blank\" rel=\"noopener\">perturbation orageuse<\/a> est de retour en d\u00e9but de semaine prochaine.<\/p>\n<p class=\" wall-content\">Elle se mettra en place sur le sud du pays, <a href=\"https:\/\/meteofrance.com\/actualites-et-dossiers\/actualites\/meteo-une-fin-de-semaine-souvent-ensoleillee\" target=\"_blank\" rel=\"noopener\">pr\u00e9vient M\u00e9t\u00e9o France<\/a>. Les cumuls de pluie associ\u00e9s sont \u00e0 surveiller, notamment dans le Languedoc-Roussillon.<\/p>\n<p>Le sud-ouest encore touch\u00e9<\/p>\n<p class=\" wall-content\">\u00ab\u2009Une goutte froide en provenance d\u2019Espagne devrait engendrer une activit\u00e9 orageuse assez importante sur toute la partie sud-ouest du pays\u2009\u00bb, explique \u00e0 actu.fr Guillaume S\u00e9chet, m\u00e9t\u00e9orologue et fondateur de m\u00e9t\u00e9o-villes.com.<\/p>\n<p class=\" wall-content\">\u00c0 cause de l\u2019air froid en altitude, cette perturbation pourrait s\u2019accompagner de gr\u00eales, ajoute le m\u00e9t\u00e9orologue, comme observ\u00e9 ce mercredi dans <a href=\"https:\/\/actu.fr\/nouvelle-aquitaine\/saint-perdon_40280\/video-ce-village-des-landes-frappe-violemment-par-un-deluge-de-grelons-les-images-sont-impressionnantes_62644891.html\" target=\"_blank\" rel=\"noopener\">les Landes<\/a> ou pr\u00e8s de <a href=\"https:\/\/actu.fr\/auvergne-rhone-alpes\/saint-jeures_43199\/orages-des-fortes-chutes-de-grele-frappent-de-nouveau-je-venais-de-faire-mon-jardin_62638235.html\" target=\"_blank\" rel=\"noopener\">Saint-Etienne<\/a>.<\/p>\n<blockquote class=\"ac-article-quote wall-content\">\n<p>Cette goutte froide va s\u2019\u00e9vacuer vers l&rsquo;Italie et le temps va redevenir stable en seconde partie de semaine.<\/p>\n<p>    <strong>Guillaume S\u00e9chet <\/strong><br \/>\n        M\u00e9t\u00e9orologue et fondateur de m\u00e9t\u00e9o-villes.com    <\/p><\/blockquote>\n<p>Vid\u00e9os : en ce moment sur Actu<\/p>\n<p class=\" wall-content\">Une carte issue de M\u00e9t\u00e9ociel de la journ\u00e9e du mardi 20 mai, \u00e0 17 h, selon le mod\u00e8le allemand Icon (les orages en jaune, les pluies en violet et le brouillard en rose) :<\/p>\n<p class=\" wall-content\"><img decoding=\"async\" loading=\"lazy\" class=\"alignnone\" src=\"https:\/\/www.europesays.com\/fr\/wp-content\/uploads\/2025\/05\/thumbnail-image1-768x640.png\" alt=\"mardi orages m\u00e9t\u00e9ociel\" width=\"768\" height=\"640\"\/><\/p>\n<p>Mardi, la journ\u00e9e la plus orageuse<\/p>\n<p class=\" wall-content\">Selon les derni\u00e8res pr\u00e9visions, la s\u00e9quence orageuse devrait d\u00e9buter lundi soir en Aquitaine avant de s\u2019\u00e9tendre sur le quart sud-ouest dans la journ\u00e9e de mardi, la plus orageuse. Quelques restes pourraient toucher l\u2019est du pays mercredi, notamment la Bourgogne-Franche-Comt\u00e9.<\/p>\n<p class=\" wall-content\">Attention, la trajectoire de ces orages peut varier d\u2019ici mardi, pr\u00e9vient Guillaume S\u00e9chet. La goutte froide \u00e9tant un ph\u00e9nom\u00e8ne capricieux, elle se d\u00e9place de mani\u00e8re al\u00e9atoire.<\/p>\n<p class=\" wall-content\">Pour les temp\u00e9ratures, elles seront chaudes dimanche et lundi, avant l\u2019arriv\u00e9e des perturbations. La goutte froide engendre en r\u00e9alit\u00e9 une remont\u00e9e d\u2019air chaud.<\/p>\n<p class=\" wall-content\">\u00ab\u00a0Le maximum de chaleur sera observ\u00e9 lundi apr\u00e8s-midi, avec plus de 30 degr\u00e9s dans le sud ouest\u00a0\u00bb, conclut Guillaume S\u00e9chet.<\/p>\n<p class=\" wall-content\">Suivez toute l\u2019actualit\u00e9 de vos villes et m\u00e9dias favoris en vous inscrivant \u00e0 <a href=\"https:\/\/moncompte.actu.fr\" title=\"D\u00e9couvez Mon Actu\" rel=\"nofollow noopener\" data-trk=\"{&quot;cta&quot;:{&quot;action&quot;:&quot;https:\\\/\\\/moncompte.actu.fr&quot;,&quot;category&quot;:&quot;mon compte&quot;,&quot;from&quot;:&quot;article footer&quot;,&quot;name&quot;:&quot;Mon actu&quot;,&quot;type&quot;:&quot;cta&quot;}}\" target=\"_blank\">Mon Actu<\/a>.<\/p>\n","protected":false},"excerpt":{"rendered":"Par R\u00e9daction Actu Publi\u00e9 le 16 mai 2025 \u00e0 19h22 Des orages, encore des orages. Apr\u00e8s une semaine&hellip;\n","protected":false},"author":2,"featured_media":106264,"comment_status":"","ping_status":"","sticky":false,"template":"","format":"standard","meta":{"footnotes":""},"categories":[4],"tags":[11,1011,27,2487,12,4594,25],"class_list":{"0":"post-106263","1":"post","2":"type-post","3":"status-publish","4":"format-standard","5":"has-post-thumbnail","7":"category-france","8":"tag-actualites","9":"tag-fr","10":"tag-france","11":"tag-meteo","12":"tag-news","13":"tag-orages","14":"tag-republique-francaise"},"share_on_mastodon":{"url":"https:\/\/pubeurope.com\/@fr\/114521631951139149","error":""},"_links":{"self":[{"href":"https:\/\/www.europesays.com\/fr\/wp-json\/wp\/v2\/posts\/106263","targetHints":{"allow":["GET"]}}],"collection":[{"href":"https:\/\/www.europesays.com\/fr\/wp-json\/wp\/v2\/posts"}],"about":[{"href":"https:\/\/www.europesays.com\/fr\/wp-json\/wp\/v2\/types\/post"}],"author":[{"embeddable":true,"href":"https:\/\/www.europesays.com\/fr\/wp-json\/wp\/v2\/users\/2"}],"replies":[{"embeddable":true,"href":"https:\/\/www.europesays.com\/fr\/wp-json\/wp\/v2\/comments?post=106263"}],"version-history":[{"count":0,"href":"https:\/\/www.europesays.com\/fr\/wp-json\/wp\/v2\/posts\/106263\/revisions"}],"wp:featuredmedia":[{"embeddable":true,"href":"https:\/\/www.europesays.com\/fr\/wp-json\/wp\/v2\/media\/106264"}],"wp:attachment":[{"href":"https:\/\/www.europesays.com\/fr\/wp-json\/wp\/v2\/media?parent=106263"}],"wp:term":[{"taxonomy":"category","embeddable":true,"href":"https:\/\/www.europesays.com\/fr\/wp-json\/wp\/v2\/categories?post=106263"},{"taxonomy":"post_tag","embeddable":true,"href":"https:\/\/www.europesays.com\/fr\/wp-json\/wp\/v2\/tags?post=106263"}],"curies":[{"name":"wp","href":"https:\/\/api.w.org\/{rel}","templated":true}]}}