{"id":106267,"date":"2025-05-17T05:57:10","date_gmt":"2025-05-17T05:57:10","guid":{"rendered":"https:\/\/www.europesays.com\/fr\/106267\/"},"modified":"2025-05-17T05:57:10","modified_gmt":"2025-05-17T05:57:10","slug":"le-parcours-passera-bien-par-la-nef-de-leglise-desacralisee-notre-dame","status":"publish","type":"post","link":"https:\/\/www.europesays.com\/fr\/106267\/","title":{"rendered":"le parcours passera bien par la nef de l\u2019\u00e9glise d\u00e9sacralis\u00e9e Notre-Dame"},"content":{"rendered":"<p class=\"insetTitle\">Seuls les coureurs entreront dans l\u2019\u00e9difice<\/p>\n<p>C\u2019est par la grande porte que les coureurs entreront dans Notre-Dame, avant de remonter la nef (all\u00e9e principale) comme nous l\u2019a confirm\u00e9 ce vendredi Jean-Paul Pichon, pr\u00e9sident de l\u2019office des sports de Saint-Chamond.<\/p>\n<p>\u00ab\u00a0Un couloir de passage sera balis\u00e9 \u00e0 l\u2019int\u00e9rieur du b\u00e2timent, car une exposition est en cours d\u2019installation, les coureurs devront tenir cette trajectoire et nous aurons des b\u00e9n\u00e9voles post\u00e9s \u00e0 l\u2019entr\u00e9e et \u00e0 la sortie \u00bb, pr\u00e9cise-t-il.<\/p>\n<p>Les coureurs sortiront ensuite de l\u2019\u00e9glise par la rue du Presbyt\u00e8re, l\u00e0 o\u00f9 une entr\u00e9e pour Personnes \u00e0 mobilit\u00e9 r\u00e9duite (PMR) a \u00e9t\u00e9 r\u00e9cemment install\u00e9e. \u00c0 noter qu\u2019un dispositif particulier sera mis en place, pour un certain type de coureurs.<\/p>\n<p>\u00ab\u00a0Je pr\u00e9cise que nous avons sept jo\u00eblettes (1) qui participent \u00e0 la course mais qui emprunteront un autre itin\u00e9raire \u00bb, en raison de la pr\u00e9sence des marches c\u00f4t\u00e9 parvis, \u00ab\u00a0comme partout o\u00f9 il y a des escaliers \u00bb.<\/p>\n<p>Attention, seuls les coureurs auront le droit de rentrer dans l\u2019\u00e9glise, le public n\u2019y sera pas autoris\u00e9.<\/p>\n<p>Pour rappel, cette \u00e9dition du R\u2019Urban trail 2025 aura pour point de d\u00e9part et d\u2019arriv\u00e9e l\u2019Arena de Saint-Chamond. Les participants ont le choix entre deux distances\u00a0: 10\u00a0km et 21\u00a0km (relais ou solo). Ce vendredi apr\u00e8s-midi, 700 coureurs \u00e9taient d\u00e9j\u00e0 inscrits \u00e0 l\u2019\u00e9v\u00e9nement.<\/p>\n<p class=\"note\">(1) Fauteuil sp\u00e9cial \u00e9quip\u00e9 d\u2019une roue unique permettant ainsi de v\u00e9hiculer une personne en situation de handicap.<\/p>\n","protected":false},"excerpt":{"rendered":"Seuls les coureurs entreront dans l\u2019\u00e9difice C\u2019est par la grande porte que les coureurs entreront dans Notre-Dame, avant&hellip;\n","protected":false},"author":2,"featured_media":106268,"comment_status":"","ping_status":"","sticky":false,"template":"","format":"standard","meta":{"footnotes":""},"categories":[9653],"tags":[1111,11,2430,1687,7539,1777,674,1011,27,12,2661,25,9669,9670,4001,104],"class_list":{"0":"post-106267","1":"post","2":"type-post","3":"status-publish","4":"format-standard","5":"has-post-thumbnail","7":"category-saint-etienne","8":"tag-actu","9":"tag-actualites","10":"tag-auvergne-rhone-alpes","11":"tag-culture-loisirs","12":"tag-edition-loire-sud","13":"tag-eu","14":"tag-europe","15":"tag-fr","16":"tag-france","17":"tag-news","18":"tag-patrimoine-culturel","19":"tag-republique-francaise","20":"tag-saint-chamond","21":"tag-saint-chamond-ville","22":"tag-saint-etienne","23":"tag-societe"},"share_on_mastodon":{"url":"https:\/\/pubeurope.com\/@fr\/114521639826081866","error":""},"_links":{"self":[{"href":"https:\/\/www.europesays.com\/fr\/wp-json\/wp\/v2\/posts\/106267","targetHints":{"allow":["GET"]}}],"collection":[{"href":"https:\/\/www.europesays.com\/fr\/wp-json\/wp\/v2\/posts"}],"about":[{"href":"https:\/\/www.europesays.com\/fr\/wp-json\/wp\/v2\/types\/post"}],"author":[{"embeddable":true,"href":"https:\/\/www.europesays.com\/fr\/wp-json\/wp\/v2\/users\/2"}],"replies":[{"embeddable":true,"href":"https:\/\/www.europesays.com\/fr\/wp-json\/wp\/v2\/comments?post=106267"}],"version-history":[{"count":0,"href":"https:\/\/www.europesays.com\/fr\/wp-json\/wp\/v2\/posts\/106267\/revisions"}],"wp:featuredmedia":[{"embeddable":true,"href":"https:\/\/www.europesays.com\/fr\/wp-json\/wp\/v2\/media\/106268"}],"wp:attachment":[{"href":"https:\/\/www.europesays.com\/fr\/wp-json\/wp\/v2\/media?parent=106267"}],"wp:term":[{"taxonomy":"category","embeddable":true,"href":"https:\/\/www.europesays.com\/fr\/wp-json\/wp\/v2\/categories?post=106267"},{"taxonomy":"post_tag","embeddable":true,"href":"https:\/\/www.europesays.com\/fr\/wp-json\/wp\/v2\/tags?post=106267"}],"curies":[{"name":"wp","href":"https:\/\/api.w.org\/{rel}","templated":true}]}}