{"id":106270,"date":"2025-05-17T05:59:21","date_gmt":"2025-05-17T05:59:21","guid":{"rendered":"https:\/\/www.europesays.com\/fr\/106270\/"},"modified":"2025-05-17T05:59:21","modified_gmt":"2025-05-17T05:59:21","slug":"une-semaine-de-spectacles-inoubliables","status":"publish","type":"post","link":"https:\/\/www.europesays.com\/fr\/106270\/","title":{"rendered":"une semaine de spectacles inoubliables\u00a0!"},"content":{"rendered":"<p>La v\u00e9ritable force de ce festival r\u00e9side dans sa proximit\u00e9 avec le public et le lien social qu&rsquo;il cr\u00e9e entre les citoyens. \u00c0\u00a0l&rsquo;origine, il ne s&rsquo;agissait que de quelques soir\u00e9es de caf\u00e9-th\u00e9\u00e2tre, mais leur succ\u00e8s a rapidement pris de l&rsquo;ampleur. Aujourd&rsquo;hui, l&rsquo;\u00e9v\u00e9nement s&rsquo;\u00e9tend sur une semaine, et il n&rsquo;est pas rare que les spectacles se jouent \u00e0 guichets ferm\u00e9s. Avec sept Moli\u00e8re \u00e0 l&rsquo;affiche parmi les 20\u00a0titres prim\u00e9s cette ann\u00e9e dans le monde du th\u00e9\u00e2tre, le festival Aux\u00a0Actes\u00a0Citoyens confirme sa qualit\u00e9. \u00ab\u00a0Nous sommes probablement l&rsquo;une des programmations les plus r\u00e9compens\u00e9es par les Moli\u00e8res en France\u00a0! Ces distinctions font partie de l&rsquo;identit\u00e9 du festival\u00a0\u00bb, se f\u00e9licite Herv\u00e9 F\u00e9ron, maire de Tomblaine et programmateur de l&rsquo;\u00e9v\u00e9nement.<\/p>\n<p>La c\u00e9r\u00e9monie d&rsquo;inauguration se d\u00e9roulera le samedi 24\u00a0mai \u00e0\u00a015\u00a0h sur la place des Arts, avec la participation de Delphine Depardieu, marraine du festival 2025, ainsi que de la chanteuse Nicoletta et de la com\u00e9dienne et autrice am\u00e9ricaine Helena Ronee. Au programme : des spectacles, des musiciens et des performances artistiques accessibles \u00e0 tous.<\/p>\n<p>En ouverture du festival, Richard Berry pr\u00e9sentera \u00ab\u00a0L&rsquo;audience est ouverte\u00a0\u00bb, qui met en avant quatre grandes plaidoiries de l&rsquo;histoire judiciaire. Tout au long de la semaine, d&rsquo;autres figures embl\u00e9matiques se produiront, comme Patrick Chesnais avec ses \u00ab\u00a0Lettres d&rsquo;excuses\u00a0\u00bb et Christophe Malavoy dans \u00ab\u00a0Les enchanteurs\u00a0\u00bb, accompagn\u00e9 par Roland Romanelli, ancien pianiste de Barbara.<\/p>\n<p>Deux spectacles se distinguent \u00e9galement\u00a0: \u00ab\u00a0Les marchands d&rsquo;\u00e9toiles\u00a0\u00bb d&rsquo;Anthony Michineau, pr\u00e9vu le 27\u00a0mai, qui raconte l&rsquo;histoire poignante d&rsquo;une petite entreprise familiale en\u00a01942, charg\u00e9e de produire des \u00e9toiles jaunes pour les juifs \u00e0 travers l&rsquo;Europe. Le second, \u00ab\u00a0Du charbon dans les veines\u00a0\u00bb, \u00e9crit, mis en sc\u00e8ne et jou\u00e9 par Jean-Philippe Daguerre, plonge les spectateurs dans des r\u00e9cits d&rsquo;amour et d&rsquo;amiti\u00e9, cherchant \u00e0 r\u00e9v\u00e9ler l&rsquo;humanit\u00e9 au sein des \u00e9preuves v\u00e9cues par les hommes et les femmes du bassin minier. \u00c0\u00a0d\u00e9couvrir le vendredi 30\u00a0mai.<\/p>\n<p>&#13;<br \/>\n                                            Contenu con\u00e7u et propos\u00e9 par EBRA inspirations&#13;<br \/>\n                        avec Association Aux Actes Citoyens&#13;\n                                    <\/p>\n","protected":false},"excerpt":{"rendered":"La v\u00e9ritable force de ce festival r\u00e9side dans sa proximit\u00e9 avec le public et le lien social qu&rsquo;il&hellip;\n","protected":false},"author":2,"featured_media":106271,"comment_status":"","ping_status":"","sticky":false,"template":"","format":"standard","meta":{"footnotes":""},"categories":[9635],"tags":[1111,11,7884,1777,674,1011,27,775,1702,12,25],"class_list":{"0":"post-106270","1":"post","2":"type-post","3":"status-publish","4":"format-standard","5":"has-post-thumbnail","7":"category-nancy","8":"tag-actu","9":"tag-actualites","10":"tag-articles-partenaires","11":"tag-eu","12":"tag-europe","13":"tag-fr","14":"tag-france","15":"tag-grand-est","16":"tag-nancy","17":"tag-news","18":"tag-republique-francaise"},"share_on_mastodon":{"url":"https:\/\/pubeurope.com\/@fr\/114521647745036776","error":""},"_links":{"self":[{"href":"https:\/\/www.europesays.com\/fr\/wp-json\/wp\/v2\/posts\/106270","targetHints":{"allow":["GET"]}}],"collection":[{"href":"https:\/\/www.europesays.com\/fr\/wp-json\/wp\/v2\/posts"}],"about":[{"href":"https:\/\/www.europesays.com\/fr\/wp-json\/wp\/v2\/types\/post"}],"author":[{"embeddable":true,"href":"https:\/\/www.europesays.com\/fr\/wp-json\/wp\/v2\/users\/2"}],"replies":[{"embeddable":true,"href":"https:\/\/www.europesays.com\/fr\/wp-json\/wp\/v2\/comments?post=106270"}],"version-history":[{"count":0,"href":"https:\/\/www.europesays.com\/fr\/wp-json\/wp\/v2\/posts\/106270\/revisions"}],"wp:featuredmedia":[{"embeddable":true,"href":"https:\/\/www.europesays.com\/fr\/wp-json\/wp\/v2\/media\/106271"}],"wp:attachment":[{"href":"https:\/\/www.europesays.com\/fr\/wp-json\/wp\/v2\/media?parent=106270"}],"wp:term":[{"taxonomy":"category","embeddable":true,"href":"https:\/\/www.europesays.com\/fr\/wp-json\/wp\/v2\/categories?post=106270"},{"taxonomy":"post_tag","embeddable":true,"href":"https:\/\/www.europesays.com\/fr\/wp-json\/wp\/v2\/tags?post=106270"}],"curies":[{"name":"wp","href":"https:\/\/api.w.org\/{rel}","templated":true}]}}