{"id":106272,"date":"2025-05-17T06:00:56","date_gmt":"2025-05-17T06:00:56","guid":{"rendered":"https:\/\/www.europesays.com\/fr\/106272\/"},"modified":"2025-05-17T06:00:56","modified_gmt":"2025-05-17T06:00:56","slug":"tout-sur-la-foire-expo-2025","status":"publish","type":"post","link":"https:\/\/www.europesays.com\/fr\/106272\/","title":{"rendered":"tout sur la Foire expo 2025"},"content":{"rendered":"<p>On a l\u2019impression que c\u2019\u00e9tait hier\u2026 Et voil\u00e0 qu\u2019elle se profile \u00e0 l\u2019horizon\u00a0! La Foire expo de Nancy d\u00e9barque au parc des expositions de Vand\u0153uvre-l\u00e8s-Nancy dans moins d\u2019un mois avec son cort\u00e8ge de nouveaut\u00e9s, d\u2019invit\u00e9s, d\u2019animations et autres temps forts\u2026 Mais aussi <a href=\"https:\/\/www.estrepublicain.fr\/culture-loisirs\/2024\/06\/06\/derniere-ligne-droite-pour-la-foire-expo-de-nancy\" target=\"_blank\" rel=\"noopener\">de valeurs s\u00fbres que bien des visiteurs recherchent<\/a> , finalement.<\/p>\n<p>Le \u00ab\u00a0Bolit\u00a0\u00bb prot\u00e8ge les carrosseries depuis plus de trente ans, le \u00ab\u00a0Tapis vorace\u00a0\u00bb m\u00e8ne encore et toujours la vie dure \u00e0 la boue coll\u00e9e aux semelles de chaussures et le \u00ab\u00a0stick magique\u00a0\u00bb redonne une seconde jeunesse aux verres de lunettes\u2026 Quand le balai reste plus magique que jamais\u00a0!<\/p>\n<p>Apr\u00e8s <a href=\"https:\/\/www.estrepublicain.fr\/culture-loisirs\/2024\/06\/08\/les-racines-de-la-foire-expo-se-trouvent-aussi-dans-les-vignobles\" target=\"_blank\" rel=\"noopener\">une belle \u00e9dition 2024<\/a> , qui a renou\u00e9 avec <a href=\"https:\/\/www.estrepublicain.fr\/culture-loisirs\/2024\/06\/09\/la-foire-expo-de-nancy-passe-le-cap-des-100-000-visiteurs\" target=\"_blank\" rel=\"noopener\">la barre symbolique des 100\u00a0000 visiteurs<\/a> , le chapitre 2025 de la <a href=\"https:\/\/www.estrepublicain.fr\/culture-loisirs\/2024\/06\/07\/foire-expo-de-nancy-les-belles-nocturnes-du-parc-des-expositions\" target=\"_blank\" rel=\"noopener\">Foire expo entend bien confirmer la tendance<\/a>. Fruit d\u2019ann\u00e9es de fa\u00e7onnage, de retouches et d\u2019ajustements men\u00e9es par les \u00e9quipes de Destination Nancy.<\/p>\n<p>Foire exhaustive<\/p>\n<p>Le d\u00e9fi \u00e0 relever a toujours \u00e9t\u00e9 le m\u00eame. Et toujours ardu\u00a0: ancrer cet \u00e9v\u00e9nement s\u00e9culaire dans&#8230;<\/p>\n","protected":false},"excerpt":{"rendered":"On a l\u2019impression que c\u2019\u00e9tait hier\u2026 Et voil\u00e0 qu\u2019elle se profile \u00e0 l\u2019horizon\u00a0! La Foire expo de Nancy&hellip;\n","protected":false},"author":2,"featured_media":106273,"comment_status":"","ping_status":"","sticky":false,"template":"","format":"standard","meta":{"footnotes":""},"categories":[9635],"tags":[1111,11,1687,33,1704,1777,674,1685,1011,27,775,1702,1703,12,25,433],"class_list":{"0":"post-106272","1":"post","2":"type-post","3":"status-publish","4":"format-standard","5":"has-post-thumbnail","7":"category-nancy","8":"tag-actu","9":"tag-actualites","10":"tag-culture-loisirs","11":"tag-economie","12":"tag-edition-nancy-et-agglomeration","13":"tag-eu","14":"tag-europe","15":"tag-foire-et-salon","16":"tag-fr","17":"tag-france","18":"tag-grand-est","19":"tag-nancy","20":"tag-nancy-ville-54b","21":"tag-news","22":"tag-republique-francaise","23":"tag-salon-de-lagriculture"},"share_on_mastodon":{"url":"https:\/\/pubeurope.com\/@fr\/114521655424522970","error":""},"_links":{"self":[{"href":"https:\/\/www.europesays.com\/fr\/wp-json\/wp\/v2\/posts\/106272","targetHints":{"allow":["GET"]}}],"collection":[{"href":"https:\/\/www.europesays.com\/fr\/wp-json\/wp\/v2\/posts"}],"about":[{"href":"https:\/\/www.europesays.com\/fr\/wp-json\/wp\/v2\/types\/post"}],"author":[{"embeddable":true,"href":"https:\/\/www.europesays.com\/fr\/wp-json\/wp\/v2\/users\/2"}],"replies":[{"embeddable":true,"href":"https:\/\/www.europesays.com\/fr\/wp-json\/wp\/v2\/comments?post=106272"}],"version-history":[{"count":0,"href":"https:\/\/www.europesays.com\/fr\/wp-json\/wp\/v2\/posts\/106272\/revisions"}],"wp:featuredmedia":[{"embeddable":true,"href":"https:\/\/www.europesays.com\/fr\/wp-json\/wp\/v2\/media\/106273"}],"wp:attachment":[{"href":"https:\/\/www.europesays.com\/fr\/wp-json\/wp\/v2\/media?parent=106272"}],"wp:term":[{"taxonomy":"category","embeddable":true,"href":"https:\/\/www.europesays.com\/fr\/wp-json\/wp\/v2\/categories?post=106272"},{"taxonomy":"post_tag","embeddable":true,"href":"https:\/\/www.europesays.com\/fr\/wp-json\/wp\/v2\/tags?post=106272"}],"curies":[{"name":"wp","href":"https:\/\/api.w.org\/{rel}","templated":true}]}}