{"id":10628,"date":"2025-04-08T16:19:14","date_gmt":"2025-04-08T16:19:14","guid":{"rendered":"https:\/\/www.europesays.com\/fr\/10628\/"},"modified":"2025-04-08T16:19:14","modified_gmt":"2025-04-08T16:19:14","slug":"linfluenceur-redha-jr-incarcere-soupconne-davoir-tente-de-tuer-sa-compagne-2","status":"publish","type":"post","link":"https:\/\/www.europesays.com\/fr\/10628\/","title":{"rendered":"L\u2019influenceur Redha JR incarc\u00e9r\u00e9, soup\u00e7onn\u00e9 d\u2019avoir tent\u00e9 de tuer sa compagne"},"content":{"rendered":"<p>Figure incontournable de <a href=\"https:\/\/www.20minutes.fr\/high-tech\/tiktok\/\" target=\"_blank\" class=\"color-ultramarine c-link\" rel=\"noopener\">TikTok<\/a> en France, <a href=\"https:\/\/www.20minutes.fr\/arts-stars\/culture\/2975131-20210212-marseille-rheda-jr-comedien-nouvelle-star-tiktok\" target=\"_blank\" class=\"color-ultramarine c-link\" rel=\"noopener\">Redha JR<\/a>, de son vrai nom Redha Berrah, est d\u00e9sormais au c\u0153ur d\u2019une affaire criminelle d\u2019une extr\u00eame gravit\u00e9. L\u2019<a href=\"https:\/\/www.20minutes.fr\/arts-stars\/web\/influenceur\/\" target=\"_blank\" class=\"color-ultramarine c-link\" rel=\"noopener\">influenceur<\/a> marseillais, suivi par plus de six millions d\u2019abonn\u00e9s, a \u00e9t\u00e9 mis en examen pour \u00ab\u00a0<a href=\"https:\/\/www.20minutes.fr\/dossier\/tentative_d_assassinat\" target=\"_blank\" class=\"color-ultramarine c-link\" rel=\"noopener\">tentative de meurtre<\/a> sur conjoint\u00a0\u00bb et \u00ab\u00a0violences habituelles sur conjoint\u00a0\u00bb, rapporte <a href=\"https:\/\/www.bfmtv.com\/marseille\/info-bfm-marseille-provence-l-influenceur-redha-jr-mis-en-examen-pour-tentative-de-meurtre-sur-conjoint_AN-202504070508.html\" rel=\"nofollow noopener\" target=\"_blank\" class=\"color-ultramarine c-link\">BFMTV<\/a>.<\/p>\n<p>Interpell\u00e9 le mercredi 26\u00a0mars dans le 15e\u00a0arrondissement de Marseille, Redha JR a \u00e9t\u00e9 plac\u00e9 en d\u00e9tention provisoire deux jours plus tard, le vendredi 28\u00a0mars. Le parquet de <a href=\"https:\/\/www.20minutes.fr\/marseille\/\" target=\"_blank\" class=\"color-ultramarine c-link\" rel=\"noopener\">Marseille<\/a> a confirm\u00e9 l\u2019ouverture d\u2019une information judiciaire dans cette affaire de violences conjugales pr\u00e9sum\u00e9es.<\/p>\n<\/p>\n<p>La victime est dans un \u00e9tat pr\u00e9occupant<\/p>\n<p>Selon les informations de BFMTV, la victime, son \u00e9pouse, a \u00e9t\u00e9 prise en charge par les marins-pompiers et transport\u00e9e en r\u00e9animation \u00e0 l\u2019h\u00f4pital Nord de Marseille, dans un \u00e9tat jug\u00e9 pr\u00e9occupant.<\/p>\n<p><a href=\"https:\/\/www.20minutes.fr\/arts-stars\/web\/influenceur\/\" target=\"_blank\" class=\"c-link c-btn c-btn--primary\" rel=\"noopener\">Notre dossier sur les influenceurs<\/a><\/p>\n<p>Com\u00e9dien et cr\u00e9ateur de contenus tr\u00e8s actif sur les r\u00e9seaux sociaux, Redha JR est \u00e9galement suivi par un million d\u2019abonn\u00e9s sur Instagram.<\/p>\n","protected":false},"excerpt":{"rendered":"Figure incontournable de TikTok en France, Redha JR, de son vrai nom Redha Berrah, est d\u00e9sormais au c\u0153ur&hellip;\n","protected":false},"author":2,"featured_media":10629,"comment_status":"","ping_status":"","sticky":false,"template":"","format":"standard","meta":{"footnotes":""},"categories":[2],"tags":[47,11,885,118,1011,27,2438,2440,884,5117,12,883,882,25,5158,2439,798,797],"class_list":{"0":"post-10628","1":"post","2":"type-post","3":"status-publish","4":"format-standard","5":"has-post-thumbnail","7":"category-actualites","8":"tag-actualite","9":"tag-actualites","10":"tag-bouches-du-rhone","11":"tag-faits-divers","12":"tag-fr","13":"tag-france","14":"tag-influenceur","15":"tag-instagram","16":"tag-marseille","17":"tag-mise-en-examen","18":"tag-news","19":"tag-paca","20":"tag-provence-alpes-cote-dazur","21":"tag-republique-francaise","22":"tag-tentative-dassassinat","23":"tag-tiktok","24":"tag-violences-conjugales","25":"tag-violences-faites-aux-femmes"},"share_on_mastodon":{"url":"https:\/\/pubeurope.com\/@fr\/114303255582798316","error":""},"_links":{"self":[{"href":"https:\/\/www.europesays.com\/fr\/wp-json\/wp\/v2\/posts\/10628","targetHints":{"allow":["GET"]}}],"collection":[{"href":"https:\/\/www.europesays.com\/fr\/wp-json\/wp\/v2\/posts"}],"about":[{"href":"https:\/\/www.europesays.com\/fr\/wp-json\/wp\/v2\/types\/post"}],"author":[{"embeddable":true,"href":"https:\/\/www.europesays.com\/fr\/wp-json\/wp\/v2\/users\/2"}],"replies":[{"embeddable":true,"href":"https:\/\/www.europesays.com\/fr\/wp-json\/wp\/v2\/comments?post=10628"}],"version-history":[{"count":0,"href":"https:\/\/www.europesays.com\/fr\/wp-json\/wp\/v2\/posts\/10628\/revisions"}],"wp:featuredmedia":[{"embeddable":true,"href":"https:\/\/www.europesays.com\/fr\/wp-json\/wp\/v2\/media\/10629"}],"wp:attachment":[{"href":"https:\/\/www.europesays.com\/fr\/wp-json\/wp\/v2\/media?parent=10628"}],"wp:term":[{"taxonomy":"category","embeddable":true,"href":"https:\/\/www.europesays.com\/fr\/wp-json\/wp\/v2\/categories?post=10628"},{"taxonomy":"post_tag","embeddable":true,"href":"https:\/\/www.europesays.com\/fr\/wp-json\/wp\/v2\/tags?post=10628"}],"curies":[{"name":"wp","href":"https:\/\/api.w.org\/{rel}","templated":true}]}}