{"id":106282,"date":"2025-05-17T06:06:09","date_gmt":"2025-05-17T06:06:09","guid":{"rendered":"https:\/\/www.europesays.com\/fr\/106282\/"},"modified":"2025-05-17T06:06:09","modified_gmt":"2025-05-17T06:06:09","slug":"carte-quelles-sont-les-plages-les-plus-et-les-moins-a-risque-pour-les-baigneurs-en-seine-maritime","status":"publish","type":"post","link":"https:\/\/www.europesays.com\/fr\/106282\/","title":{"rendered":"CARTE. Quelles sont les plages les plus et les moins \u00e0 risque pour les baigneurs en Seine-Maritime\u00a0?"},"content":{"rendered":"<p>            Par<br \/>\n        <strong><br \/>\n            <a href=\"https:\/\/actu.fr\/auteur\/jessie-leclerc\" title=\"Consulter tous les articles de Jessie Leclerc\" target=\"_blank\" rel=\"noopener\">Jessie Leclerc<\/a><br \/>\n        <\/strong><\/p>\n<p>        Publi\u00e9 le<\/p>\n<p>            17 mai 2025 \u00e0 7h26        <\/p>\n<p>Alors que les beaux jours approchent, le sujet de <strong>la qualit\u00e9 des eaux de mer<\/strong> revient sur la table. Il inqui\u00e8te de plus en plus certains baigneurs. En 2025, l\u2019association Eaux et Rivi\u00e8res de Bretagne publie, pour la deuxi\u00e8me ann\u00e9e cons\u00e9cutive, son classement ind\u00e9pendant des plages fran\u00e7aises avec son dispositif La Belle Plage. Bas\u00e9 sur des donn\u00e9es publiques de l\u2019ARS (Agence R\u00e9gionale de Sant\u00e9), ce classement met en lumi\u00e8re<strong> les zones de baignades \u00e0 privil\u00e9gier ou, au contraire, \u00e0 \u00e9viter<\/strong>. Mais qu\u2019en est-il de nos plages <a href=\"https:\/\/actu.fr\/76actu\/\" target=\"_blank\" rel=\"noopener\">de Seine-Maritime<\/a>\u2009? Sont-elles \u00e0 risque\u2009? On fait le point.<\/p>\n<p>Comment \u00e7a marche\u2009?<\/p>\n<p class=\" wall-content\">Avant de savoir quelles plages de Seine-Maritime se d\u00e9marquent, en bien\u2026 ou en mal, il est important de comprendre la m\u00e9thode de l\u2019association pour classer ces plages.<\/p>\n<p class=\" wall-content\">Le dispositif La Belle Plage se base sur les donn\u00e9es publiques de l\u2019Agence r\u00e9gionale de sant\u00e9 (ARS) qui analyse r\u00e9guli\u00e8rement la qualit\u00e9 de l\u2019eau de baignade en mesurant, dans chaque pr\u00e9l\u00e8vement, les concentrations de <strong>deux bact\u00e9ries indicatrices\u2009: Escherichia coli et les ent\u00e9rocoques intestinaux<\/strong>. Chaque pr\u00e9l\u00e8vement est ensuite class\u00e9 selon un seuil de risque sanitaire d\u00e9fini par l\u2019Anses\u2009: \u00ab\u2009Bon\u2009\u00bb, \u00ab\u2009Moyen\u2009\u00bb ou \u00ab\u2009Mauvais\u2009\u00bb.<\/p>\n<p class=\" wall-content\">Pour \u00e9tablir <a href=\"https:\/\/www.labelleplage.fr\/\" target=\"_blank\" rel=\"noopener\">son classement, La Belle Plage<\/a> calcule, sur les quatre derni\u00e8res ann\u00e9es, la part de pr\u00e9l\u00e8vements class\u00e9s \u00ab\u2009Bon\u2009\u00bb pour chaque site. Une note sur 100 est attribu\u00e9e selon ce pourcentage, permettant de regrouper les plages en cinq cat\u00e9gories\u2009:<\/p>\n<ul class=\" wall-content\">\n<li><strong>\u00ab\u2009Recommand\u00e9\u2009\u00bb<\/strong>\u2009: au moins 95\u2009% de pr\u00e9l\u00e8vements class\u00e9s \u00ab\u2009Bon\u2009\u00bb et aucun pr\u00e9l\u00e8vement class\u00e9 \u00ab\u2009Mauvais\u2009\u00bb<\/li>\n<li><strong>\u00ab\u2009Peu risqu\u00e9\u2009\u00bb<\/strong>\u2009: plus de 85\u2009% des pr\u00e9l\u00e8vements class\u00e9s \u00ab\u2009Bon\u2009\u00bb<\/li>\n<li><strong>\u00ab\u2009D\u00e9conseill\u00e9\u2009\u00bb<\/strong>\u2009: entre 85\u2009% et 70\u2009% de pr\u00e9l\u00e8vements class\u00e9s \u00ab\u2009Bon\u2009\u00bb<\/li>\n<li><strong>\u00ab\u2009\u00c0 \u00e9viter\u2009\u00bb<\/strong>\u2009: moins de 70\u2009% des pr\u00e9l\u00e8vements class\u00e9s \u00ab\u2009Bon\u2009\u00bb<\/li>\n<li><strong>\u00ab\u2009Non class\u00e9\u2009\u00bb<\/strong>\u2009: le suivi ARS a \u00e9t\u00e9 interrompu<\/li>\n<\/ul>\n<p>Les plages \u00e0 \u00e9viter en Seine-Martime<\/p>\n<p class=\" wall-content\">Sur les 23 plages analys\u00e9es dans le d\u00e9partement, deux sites sont cat\u00e9goris\u00e9s comme \u00ab\u2009\u00e0 \u00e9viter\u2009\u00bb\u2009: Hautot-sur-Mer, pr\u00e8s de Dieppe, avec une note de 69,01 sur 100 et Saint-Aubin-sur-Mer, avec une note de 68,57 sur 100. Ces r\u00e9sultats indiquent qu\u2019une part importante des pr\u00e9l\u00e8vements y r\u00e9v\u00e8le <strong>une \u00ab\u2009pollution notable\u2009\u00bb<\/strong>, potentiellement source de maladies comme la gastro-ent\u00e9rite, la dermatite, l\u2019otite ou m\u00eame la conjonctivite.<\/p>\n<p>    <a href=\"https:\/\/www.google.com\/maps\/d\/u\/0\/embed?mid=1ew_0UOL2ZS_KKR6eGgN0j1Pzfaubos8&amp;ehbc=2E312F\" title=\"Ouvrie le lien\" target=\"_blank\" rel=\"noopener\">Cliquez ici pour visualiser le contenu<\/a><\/p>\n<p class=\" wall-content\">Mais 10 autres plages sont class\u00e9es \u00ab\u2009d\u00e9conseill\u00e9es\u2009\u00bb, notamment celle d\u2019Yport avec une note de 73,75 sur 100, ou encore, <a href=\"https:\/\/actu.fr\/normandie\/veules-les-roses_76735\/a-une-heure-de-rouen-ce-petit-village-bucolique-devrait-vous-charmer_59114912.html\" target=\"_blank\" rel=\"noopener\">Veules-les-Roses<\/a> et Saint-Valery-en-Caux avec des notes de 75 et 79,55 sur 100. Bien que cette cat\u00e9gorisation indique une qualit\u00e9 de l\u2019eau moins pr\u00e9occupante que pour la cat\u00e9gorie \u00ab\u2009\u00e0 \u00e9viter\u2009\u00bb, ces plages pr\u00e9sentent, tout de m\u00eame, un risque pour la sant\u00e9 pour les personnes immunod\u00e9prim\u00e9es. Gare \u00e0 ne pas boire la tasse\u2009!<\/p>\n<p>Pourquoi cette pollution\u2009?<\/p>\n<p class=\" wall-content\">L\u2019association pointe une d\u00e9gradation g\u00e9n\u00e9rale de la qualit\u00e9 des eux littorales en 2024. Selon elle, cette pollution est caus\u00e9e, en partie, par les fortes pr\u00e9cipitations de l\u2019\u00e9t\u00e9 2024.<\/p>\n<p class=\" wall-content\">Le long des c\u00f4tes de la Manche, cette pollution serait due \u00ab\u2009au lessivage des sols pollu\u00e9s, particuli\u00e8rement par les \u00e9levages, pour les zones rurales \u00e0 proximit\u00e9 des cours d\u2019eau, et au mauvais <a href=\"https:\/\/actu.fr\/normandie\/rouen_76540\/la-metropole-de-rouen-condamnee-a-payer-300-000-euros-pour-une-rupture-de-canalisation_61658744.html\" target=\"_blank\" rel=\"noopener\">traitement des eaux us\u00e9es<\/a>, pour les zones urbaines peupl\u00e9es\u2009\u00bb, suppose Christophe Levisage, vis pr\u00e9sident de l\u2019association Eaux et Rivi\u00e8res de Bretagne. Ce seraient donc des excr\u00e9ments qui contamineraient nos eaux.<\/p>\n<p class=\" wall-content\">Selon lui, \u00ab\u2009les eaux de baignade \u00e0 la qualit\u00e9 moyenne de ces r\u00e9gions-l\u00e0 ont une pollution constante, pas forc\u00e9ment tr\u00e8s forte, mais \u00e7a peut \u00eatre<strong> un risque pour les personnes immunod\u00e9prim\u00e9es<\/strong> qui m\u00e9ritent d\u2019\u00eatre averties\u2009\u00bb.<\/p>\n<p class=\" wall-content\">Ces r\u00e9sultats n\u00e9gatifs ne plaisent pas \u00e0 tout le monde\u2009: \u00ab\u2009Certains maires menacent de porter plainte, forc\u00e9ment ce n\u2019est pas sexy de dire que leurs plages sont pollu\u00e9es, mais nous sommes juste des lanceurs d\u2019alerte\u2009\u00bb, affirme Christophe Levisage.<\/p>\n<p>Les bons \u00e9l\u00e8ves<\/p>\n<p class=\" wall-content\">Heureusement, quelques plages rattrapent la mise avec <strong>une eau jug\u00e9e de tr\u00e8s bonne qualit\u00e9<\/strong>. Trois sites de Seine-Maritime figurent dans la cat\u00e9gorie \u00ab\u2009recommand\u00e9e\u2009\u00bb et sont class\u00e9s parmi les 620 meilleures plages de France, sur un classement de 1\u2009858 plages\u2009: <a href=\"https:\/\/actu.fr\/normandie\/etretat_76254\/cette-plage-de-la-seine-maritime-est-parmi-les-plus-populaires-de-france-sur-instagram_62513873.html\" target=\"_blank\" rel=\"noopener\">\u00c9tretat (301e du classement)<\/a> avec une note de 97,73 sur 100, Sainte-Adresse (306e) avec cette m\u00eame note, et les Petites-Dalles de Saint-Martin-aux-Buneaux (616e) avec une note de 95,45 sur 100.<\/p>\n<p class=\" wall-content\">D\u2019autres sites sont jug\u00e9s \u00ab\u2009peu risqu\u00e9s\u2009\u00bb, comme celles de F\u00e9camp, Saint-Jouin-Bruneval ou encore Veulettes-sur-Mer, qui ont toutes une note sup\u00e9rieure \u00e0 86 sur 100.<\/p>\n<p>Deux m\u00e9thodes, deux visions<\/p>\n<p class=\" wall-content\">Les m\u00e9thodes de classement du dispositif La Belle Plage diff\u00e8rent de celles de l\u2019ARS.<\/p>\n<p class=\" wall-content\">Pour Christophe Le visage, \u00ab\u2009l\u2019ARS a un classement statistique qui ne r\u00e9pond pas aux besoins des baigneurs. Notre <strong>classement est sanitaire<\/strong>, il est vraiment <a href=\"https:\/\/actu.fr\/normandie\/rouen_76540\/ou-et-quand-pourra-t-on-se-baigner-dans-la-seine-dans-la-metropole-de-rouen_61542546.html\" target=\"_blank\" rel=\"noopener\">pour le baigneur<\/a>\u2009\u00bb. Et d\u2019ajouter, \u00ab\u2009Nous ne sommes peut-\u00eatre pas r\u00e9glementaires, mais \u00e7a pique les yeux de voir l\u2019ARS dire que nous ne sommes pas l\u00e9gitimes\u2009\u00bb.<\/p>\n<blockquote class=\"ac-article-quote wall-content\">\n<p>Avec l&rsquo;ARS, peu de plages ressortent comme mauvaises. Elle n&rsquo;est pas assez s\u00e9v\u00e8re.<\/p>\n<p>    <strong>Christophe Levisage<\/strong><br \/>\n        Vis pr\u00e9sident de l&rsquo;association Eaux et Rivi\u00e8res de Bretagne.    <\/p><\/blockquote>\n<p class=\" wall-content\">L\u2019ARS explique que le classement La Belle Plage \u00ab\u2009n\u2019est pas comparable \u00bb \u2009\u00e0 son classement de la qualit\u00e9 des eaux de baignade et donc\u2009\u00ab non repr\u00e9sentatif de la qualit\u00e9 r\u00e9glementaire des eaux de baignade\u2009\u00bb.<\/p>\n<blockquote class=\"ac-article-quote wall-content\">\n<p>Cal\u00e9 sur le calendrier de la saison baln\u00e9aire, \u00e0 savoir du 15 juin au 15 septembre pour la r\u00e9gion normande, le programme de contr\u00f4le d\u00e9bute par un pr\u00e9l\u00e8vement effectu\u00e9 entre 10 et 20 jours avant le d\u00e9but de la saison baln\u00e9aire. La majorit\u00e9 des eaux de baignade font l\u2019objet d\u2019au moins 10 pr\u00e9l\u00e8vements durant la saison.<\/p>\n<p>    <strong>ARS Normandie<\/strong>\n            <\/p><\/blockquote>\n<p class=\" wall-content\">Selon l\u2019ARS Normandie, les m\u00e9thodes qu\u2019elle utilise visent, elles aussi, \u00e0 informer le public\u2009: \u00ab\u2009Chaque r\u00e9sultat d\u2019analyse, est compar\u00e9 \u00e0 des seuils, qualifi\u00e9, transmis aux maires et <strong>port\u00e9 \u00e0 la connaissance du public<\/strong>.\u2009\u00bb<\/p>\n<p class=\" wall-content\">L\u2019ARS garantit donc un respect des normes r\u00e9glementaires, tandis que La Belle Plage se positionne comme un outil plus pr\u00e9cis pour alerter le public sur les plages o\u00f9 les risques sanitaires sont r\u00e9els et imm\u00e9diats.<\/p>\n<p>Suivez l\u2019actualit\u00e9 de Rouen <a href=\"https:\/\/www.whatsapp.com\/channel\/0029VaKfnf99hXF2ddApFB1D\" target=\"_blank\" rel=\"noopener\">sur notre cha\u00eene WhatsApp<\/a> et <a href=\"https:\/\/www.tiktok.com\/@76actu.fr?lang=fr\" target=\"_blank\" rel=\"noopener\">sur notre compte TikTok<\/a><\/p>\n<p class=\" wall-content\">Suivez toute l\u2019actualit\u00e9 de vos villes et m\u00e9dias favoris en vous inscrivant \u00e0 <a href=\"https:\/\/moncompte.actu.fr\" title=\"D\u00e9couvez Mon Actu\" rel=\"nofollow noopener\" data-trk=\"{&quot;cta&quot;:{&quot;action&quot;:&quot;https:\\\/\\\/moncompte.actu.fr&quot;,&quot;category&quot;:&quot;mon compte&quot;,&quot;from&quot;:&quot;article footer&quot;,&quot;name&quot;:&quot;Mon actu&quot;,&quot;type&quot;:&quot;cta&quot;}}\" target=\"_blank\">Mon Actu<\/a>.<\/p>\n<p>                    <script async src=\"\/\/www.tiktok.com\/embed.js\"><\/script><\/p>\n","protected":false},"excerpt":{"rendered":"Par Jessie Leclerc Publi\u00e9 le 17 mai 2025 \u00e0 7h26 Alors que les beaux jours approchent, le sujet&hellip;\n","protected":false},"author":2,"featured_media":106283,"comment_status":"","ping_status":"","sticky":false,"template":"","format":"standard","meta":{"footnotes":""},"categories":[9587],"tags":[1111,11,436,1777,674,1011,27,12,5161,8302,52,1800,25,9590],"class_list":{"0":"post-106282","1":"post","2":"type-post","3":"status-publish","4":"format-standard","5":"has-post-thumbnail","7":"category-rouen","8":"tag-actu","9":"tag-actualites","10":"tag-environnement","11":"tag-eu","12":"tag-europe","13":"tag-fr","14":"tag-france","15":"tag-news","16":"tag-normandie","17":"tag-plages","18":"tag-planete","19":"tag-pollution","20":"tag-republique-francaise","21":"tag-rouen"},"share_on_mastodon":{"url":"https:\/\/pubeurope.com\/@fr\/114521675113372853","error":""},"_links":{"self":[{"href":"https:\/\/www.europesays.com\/fr\/wp-json\/wp\/v2\/posts\/106282","targetHints":{"allow":["GET"]}}],"collection":[{"href":"https:\/\/www.europesays.com\/fr\/wp-json\/wp\/v2\/posts"}],"about":[{"href":"https:\/\/www.europesays.com\/fr\/wp-json\/wp\/v2\/types\/post"}],"author":[{"embeddable":true,"href":"https:\/\/www.europesays.com\/fr\/wp-json\/wp\/v2\/users\/2"}],"replies":[{"embeddable":true,"href":"https:\/\/www.europesays.com\/fr\/wp-json\/wp\/v2\/comments?post=106282"}],"version-history":[{"count":0,"href":"https:\/\/www.europesays.com\/fr\/wp-json\/wp\/v2\/posts\/106282\/revisions"}],"wp:featuredmedia":[{"embeddable":true,"href":"https:\/\/www.europesays.com\/fr\/wp-json\/wp\/v2\/media\/106283"}],"wp:attachment":[{"href":"https:\/\/www.europesays.com\/fr\/wp-json\/wp\/v2\/media?parent=106282"}],"wp:term":[{"taxonomy":"category","embeddable":true,"href":"https:\/\/www.europesays.com\/fr\/wp-json\/wp\/v2\/categories?post=106282"},{"taxonomy":"post_tag","embeddable":true,"href":"https:\/\/www.europesays.com\/fr\/wp-json\/wp\/v2\/tags?post=106282"}],"curies":[{"name":"wp","href":"https:\/\/api.w.org\/{rel}","templated":true}]}}