{"id":1062849,"date":"2026-07-13T21:35:17","date_gmt":"2026-07-13T21:35:17","guid":{"rendered":"https:\/\/www.europesays.com\/fr\/1062849\/"},"modified":"2026-07-13T21:35:17","modified_gmt":"2026-07-13T21:35:17","slug":"en-plein-regain-de-tension-avec-liran-les-etats-unis-inaugurent-ces-engins-au-combat","status":"publish","type":"post","link":"https:\/\/www.europesays.com\/fr\/1062849\/","title":{"rendered":"En plein regain de tension avec l\u2019Iran, les \u00c9tats-Unis inaugurent ces engins au combat"},"content":{"rendered":"<p>                 \u00c0 voir aussi sur Le HuffPost            <\/p>\n<p> La lecture de ce contenu est susceptible d\u2019entra\u00eener un d\u00e9p\u00f4t de cookies de la part de l\u2019op\u00e9rateur tiers qui l\u2019h\u00e9berge. Compte-tenu des choix que vous avez exprim\u00e9s en mati\u00e8re de d\u00e9p\u00f4t de cookies, nous avons bloqu\u00e9 l\u2019affichage de ce contenu. Si vous souhaitez y acc\u00e9der, vous devez accepter la cat\u00e9gorie de cookies \u201cContenus tiers\u201d en cliquant sur le bouton ci-dessous. <\/p>\n<p> Lire la Vid\u00e9o              <\/p>\n<p class=\"asset asset-text\">Les \u00c9tats-Unis ont lanc\u00e9 des drones marins d\u2019attaque unidirectionnels contre le port iranien de Bandar Abbas, a annonc\u00e9 l\u2019arm\u00e9e am\u00e9ricaine ce lundi 13\u00a0juillet, une premi\u00e8re utilisation de ces engins en combat. Des attaques men\u00e9es apr\u00e8s que Washington a annonc\u00e9 une nouvelle salve de frappes contre l\u2019Iran en riposte aux attaques de navires dans le d\u00e9troit, attribu\u00e9es \u00e0 T\u00e9h\u00e9ran. L\u2019Iran avait annonc\u00e9 plus t\u00f4t sa fermeture \u00ab\u00a0jusqu\u2019\u00e0 nouvel ordre\u00a0\u00bb, apr\u00e8s avoir tir\u00e9 sur un navire qui empruntait selon lui une \u00ab\u00a0route non autoris\u00e9e\u00a0\u00bb.<\/p>\n<p class=\"asset asset-text\">Trois drones marins Corsair, des navires de surface sans pilote, ont pris pour cible dimanche \u00ab\u00a0une installation de maintenance de sous-marins et de navires\u00a0\u00bb situ\u00e9e dans le port de Bandar Abbas, dans le sud du pays, a d\u00e9taill\u00e9 le commandement am\u00e9ricain pour le Moyen-Orient (Centcom) sur X.<\/p>\n<p class=\"asset asset-text\">Les frappes, qui soulignent le r\u00f4le des drones dans l\u2019arsenal des op\u00e9rations militaires am\u00e9ricaines, \u00ab\u00a0ont d\u00e9grad\u00e9 les capacit\u00e9s de l\u2019Iran \u00e0 continuer d\u2019attaquer des navires de commerce\u00a0\u00bb, a encore affirm\u00e9 le Centcom. Ce dernier a accompagn\u00e9 sa publication sur X d\u2019une vid\u00e9o montrant ces drones marins frapper les installations maritimes, provoquant l\u2019explosion de deux quais.<\/p>\n<p> La lecture de ce contenu est susceptible d\u2019entra\u00eener un d\u00e9p\u00f4t de cookies de la part de l\u2019op\u00e9rateur tiers qui l\u2019h\u00e9berge. Compte-tenu des choix que vous avez exprim\u00e9s en mati\u00e8re de d\u00e9p\u00f4t de cookies, nous avons bloqu\u00e9 l\u2019affichage de ce contenu. Si vous souhaitez y acc\u00e9der, vous devez accepter la cat\u00e9gorie de cookies \u201cContenus tiers\u201d en cliquant sur le bouton ci-dessous. <\/p>\n<p> Lire la Vid\u00e9o        Un drone Corsair d\u00e9j\u00e0 d\u00e9ploy\u00e9 le mois dernier    <\/p>\n<p class=\"asset asset-text\">Le mois dernier, l\u2019arm\u00e9e am\u00e9ricaine s\u2019\u00e9tait servie d\u2019un drone Corsair, d\u00e9ploy\u00e9 pour la premi\u00e8re fois au Moyen-Orient en mars, pour le sauvetage de deux de ses aviateurs, apr\u00e8s le crash de leur h\u00e9licopt\u00e8re au Proche-Orient. Le Corsair, con\u00e7u par Saronic Technologies, une entreprise bas\u00e9e au Texas, est un \u00ab\u00a0navire de surface autonome\u00a0\u00bb de 24 pieds, propuls\u00e9 au diesel, qui peut \u00eatre mis \u00e0 l\u2019eau en mer, ce qui permet \u00e0 des b\u00e2timents plus grands de le lancer et de le r\u00e9cup\u00e9rer sans avoir \u00e0 retourner au port.<\/p>\n<p class=\"asset asset-text\">Dans le m\u00eame temps, ce lundi 13\u00a0juillet, Donald Trump a annonc\u00e9 r\u00e9tablir le blocus des ports iraniens et d\u00e9clar\u00e9 vouloir instaurer une taxe pour les navires souhaitant traverser le d\u00e9troit. Le trafic se poursuit au d\u00e9troit d\u2019Ormuz malgr\u00e9 la reprise des hostilit\u00e9s. 14\u00a0navires, dont la moiti\u00e9 \u00e9taient des navires commerciaux, ont franchi le d\u00e9troit d\u2019Ormuz, malgr\u00e9 une reprise des hostilit\u00e9s d\u00e9clench\u00e9e par l\u2019attaque d\u2019un navire dans cette voie maritime strat\u00e9gique, selon les donn\u00e9es de la soci\u00e9t\u00e9 de suivi maritime Kpler. Trump a \u00e9galement annonc\u00e9 r\u00e9tablir le blocus naval des ports iraniens.<\/p>\n","protected":false},"excerpt":{"rendered":"\u00c0 voir aussi sur Le HuffPost La lecture de ce contenu est susceptible d\u2019entra\u00eener un d\u00e9p\u00f4t de cookies&hellip;\n","protected":false},"author":2,"featured_media":978294,"comment_status":"","ping_status":"","sticky":false,"template":"","format":"standard","meta":{"footnotes":"","_share_on_mastodon":"0"},"categories":[2],"tags":[11,105927,73,1011,27,14,3019,12],"class_list":["post-1062849","post","type-post","status-publish","format-standard","has-post-thumbnail","category-actualites","tag-actualites","tag-detroit-d-ormuz","tag-etats-unis","tag-fr","tag-france","tag-international","tag-iran","tag-news"],"share_on_mastodon":{"url":"https:\/\/pubeurope.com\/@fr\/116914823204814970","error":""},"_links":{"self":[{"href":"https:\/\/www.europesays.com\/fr\/wp-json\/wp\/v2\/posts\/1062849","targetHints":{"allow":["GET"]}}],"collection":[{"href":"https:\/\/www.europesays.com\/fr\/wp-json\/wp\/v2\/posts"}],"about":[{"href":"https:\/\/www.europesays.com\/fr\/wp-json\/wp\/v2\/types\/post"}],"author":[{"embeddable":true,"href":"https:\/\/www.europesays.com\/fr\/wp-json\/wp\/v2\/users\/2"}],"replies":[{"embeddable":true,"href":"https:\/\/www.europesays.com\/fr\/wp-json\/wp\/v2\/comments?post=1062849"}],"version-history":[{"count":0,"href":"https:\/\/www.europesays.com\/fr\/wp-json\/wp\/v2\/posts\/1062849\/revisions"}],"wp:featuredmedia":[{"embeddable":true,"href":"https:\/\/www.europesays.com\/fr\/wp-json\/wp\/v2\/media\/978294"}],"wp:attachment":[{"href":"https:\/\/www.europesays.com\/fr\/wp-json\/wp\/v2\/media?parent=1062849"}],"wp:term":[{"taxonomy":"category","embeddable":true,"href":"https:\/\/www.europesays.com\/fr\/wp-json\/wp\/v2\/categories?post=1062849"},{"taxonomy":"post_tag","embeddable":true,"href":"https:\/\/www.europesays.com\/fr\/wp-json\/wp\/v2\/tags?post=1062849"}],"curies":[{"name":"wp","href":"https:\/\/api.w.org\/{rel}","templated":true}]}}