{"id":106287,"date":"2025-05-17T06:11:35","date_gmt":"2025-05-17T06:11:35","guid":{"rendered":"https:\/\/www.europesays.com\/fr\/106287\/"},"modified":"2025-05-17T06:11:35","modified_gmt":"2025-05-17T06:11:35","slug":"presidentielle-en-pologne-300-electeurs-voteront-pres-de-rennes","status":"publish","type":"post","link":"https:\/\/www.europesays.com\/fr\/106287\/","title":{"rendered":"Pr\u00e9sidentielle en Pologne\u00a0: 300\u00a0\u00e9lecteurs voteront pr\u00e8s de Rennes"},"content":{"rendered":"<p>Les Polonais de la r\u00e9gion Bretagne vont pouvoir voter pr\u00e8s de Rennes (Ille-et-Vilaine) pour le premier tour de l\u2019\u00e9lection pr\u00e9sidentielle de Pologne, organis\u00e9 dimanche 18\u00a0mai 2025. <strong>\u00ab\u00a0Le bureau de vote sera ouvert \u00e0 Betton, salle Anita-Conti, de 7h \u00e0 21\u00a0h<\/strong>, indique <a href=\"https:\/\/rennes.maville.com\/actu\/actudet_-a-80-ans-d-intervalle-des-enfants-polonais-et-ukrainiens-dessinent-leur-vie-sous-les-bombes-_7-5659359_actu.Htm\" target=\"_blank\" rel=\"noopener\">Agnieszka Moniak-Azzopardi<\/a>, professeur d\u2019histoire g\u00e9ographie, pr\u00e9sidente de la commission \u00e9lectorale n\u00b0\u00a082 et repr\u00e9sentante du Consul g\u00e9n\u00e9ral de Pologne pour les pr\u00e9sidentielles en Bretagne. <strong>Nous attendons 300\u00a0votants \u00e0 Betton qui auront le choix entre treize\u00a0candidats \u00e0 l\u2019\u00e9lection pr\u00e9sidentielle. Les \u00e9lecteurs polonais de Bretagne pouvaient s\u2019inscrire en ligne jusqu\u2019au mardi 13\u00a0mai.\u00a0\u00bb<\/strong> En 2023, <a href=\"https:\/\/rennes.maville.com\/actu\/actudet_-elections-en-pologne.-le-bureau-de-vote-ouvert-a-betton-pour-le-grand-ouest-_7-5986815_actu.Htm\" target=\"_blank\" rel=\"noopener\">pr\u00e8s de 500\u00a0\u00e9lecteurs polonais avaient vot\u00e9 \u00e0 Betton pour les l\u00e9gislatives et les s\u00e9natoriales<\/a>. <strong>\u00ab\u00a0Mais c\u2019\u00e9tait pour tout l\u2019ouest. Pour cette pr\u00e9sidentielle, deux autres bureaux de vote seront ouverts dimanche \u00e0 Caen (Calvados) et \u00e0 Nantes (Loire-Atlantique).\u00a0\u00bb<\/strong><\/p>\n<p><strong>Lire aussi\u00a0:<\/strong> <a href=\"https:\/\/rennes.maville.com\/actu\/actudet_-allemagne-pologne-canada...-quelles-sont-les-cinq-elections-a-suivre-en-2025-_54135-6615091_actu.Htm\" target=\"_blank\" rel=\"noopener\">Allemagne, Pologne, Canada\u2026 Quelles sont les cinq \u00e9lections \u00e0 suivre en 2025\u00a0?<\/a><\/p>\n<p>Si les votes seront clos \u00e0 21\u00a0h, dimanche, les volontaires de la commission \u00e9lectorale bretonne proc\u00e9deront ensuite au d\u00e9pouillement des bulletins et devront attendre la validation du scrutin et le quitus de l\u2019ambassade polonaise avant de quitter le bureau de vote. <strong>\u00ab\u00a0La derni\u00e8re fois, nous avions attendu jusqu\u2019\u00e0 5\u00a0h du matin<\/strong>\u00a0\u00bb, sourit\u00a0Agnieszka Moniak-Azzopardi.<\/p>\n<p><a href=\"https:\/\/rennes.maville.com\/actu\/actudet_-betton-a-celebre-la-pologne-et-le-succes-de-son-jumelage-_7-6280397_actu.Htm\" target=\"_blank\" rel=\"noopener\">Betton f\u00eate cette ann\u00e9e les 25\u00a0ans de son jumelage avec la ville de\u00a0Grodziske<\/a>. \u00c0 cette occasion, une d\u00e9l\u00e9gation de 50\u00a0Polonais sera accueillie du 7 au 12\u00a0juillet.<\/p>\n<p>\u00a0<\/p>\n","protected":false},"excerpt":{"rendered":"Les Polonais de la r\u00e9gion Bretagne vont pouvoir voter pr\u00e8s de Rennes (Ille-et-Vilaine) pour le premier tour de&hellip;\n","protected":false},"author":2,"featured_media":106288,"comment_status":"","ping_status":"","sticky":false,"template":"","format":"standard","meta":{"footnotes":""},"categories":[2821],"tags":[3743,1111,11,829,22330,1777,674,1011,27,12,2437,3762,3766,584,25,4937,22331],"class_list":{"0":"post-106287","1":"post","2":"type-post","3":"status-publish","4":"format-standard","5":"has-post-thumbnail","7":"category-rennes","8":"tag-3743","9":"tag-actu","10":"tag-actualites","11":"tag-bretagne","12":"tag-electeurs","13":"tag-eu","14":"tag-europe","15":"tag-fr","16":"tag-france","17":"tag-news","18":"tag-pologne","19":"tag-pres","20":"tag-presidentielle","21":"tag-rennes","22":"tag-republique-francaise","23":"tag-saint-brieuc","24":"tag-voteront"},"share_on_mastodon":{"url":"https:\/\/pubeurope.com\/@fr\/114521694778963577","error":""},"_links":{"self":[{"href":"https:\/\/www.europesays.com\/fr\/wp-json\/wp\/v2\/posts\/106287","targetHints":{"allow":["GET"]}}],"collection":[{"href":"https:\/\/www.europesays.com\/fr\/wp-json\/wp\/v2\/posts"}],"about":[{"href":"https:\/\/www.europesays.com\/fr\/wp-json\/wp\/v2\/types\/post"}],"author":[{"embeddable":true,"href":"https:\/\/www.europesays.com\/fr\/wp-json\/wp\/v2\/users\/2"}],"replies":[{"embeddable":true,"href":"https:\/\/www.europesays.com\/fr\/wp-json\/wp\/v2\/comments?post=106287"}],"version-history":[{"count":0,"href":"https:\/\/www.europesays.com\/fr\/wp-json\/wp\/v2\/posts\/106287\/revisions"}],"wp:featuredmedia":[{"embeddable":true,"href":"https:\/\/www.europesays.com\/fr\/wp-json\/wp\/v2\/media\/106288"}],"wp:attachment":[{"href":"https:\/\/www.europesays.com\/fr\/wp-json\/wp\/v2\/media?parent=106287"}],"wp:term":[{"taxonomy":"category","embeddable":true,"href":"https:\/\/www.europesays.com\/fr\/wp-json\/wp\/v2\/categories?post=106287"},{"taxonomy":"post_tag","embeddable":true,"href":"https:\/\/www.europesays.com\/fr\/wp-json\/wp\/v2\/tags?post=106287"}],"curies":[{"name":"wp","href":"https:\/\/api.w.org\/{rel}","templated":true}]}}