{"id":106291,"date":"2025-05-17T06:13:10","date_gmt":"2025-05-17T06:13:10","guid":{"rendered":"https:\/\/www.europesays.com\/fr\/106291\/"},"modified":"2025-05-17T06:13:10","modified_gmt":"2025-05-17T06:13:10","slug":"trois-jours-de-fete-aux-studios-du-rhin","status":"publish","type":"post","link":"https:\/\/www.europesays.com\/fr\/106291\/","title":{"rendered":"trois jours de f\u00eate aux Studios du Rhin"},"content":{"rendered":"<p>Cette 3e \u00e9dition du Merci Beaucoup Festival se veut une exp\u00e9rience immersive et musicale au croisement de divers styles\u00a0: house, techno, trance, new beat\u2026 Un d\u00e9ferlement de beats et bonnes ondes partag\u00e9 entre le plein air, fa\u00e7on guinguette enchant\u00e9e, et le dancefloor underground d\u2019un club alternatif.<\/p>\n<p>Aux manettes\u00a0: Amaliah, Spray, THC, Aldonna, Bielefeld Murder Boys ou Younger Than Me. Des DJ venus de Londres, Berlin et m\u00eame de Colombie pour faire partager leur exp\u00e9rience sonore. Diverses animations ludiques et festives agr\u00e9menteront cette programmation qui mettra aussi \u00e0 l\u2019affiche quelques talents locaux. Buvette et restauration dans l\u2019esprit du lieu accompagneront l\u2019\u00e9v\u00e9nement.<\/p>\n<p class=\"note\">Studios du Rhin, 2 rue du Rhin-Napol\u00e9on \u00e0 Strasbourg, du vendredi 23\u00a0mai \u00e0 18\u00a0h au dimanche 25\u00a0mai \u00e0 22\u00a0h. Tarifs\u00a0: \u00e0 partir de 8\u00a0\u20ac la journ\u00e9e. Infos et billetterie sur <a href=\"https:\/\/www.mrcbcp.com\/\" target=\"_blank\" rel=\"nofollow noopener\">www.mrcbcp.com<\/a><\/p>\n","protected":false},"excerpt":{"rendered":"Cette 3e \u00e9dition du Merci Beaucoup Festival se veut une exp\u00e9rience immersive et musicale au croisement de divers&hellip;\n","protected":false},"author":2,"featured_media":106292,"comment_status":"","ping_status":"","sticky":false,"template":"","format":"standard","meta":{"footnotes":""},"categories":[2820],"tags":[1111,11,2389,1687,2880,1777,674,107,1011,27,775,873,12,25,640,2879],"class_list":{"0":"post-106291","1":"post","2":"type-post","3":"status-publish","4":"format-standard","5":"has-post-thumbnail","7":"category-strasbourg","8":"tag-actu","9":"tag-actualites","10":"tag-alsace","11":"tag-culture-loisirs","12":"tag-edition-strasbourg","13":"tag-eu","14":"tag-europe","15":"tag-fil-info","16":"tag-fr","17":"tag-france","18":"tag-grand-est","19":"tag-musique","20":"tag-news","21":"tag-republique-francaise","22":"tag-strasbourg","23":"tag-strasbourg-ville"},"share_on_mastodon":{"url":"https:\/\/pubeurope.com\/@fr\/114521702632069485","error":""},"_links":{"self":[{"href":"https:\/\/www.europesays.com\/fr\/wp-json\/wp\/v2\/posts\/106291","targetHints":{"allow":["GET"]}}],"collection":[{"href":"https:\/\/www.europesays.com\/fr\/wp-json\/wp\/v2\/posts"}],"about":[{"href":"https:\/\/www.europesays.com\/fr\/wp-json\/wp\/v2\/types\/post"}],"author":[{"embeddable":true,"href":"https:\/\/www.europesays.com\/fr\/wp-json\/wp\/v2\/users\/2"}],"replies":[{"embeddable":true,"href":"https:\/\/www.europesays.com\/fr\/wp-json\/wp\/v2\/comments?post=106291"}],"version-history":[{"count":0,"href":"https:\/\/www.europesays.com\/fr\/wp-json\/wp\/v2\/posts\/106291\/revisions"}],"wp:featuredmedia":[{"embeddable":true,"href":"https:\/\/www.europesays.com\/fr\/wp-json\/wp\/v2\/media\/106292"}],"wp:attachment":[{"href":"https:\/\/www.europesays.com\/fr\/wp-json\/wp\/v2\/media?parent=106291"}],"wp:term":[{"taxonomy":"category","embeddable":true,"href":"https:\/\/www.europesays.com\/fr\/wp-json\/wp\/v2\/categories?post=106291"},{"taxonomy":"post_tag","embeddable":true,"href":"https:\/\/www.europesays.com\/fr\/wp-json\/wp\/v2\/tags?post=106291"}],"curies":[{"name":"wp","href":"https:\/\/api.w.org\/{rel}","templated":true}]}}