{"id":106309,"date":"2025-05-17T06:22:08","date_gmt":"2025-05-17T06:22:08","guid":{"rendered":"https:\/\/www.europesays.com\/fr\/106309\/"},"modified":"2025-05-17T06:22:08","modified_gmt":"2025-05-17T06:22:08","slug":"diffusion-saint-etienne-toulouse-a-quelle-heure-et-sur-quelle-chaine-voir-le-match-en-direct","status":"publish","type":"post","link":"https:\/\/www.europesays.com\/fr\/106309\/","title":{"rendered":"Diffusion Saint-\u00c9tienne \u2013 Toulouse : \u00e0 quelle heure et sur quelle cha\u00eene voir le match en direct ?"},"content":{"rendered":"<p class=\"paragraph text_align_left\">Cette semaine, l\u2019AS Saint-\u00c9tienne dispute l\u2019une des rencontres les plus capitales de la saison 2024-2025. Pour le moment, les Verts sont en position de rel\u00e9gation, avec un point de retard sur les barragistes du Havre. Apr\u00e8s avoir battu Reims (0-2), les St\u00e9phanois doivent remporter une neuvi\u00e8me victoire de rang pour tenter de conserver une place en Ligue 1 McDonald\u2019s. Du c\u00f4t\u00e9 toulousain, les Violets occupent la douzi\u00e8me place du classement g\u00e9n\u00e9ral, avec trente-neuf points au compteur. Le Toulouse FC est donc d\u2019ores et d\u00e9j\u00e0 certain de disputer la prochaine saison en premi\u00e8re division. Pour ce d\u00e9placement, l\u2019entra\u00eeneur Carles Martinez Novell peut compter sur les retours de suspension de Charlie Cresswell et de Noah Edjouma. Pour m\u00e9moire, le match aller s\u2019est sold\u00e9 en faveur des Violets, sur un score final de deux buts \u00e0 un. Dans ces lignes, <a href=\"https:\/\/www.dazn.com\/fr-FR\/welcome?clickref=1100lAqpwP8k&amp;utm_source=affiliate&amp;utm_medium=leparisien&amp;utm_campaign=campaign&amp;utm_term=term&amp;utm_content=1011l230073|1100lAqpwP8k|leparisien&amp;gad_source=7&amp;dclid=CMn_isfWoo0DFQQx-wMd75cmNw\" target=\"_blank\" rel=\"sponsored nofollow noopener\">on vous dit \u00e0 quelle heure et sur quelle cha\u00eene regarder le duel entre l\u2019AS Saint-\u00c9tienne et le Toulouse FC, en direct ce samedi soi<\/a>r.<\/p>\n<p>Diffusion Saint-\u00c9tienne \u2013 Toulouse en direct : sur quelle cha\u00eene regarder le match ?<\/p>\n<p class=\"paragraph text_align_left\"><b>Le match qui oppose l\u2019AS Saint-\u00c9tienne et le Toulouse FC est diffus\u00e9 ce samedi soir, en direct <\/b><a href=\"https:\/\/www.dazn.com\/fr-FR\/welcome?clickref=1100lAqpwP8k&amp;utm_source=affiliate&amp;utm_medium=leparisien&amp;utm_campaign=campaign&amp;utm_term=term&amp;utm_content=1011l230073|1100lAqpwP8k|leparisien&amp;gad_source=7&amp;dclid=CMn_isfWoo0DFQQx-wMd75cmNw\" target=\"_blank\" rel=\"sponsored nofollow noopener\"><b>sur la cha\u00eene DAZN 5<\/b><\/a><b>.<\/b> Le coup d\u2019envoi de la rencontre est pr\u00e9vu \u00e0 21 heures, au Chaudron. L\u2019arbitre Thomas L\u00e9onard dirigera le face-\u00e0-face, assist\u00e9 d\u2019Hamid Guenaoui et de St\u00e9phane Bre \u00e0 la VAR. Les commentateurs pr\u00e9sentent l\u2019affiche, les enjeux et les derni\u00e8res actualit\u00e9s des clubs en lice, avant de d\u00e9crypter les performances des joueurs. Ils analysent ensuite les r\u00e9sultats et reviennent sur les temps forts de la soir\u00e9e.<\/p>\n<p class=\"paragraph text_align_left\"><b>Cliquez ici pour<\/b><a href=\"https:\/\/dazn.prf.hn\/click\/camref:1011lSfUI\/destination:https%3A%2F%2Fwww.dazn.com%2Ffr-FR%2F\" rel=\"sponsored nofollow noopener\" target=\"_blank\"><b> retrouver les offres DAZN<\/b><\/a><\/p>\n<p class=\"paragraph text_align_left\"><b>NOUVELLE OFFRE LIMIT\u00c9E : <\/b><a href=\"https:\/\/dazn.prf.hn\/click\/camref:1011lSfUI\/destination:https%3A%2F%2Fwww.dazn.com%2Ffr-FR%2F\" rel=\"sponsored nofollow noopener\" target=\"_blank\"><b>\u00a0b\u00e9n\u00e9ficiez de la fin de saison de Ligue 1 pour 35 euros<\/b><\/a><b> !<\/b><\/p>\n<p class=\"paragraph text_align_left\"><b>En ce moment, deux offres sont disponibles sur les abonnements DAZN :<\/b><\/p>\n","protected":false},"excerpt":{"rendered":"Cette semaine, l\u2019AS Saint-\u00c9tienne dispute l\u2019une des rencontres les plus capitales de la saison 2024-2025. Pour le moment,&hellip;\n","protected":false},"author":2,"featured_media":106310,"comment_status":"","ping_status":"","sticky":false,"template":"","format":"standard","meta":{"footnotes":""},"categories":[2816],"tags":[1111,11,1777,674,1011,27,749,66,12,2680,25,4001,2312,6718],"class_list":{"0":"post-106309","1":"post","2":"type-post","3":"status-publish","4":"format-standard","5":"has-post-thumbnail","7":"category-toulouse","8":"tag-actu","9":"tag-actualites","10":"tag-eu","11":"tag-europe","12":"tag-fr","13":"tag-france","14":"tag-guide-shopping","15":"tag-ligue-1","16":"tag-news","17":"tag-occitanie","18":"tag-republique-francaise","19":"tag-saint-etienne","20":"tag-toulouse","21":"tag-tv-streaming"},"share_on_mastodon":{"url":"https:\/\/pubeurope.com\/@fr\/114521738049430244","error":""},"_links":{"self":[{"href":"https:\/\/www.europesays.com\/fr\/wp-json\/wp\/v2\/posts\/106309","targetHints":{"allow":["GET"]}}],"collection":[{"href":"https:\/\/www.europesays.com\/fr\/wp-json\/wp\/v2\/posts"}],"about":[{"href":"https:\/\/www.europesays.com\/fr\/wp-json\/wp\/v2\/types\/post"}],"author":[{"embeddable":true,"href":"https:\/\/www.europesays.com\/fr\/wp-json\/wp\/v2\/users\/2"}],"replies":[{"embeddable":true,"href":"https:\/\/www.europesays.com\/fr\/wp-json\/wp\/v2\/comments?post=106309"}],"version-history":[{"count":0,"href":"https:\/\/www.europesays.com\/fr\/wp-json\/wp\/v2\/posts\/106309\/revisions"}],"wp:featuredmedia":[{"embeddable":true,"href":"https:\/\/www.europesays.com\/fr\/wp-json\/wp\/v2\/media\/106310"}],"wp:attachment":[{"href":"https:\/\/www.europesays.com\/fr\/wp-json\/wp\/v2\/media?parent=106309"}],"wp:term":[{"taxonomy":"category","embeddable":true,"href":"https:\/\/www.europesays.com\/fr\/wp-json\/wp\/v2\/categories?post=106309"},{"taxonomy":"post_tag","embeddable":true,"href":"https:\/\/www.europesays.com\/fr\/wp-json\/wp\/v2\/tags?post=106309"}],"curies":[{"name":"wp","href":"https:\/\/api.w.org\/{rel}","templated":true}]}}