{"id":106335,"date":"2025-05-17T06:35:10","date_gmt":"2025-05-17T06:35:10","guid":{"rendered":"https:\/\/www.europesays.com\/fr\/106335\/"},"modified":"2025-05-17T06:35:10","modified_gmt":"2025-05-17T06:35:10","slug":"en-direct-guerre-en-ukraine-9-morts-dans-une-frappe-russe-sur-un-minibus","status":"publish","type":"post","link":"https:\/\/www.europesays.com\/fr\/106335\/","title":{"rendered":"EN DIRECT &#8211; Guerre en Ukraine : 9 morts dans une frappe russe sur un minibus"},"content":{"rendered":"<p>Voici les informations marquantes des derni\u00e8res 24 heures, relatives au conflit :<\/p>\n<p>&#8211; Russes et Ukrainiens se sont r\u00e9unis vendredi \u00e0 Istanbul pour leurs premiers pourparlers de paix depuis le d\u00e9but de la guerre. Mais les discussions ont tourn\u00e9 court, une source ukrainienne accusant la d\u00e9l\u00e9gation russe d\u2019avoir pr\u00e9sent\u00e9 des \u00ab\u00a0demandes inacceptables\u00a0\u00bb.<\/p>\n<p>&#8211; Les n\u00e9gociateurs russe et ukrainien ont annonc\u00e9, apr\u00e8s leurs pourparlers \u00e0 Instanbul, avoir \u00e9voqu\u00e9 la possibilit\u00e9 d&rsquo;instaurer un cessez-le-feu, d&rsquo;organiser une rencontre entre les pr\u00e9sidents Vladimir Poutine et Volodymyr Zelensky et pr\u00e9voir un \u00e9change de prisonniers de 1.000 personnes de chaque camp. \u00ab\u00a0Dans les prochains jours, un \u00e9change massif de prisonniers, \u00e0 raison de 1.000 contre 1.000, aura lieu\u00a0\u00bb, a annonc\u00e9 le n\u00e9gociateur russe Vladimir Medinski. Une information confirm\u00e9e par le chef de la d\u00e9l\u00e9gation ukrainienne, Roustem Oumerov.<\/p>\n<p>&#8211; Emmanuel Macron a affirm\u00e9 que les Europ\u00e9ens poursuivaient la pr\u00e9paration de sanctions contre la Russie \u00ab\u00a0en coordination\u00a0\u00bb avec les \u00c9tats-Unis, qu&rsquo;ils imposeraient si Moscou continue de refuser un cessez-le-feu en Ukraine. \u00ab\u00a0Ce qui reste d&rsquo;actualit\u00e9, c&rsquo;est (&#8230;) la seule proposition concr\u00e8te qui a \u00e9t\u00e9 faite, c&rsquo;est celle d&rsquo;un cessez-le-feu inconditionnel\u00a0\u00bb, a-t-il expliqu\u00e9 depuis Tirana, apr\u00e8s des \u00e9changes infructueux sur ce th\u00e8me entre Kiev et Moscou \u00e0 Istanbul.<\/p>\n<p>&#8211; Sur le terrain, la pression russe, elle, n&rsquo;a jamais faibli. Selon notre envoy\u00e9e sp\u00e9ciale sur place, Claire Cambier, qui se situait vendredi au Nord de Pokrovsk dans l&rsquo;oblast de Donetsk \u00e0 l&rsquo;est du pays, Moscou continuait de faire progresser ses forces. Elles ont revendiqu\u00e9 vendredi la prise de deux nouveaux villages dans le Donbass, et se rapprochaient de l&rsquo;oblast de Dnirpro.<\/p>\n","protected":false},"excerpt":{"rendered":"Voici les informations marquantes des derni\u00e8res 24 heures, relatives au conflit : &#8211; Russes et Ukrainiens se sont&hellip;\n","protected":false},"author":2,"featured_media":106336,"comment_status":"","ping_status":"","sticky":false,"template":"","format":"standard","meta":{"footnotes":""},"categories":[1591],"tags":[1111,11,1921,75,1073,73,1887,1918,1922,1916,12,1885,1886,132,3496,220,1917,133,1920,135,134],"class_list":{"0":"post-106335","1":"post","2":"type-post","3":"status-publish","4":"format-standard","5":"has-post-thumbnail","7":"category-russie","8":"tag-actu","9":"tag-actualites","10":"tag-article-video","11":"tag-donald-trump","12":"tag-emmanuel-macron","13":"tag-etats-unis","14":"tag-federation-de-russie","15":"tag-guerre-en-ukraine-une-treve-en-negociation","16":"tag-info","17":"tag-moscou","18":"tag-news","19":"tag-russia","20":"tag-russian-federation","21":"tag-russie","22":"tag-turquie","23":"tag-ukraine","24":"tag-ukraine-4-annee-de-guerre","25":"tag-video","26":"tag-video-international","27":"tag-vladimir-poutine","28":"tag-volodymyr-zelensky"},"share_on_mastodon":{"url":"https:\/\/pubeurope.com\/@fr\/114521789174809728","error":""},"_links":{"self":[{"href":"https:\/\/www.europesays.com\/fr\/wp-json\/wp\/v2\/posts\/106335","targetHints":{"allow":["GET"]}}],"collection":[{"href":"https:\/\/www.europesays.com\/fr\/wp-json\/wp\/v2\/posts"}],"about":[{"href":"https:\/\/www.europesays.com\/fr\/wp-json\/wp\/v2\/types\/post"}],"author":[{"embeddable":true,"href":"https:\/\/www.europesays.com\/fr\/wp-json\/wp\/v2\/users\/2"}],"replies":[{"embeddable":true,"href":"https:\/\/www.europesays.com\/fr\/wp-json\/wp\/v2\/comments?post=106335"}],"version-history":[{"count":0,"href":"https:\/\/www.europesays.com\/fr\/wp-json\/wp\/v2\/posts\/106335\/revisions"}],"wp:featuredmedia":[{"embeddable":true,"href":"https:\/\/www.europesays.com\/fr\/wp-json\/wp\/v2\/media\/106336"}],"wp:attachment":[{"href":"https:\/\/www.europesays.com\/fr\/wp-json\/wp\/v2\/media?parent=106335"}],"wp:term":[{"taxonomy":"category","embeddable":true,"href":"https:\/\/www.europesays.com\/fr\/wp-json\/wp\/v2\/categories?post=106335"},{"taxonomy":"post_tag","embeddable":true,"href":"https:\/\/www.europesays.com\/fr\/wp-json\/wp\/v2\/tags?post=106335"}],"curies":[{"name":"wp","href":"https:\/\/api.w.org\/{rel}","templated":true}]}}