{"id":1063376,"date":"2026-07-14T04:09:48","date_gmt":"2026-07-14T04:09:48","guid":{"rendered":"https:\/\/www.europesays.com\/fr\/1063376\/"},"modified":"2026-07-14T04:09:48","modified_gmt":"2026-07-14T04:09:48","slug":"espagne-la-demi-finale-de-la-coupe-du-monde-diffusee-a-nancy","status":"publish","type":"post","link":"https:\/\/www.europesays.com\/fr\/1063376\/","title":{"rendered":"Espagne : la demi-finale de la Coupe du monde diffus\u00e9e \u00e0 Nancy"},"content":{"rendered":"<p><img decoding=\"async\" class=\"\" style=\"width:100%\" src=\"https:\/\/www.europesays.com\/fr\/wp-content\/uploads\/2026\/07\/Fan_Zone_Nancy1783957777085.png\" alt=\"Une nouvelle Fan Zone est pr\u00e9vue \u00e0 Nancy pour la demi-finale\"\/><\/p>\n<p>Une nouvelle Fan Zone est pr\u00e9vue \u00e0 Nancy pour la demi-finale<\/p>\n<p>Cr\u00e9dit : M\u00e9tropole du Grand Nancy<\/p>\n<p>Au parc de la P\u00e9pini\u00e8re, 10 000 personnes sont attendues dans une Fan Zone, organis\u00e9e sp\u00e9cialement pour la demi-finale, ce 14 juillet.<\/p>\n<p>Un premier espace de ce genre avait d\u00e9j\u00e0 \u00e9t\u00e9 install\u00e9 par la M\u00e9tropole du Grand Nancy et la Ville de Nancy <a href=\"https:\/\/www.magnumlaradio.com\/france-maroc-en-quarts-de-finale-nancy-s-enflamme-pour-une-fan-zone-geante-ce-jeudi-soir\" rel=\"noopener nofollow\" target=\"_blank\">\u00e0 la salle des f\u00eates de Gentilly<\/a> lors des quarts de finale opposant la France au Maroc jeudi dernier.<\/p>\n<p>Deux c\u00e9l\u00e9brations en une<\/p>\n<p>Ce mardi 14 juillet 2026 est <a href=\"https:\/\/www.magnumlaradio.com\/demi-finale-fete-nationale-et-canicule-comment-les-vosges-et-la-meurthe-et-moselle-s-organisent\" rel=\"noopener nofollow\" target=\"_blank\">une journ\u00e9e plac\u00e9e sous le signe de la f\u00eate<\/a>.<\/p>\n<p>En effet, aux c\u00e9l\u00e9brations de la f\u00eate nationale s\u2019ajoute le match de football opposant la France \u00e0 l\u2019Espagne, \u00e0 l\u2019occasion de la demi-finale de la Coupe du monde 2026.<\/p>\n<p>Pour l\u2019\u00e9v\u00e8nement, des dispositifs particuliers sont mis en place afin de cr\u00e9er des espaces de visionnage collectif du match. Parmi eux, dix Fan Zones sont organis\u00e9es dans le d\u00e9partement de Meurthe-et-Moselle, dont une Fan Zone en plein c\u0153ur de Nancy, au parc de la P\u00e9pini\u00e8re.<\/p>\n<p>Jusqu&rsquo;\u00e0 10 000 personnes attendues sur place<\/p>\n<p>Dans ce cadre verdoyant, un \u00e9cran g\u00e9ant partagera en direct la demi-finale de ce mardi.<\/p>\n<p>Ouverte d\u00e8s 18 heures, 10 000 supporteurs maximum pourront partager un moment plein d\u2019\u00e9motions sans perdre une miette dans cette Fan Zone exceptionnelle. L\u2019entr\u00e9e est gratuite, dans la limite des places disponibles.<\/p>\n<p>Dans cet espace convivial, le public pourra se restaurer gr\u00e2ce \u00e0 la pr\u00e9sence d\u2019un food-trucks, d\u2019une buvette et d\u2019un glacier.<\/p>\n<p>Des mesures de s\u00e9curit\u00e9 mises en place<\/p>\n<p>Des mesures de s\u00e9curit\u00e9 seront toutefois appliqu\u00e9s.<\/p>\n<p>Les v\u00e9los, trottinettes, skateboards ou les casques de moto ne seront pas autoris\u00e9s dans l\u2019enceinte de la zone.<\/p>\n<p>Les boissons alcoolis\u00e9es, les bouteilles en plastique avec bouchon, les gourdes ainsi que les canettes seront \u00e9galement interdites.<\/p>\n<p>En dehors des animaux d\u2019assistance, les animaux ne seront pas admis.<\/p>\n<p>Une Fan Zone qui reste ouverte<\/p>\n<p>L\u2019espace restera en place afin de transmettre, d\u00e8s le lendemain la demi-finale Angleterre \u2013 Argentine, pr\u00e9vue ce mercredi 15 juillet.<\/p>\n<p>En cas de qualification de la Fance pour la finale, une Fan Zone sera de nouveau ouverte, cette fois-ci sur la place Stanislas, avec une capacit\u00e9 d\u2019accueil de 20 000 personnes.<\/p>\n","protected":false},"excerpt":{"rendered":"Une nouvelle Fan Zone est pr\u00e9vue \u00e0 Nancy pour la demi-finale Cr\u00e9dit : M\u00e9tropole du Grand Nancy Au&hellip;\n","protected":false},"author":2,"featured_media":1063377,"comment_status":"","ping_status":"","sticky":false,"template":"","format":"standard","meta":{"footnotes":"","_share_on_mastodon":"0"},"categories":[9635],"tags":[10915,1111,11,44881,451,11170,64,1777,674,18044,7186,2257,63,1011,27,110221,775,3457,1702,12,25],"class_list":["post-1063376","post","type-post","status-publish","format-standard","has-post-thumbnail","category-nancy","tag-14-juillet","tag-actu","tag-actualites","tag-coup-denvoi","tag-coupe-du-monde","tag-demi-finale","tag-equipe-de-france","tag-eu","tag-europe","tag-fan-zone","tag-festivites","tag-foot","tag-football","tag-fr","tag-france","tag-france-espagne","tag-grand-est","tag-meurthe-et-moselle","tag-nancy","tag-news","tag-republique-francaise"],"share_on_mastodon":{"url":"https:\/\/pubeurope.com\/@fr\/116916373932034433","error":""},"_links":{"self":[{"href":"https:\/\/www.europesays.com\/fr\/wp-json\/wp\/v2\/posts\/1063376","targetHints":{"allow":["GET"]}}],"collection":[{"href":"https:\/\/www.europesays.com\/fr\/wp-json\/wp\/v2\/posts"}],"about":[{"href":"https:\/\/www.europesays.com\/fr\/wp-json\/wp\/v2\/types\/post"}],"author":[{"embeddable":true,"href":"https:\/\/www.europesays.com\/fr\/wp-json\/wp\/v2\/users\/2"}],"replies":[{"embeddable":true,"href":"https:\/\/www.europesays.com\/fr\/wp-json\/wp\/v2\/comments?post=1063376"}],"version-history":[{"count":0,"href":"https:\/\/www.europesays.com\/fr\/wp-json\/wp\/v2\/posts\/1063376\/revisions"}],"wp:featuredmedia":[{"embeddable":true,"href":"https:\/\/www.europesays.com\/fr\/wp-json\/wp\/v2\/media\/1063377"}],"wp:attachment":[{"href":"https:\/\/www.europesays.com\/fr\/wp-json\/wp\/v2\/media?parent=1063376"}],"wp:term":[{"taxonomy":"category","embeddable":true,"href":"https:\/\/www.europesays.com\/fr\/wp-json\/wp\/v2\/categories?post=1063376"},{"taxonomy":"post_tag","embeddable":true,"href":"https:\/\/www.europesays.com\/fr\/wp-json\/wp\/v2\/tags?post=1063376"}],"curies":[{"name":"wp","href":"https:\/\/api.w.org\/{rel}","templated":true}]}}