{"id":106343,"date":"2025-05-17T06:39:13","date_gmt":"2025-05-17T06:39:13","guid":{"rendered":"https:\/\/www.europesays.com\/fr\/106343\/"},"modified":"2025-05-17T06:39:13","modified_gmt":"2025-05-17T06:39:13","slug":"la-percee-de-lafd-ou-le-fantome-du-nazisme","status":"publish","type":"post","link":"https:\/\/www.europesays.com\/fr\/106343\/","title":{"rendered":"La perc\u00e9e de l\u2019AFD ou le fant\u00f4me du nazisme"},"content":{"rendered":"<p>Suite aux <a href=\"https:\/\/www.humanite.fr\/monde\/allemagne\/pas-encore-elu-par-le-bundestag-friedrich-merz-annonce-mesures-anti-immigration-deregulations-et-course-a-larmement\" data-type=\"post\" data-id=\"2807225\" target=\"_blank\" rel=\"noopener\">\u00e9lections f\u00e9d\u00e9rales allemandes du 23\u00a0f\u00e9vrier 2025<\/a> qui ont certes assur\u00e9 la victoire des conservateurs de la CDU\/CSU, mais surtout la perc\u00e9e historique sans pr\u00e9c\u00e9dent depuis 1945 du parti d\u2019extr\u00eame droite, l\u2019Alternative f\u00fcr Deutschland (AfD) qui a obtenu 20,8\u00a0% des suffrages, et suite \u00e0 l\u2019installation du nouveau Bundestag le 25\u00a0mars dernier o\u00f9 l\u2019AfD occupe 158 si\u00e8ges, ce parti devient ainsi la principale force d\u2019opposition allemande. Il semble donc urgent de se demander si ce vote s\u2019av\u00e8re conjoncturel, s\u2019apparentant \u00e0 une r\u00e9action contre la politique du gouvernement d\u2019Angela Merkel (2005-2021) et d\u2019Olaf Scholz (2021-2025), refl\u00e9tant surtout des pr\u00e9occupations \u00e9conomiques et sociales, ou si ce vote se r\u00e9v\u00e8le davantage structurel, culturel ou identitaire, puisant sa source\u00a0dans le pass\u00e9 national-socialiste qui demeure un fant\u00f4me encore pr\u00e9sent dans l\u2019Allemagne contemporaine. Ceci malgr\u00e9 la d\u00e9nazification op\u00e9r\u00e9e tant en RFA qu\u2019en RDA.<\/p>\n<p>En Allemagne de l\u2019Ouest, malgr\u00e9 la politique de d\u00e9nazification initi\u00e9e par le chancelier Adenauer d\u00e8s 1949, qui fut essentiellement juridique, les Allemands de l\u2019Ouest \u00e9taient loin de condamner unanimement le nazisme, comme l\u2019expose le mus\u00e9e de l\u2019Histoire de l\u2019Allemagne de l\u2019Ouest apr\u00e8s Hitler (Haus der Geschichte der BRD) \u00e0 Bonn. Plusieurs chiffres \u00e9clairants, et m\u00eame effarants, accr\u00e9ditent la th\u00e8se selon laquelle le nazisme n\u2019a pas \u00e9t\u00e9 un accident de l\u2019histoire allemande, mais un substrat qui s\u2019inscrit dans l\u2019histoire du nationalisme allemand apparu au XIX\u00e8me si\u00e8cle avec Bismarck. En effet, au d\u00e9but des ann\u00e9es 1950, 40\u00a0% des Allemands de l\u2019Ouest pensaient qu\u2019Hitler avait accompli de bonnes choses\u00a0; 28\u00a0% seulement estimaient qu\u2019il \u00e9tait un politicien sans scrupule et responsable de nombreuses horreurs\u00a0; 22\u00a0% consid\u00e9raient qu\u2019il \u00e9tait un grand chef d\u2019\u00c9tat et que sa v\u00e9ritable gloire sera reconnue de mani\u00e8re posthume\u00a0; 70\u00a0% estimaient seulement que les dignitaires nazis condamn\u00e9s au Proc\u00e8s de N\u00fcrenberg \u00e9taient tous coupables. Tandis que 25\u00a0% d\u00e9claraient qu\u2019ils feraient tout pour emp\u00eacher un parti tel le NSDAP d\u2019arriver au pouvoir, 29\u00a0% en revanche affirmaient qu\u2019ils ne feraient rien pour emp\u00eacher un tel parti d\u2019acc\u00e9der au pouvoir\u00a0; en 1956, seuls 18\u00a0% s\u2019avouaient favorables\u00a0\u00e0 honorer la R\u00e9sistance allemande antinazie \u00e0 l\u2019occasion de l\u2019attentat contre Hitler du 20\u00a0juillet 1944\u00a0; en 1958, 54\u00a0% \u00e9taient oppos\u00e9s \u00e0 la construction d\u2019un M\u00e9morial de l\u2019Holocauste en Allemagne\u00a0; en 1960, 30\u00a0% estimaient que les tags antis\u00e9mites d\u2019apr\u00e8s guerre \u00e9taient le fait d\u2019adolescents fauteurs de troubles\u00a0et 40\u00a0% qu\u2019ils \u00e9taient le fait de communistes de l\u2019Allemagne de l\u2019Est\u00a0; en 1979, 48\u00a0% des 16-30\u00a0ans et 31\u00a0% des plus de 60\u00a0ans affichaient leur hostilit\u00e9 \u00e0 poursuivre les criminels nazis ou les condamner \u00e0 l\u2019issue de proc\u00e8s\u00a0; en 1975, 35\u00a0% pensaient que le Troisi\u00e8me Reich, hormis la pers\u00e9cution des Juifs et la seconde guerre mondiale, n\u2019\u00e9tait pas si mauvais\u00a0; enfin en 2001, 37\u00a0% des 16-30\u00a0ans et 68\u00a0% des plus de 60\u00a0ans consid\u00e9raient que les soldats allemands de la Wehrmacht\u00a0n\u2019\u00e9taient pas tous des criminels.<\/p>\n<p>De m\u00eame, malgr\u00e9 la d\u00e9nazification op\u00e9r\u00e9e en RDA d\u00e8s le d\u00e9but des ann\u00e9es 1950 jusqu\u2019en 1989, et qui fut surtout politique (c\u00e9l\u00e9bration des victimes du nazisme, h\u00e9ro\u00efsation de la r\u00e9sistance communiste et antifasciste, culte des martyrs\u00a0antifascistes, politique m\u00e9morielle comm\u00e9morative), les Allemands de l\u2019Est, dans leur immense majorit\u00e9, n\u2019ont pas fait d\u2019examen approfondi\u00a0des id\u00e9es et comportements rendus possibles par le nazisme et ont \u00e9t\u00e9 moins confront\u00e9s qu\u2019en RFA \u00e0 la question de la responsabilit\u00e9 individuelle \u00e0 l\u2019\u00e9gard du nazisme. En outre, il s\u2019est impos\u00e9 en RDA, d\u2019apr\u00e8s l\u2019historien est-allemand Olfa Groehler, l\u2019id\u00e9e selon laquelle, \u00ab\u00a0les Allemands n\u00e9s entre l\u2019Elbe et l\u2019Oder \u00e9taient indemnes du fardeau de la guerre et du nazisme et appartenaient exclusivement \u00e0 la cat\u00e9gorie des victimes, des opposants et des vainqueurs de l\u2019histoire\u00a0\u00bb. Cette d\u00e9nazification, juridique et politique, que je qualifierai de \u00ab\u00a0formelle\u00a0\u00bb, tant \u00e0 l\u2019Ouest qu\u2019\u00e0 l\u2019Est, n\u2019a pas \u00e9t\u00e9 une d\u00e9nazification \u00ab\u00a0r\u00e9elle\u00a0\u00bb des Allemands et explique en partie pourquoi les nouvelles g\u00e9n\u00e9rations allemandes, qui vivent dans l\u2019Allemagne r\u00e9unifi\u00e9e, aient accord\u00e9 de fa\u00e7on significative leurs suffrages \u00e0 l\u2019extr\u00eame droite actuelle, qui n\u2019h\u00e9site pas \u00e0 se r\u00e9clamer du nazisme, ou au contraire \u00e0 s\u2019en d\u00e9marquer, en faisant croire \u00e0 cette supercherie que les nazis, et Hitler en t\u00eate, \u00e9taient communistes.<\/p>\n<p>Ainsi, les m\u00e9dias fran\u00e7ais dominants, qui ont minimis\u00e9 le \u00ab\u00a0p\u00e9ril brun\u00a0\u00bb, en privil\u00e9giant la victoire politique du nouveau chancelier Friedrich Merz (CDU) et la formation d\u2019un gouvernement de coalition CDU-SPD, devraient \u00eatre attentifs \u00e0 la mont\u00e9e de l\u2019AFD, qui a doubl\u00e9 son score par rapport aux \u00e9lections de 2021 (10,4\u00a0%) pouvant obtenir un score encore plus \u00e9lev\u00e9 aux prochaines \u00e9lections de 2029. Enfin, la gauche fran\u00e7aise, trop riv\u00e9e sur ses probl\u00e8mes internes, devrait davantage observer ce qui se passe Outre Rhin et s\u2019interroger sur la mani\u00e8re efficace de lutter contre l\u2019extr\u00eame droite, afin de r\u00e9duire sa dynamique qui parait inexorable. Ce n\u2019est pas seulement la strat\u00e9gie politique, m\u00eame si elle est n\u00e9cessaire, ce n\u2019est pas seulement l\u2019union de la Gauche, m\u00eame si elle est indispensable, qui vaincra l\u2019extr\u00eame droite, c\u2019est remettre \u00e0 l\u2019honneur les classes populaires, qu\u2019on appelait jadis les classes laborieuses, \u00eatre attentif aux d\u00e9sh\u00e9rit\u00e9s, aux invisibles, aux sans voix et aux sans droits, et d\u00e9fendre leurs int\u00e9r\u00eats mat\u00e9riels et symboliques. La lutte contre \u00ab\u00a0le fascisme culturel\u00a0\u00bb doit \u00eatre \u00e0 nouveau \u00e0 l\u2019ordre du jour car le nationalisme reste un danger. Contrairement au patriotisme, ce dernier n\u2019est pas l\u2019amour du sol natal, mais rec\u00e8le davantage de la haine de l\u2019autre et de son voisin.<\/p>\n<p>Face \u00e0 l\u2019extr\u00eame droite, ne rien l\u00e2cher\u00a0!<\/p>\n<p>C\u2019est pied \u00e0 pied, argument contre argument qu\u2019il faut combattre l\u2019extr\u00eame droite. Et c\u2019est ce que nous faisons chaque jour dans l\u2019Humanit\u00e9.<\/p>\n<p>Face aux attaques incessantes des racistes et des porteurs de haine\u00a0: soutenez-nous\u00a0! Ensemble, faisons entendre une autre voix dans ce d\u00e9bat public toujours plus naus\u00e9abond.<br \/><a href=\"https:\/\/www.humanite.fr\/lhumanite-cest-vous\" target=\"_blank\" rel=\"noopener\">Je veux en savoir plus.<\/a><\/p>\n","protected":false},"excerpt":{"rendered":"Suite aux \u00e9lections f\u00e9d\u00e9rales allemandes du 23\u00a0f\u00e9vrier 2025 qui ont certes assur\u00e9 la victoire des conservateurs de la&hellip;\n","protected":false},"author":2,"featured_media":106344,"comment_status":"","ping_status":"","sticky":false,"template":"","format":"standard","meta":{"footnotes":""},"categories":[1587],"tags":[11,672,1804,16232,1805,1803,1777,674,4710,1801,16684,12,1802],"class_list":{"0":"post-106343","1":"post","2":"type-post","3":"status-publish","4":"format-standard","5":"has-post-thumbnail","7":"category-allemagne","8":"tag-actualites","9":"tag-allemagne","10":"tag-bundesrepublik-deutschland","11":"tag-bundestag","12":"tag-de","13":"tag-deutschland","14":"tag-eu","15":"tag-europe","16":"tag-friedrich-merz","17":"tag-germany","18":"tag-nazisme","19":"tag-news","20":"tag-republique-federale-dallemagne"},"share_on_mastodon":{"url":"https:\/\/pubeurope.com\/@fr\/114521805159321407","error":""},"_links":{"self":[{"href":"https:\/\/www.europesays.com\/fr\/wp-json\/wp\/v2\/posts\/106343","targetHints":{"allow":["GET"]}}],"collection":[{"href":"https:\/\/www.europesays.com\/fr\/wp-json\/wp\/v2\/posts"}],"about":[{"href":"https:\/\/www.europesays.com\/fr\/wp-json\/wp\/v2\/types\/post"}],"author":[{"embeddable":true,"href":"https:\/\/www.europesays.com\/fr\/wp-json\/wp\/v2\/users\/2"}],"replies":[{"embeddable":true,"href":"https:\/\/www.europesays.com\/fr\/wp-json\/wp\/v2\/comments?post=106343"}],"version-history":[{"count":0,"href":"https:\/\/www.europesays.com\/fr\/wp-json\/wp\/v2\/posts\/106343\/revisions"}],"wp:featuredmedia":[{"embeddable":true,"href":"https:\/\/www.europesays.com\/fr\/wp-json\/wp\/v2\/media\/106344"}],"wp:attachment":[{"href":"https:\/\/www.europesays.com\/fr\/wp-json\/wp\/v2\/media?parent=106343"}],"wp:term":[{"taxonomy":"category","embeddable":true,"href":"https:\/\/www.europesays.com\/fr\/wp-json\/wp\/v2\/categories?post=106343"},{"taxonomy":"post_tag","embeddable":true,"href":"https:\/\/www.europesays.com\/fr\/wp-json\/wp\/v2\/tags?post=106343"}],"curies":[{"name":"wp","href":"https:\/\/api.w.org\/{rel}","templated":true}]}}