{"id":106351,"date":"2025-05-17T06:43:11","date_gmt":"2025-05-17T06:43:11","guid":{"rendered":"https:\/\/www.europesays.com\/fr\/106351\/"},"modified":"2025-05-17T06:43:11","modified_gmt":"2025-05-17T06:43:11","slug":"angelina-jolie-emma-stone-natalie-portman-le-tapis-rouge-tres-glamour-du-festival-de-cannes","status":"publish","type":"post","link":"https:\/\/www.europesays.com\/fr\/106351\/","title":{"rendered":"Angelina Jolie, Emma Stone, Natalie Portman\u2026 le tapis rouge tr\u00e8s glamour du Festival de Cannes"},"content":{"rendered":"<p>Le <a href=\"https:\/\/www.vanityfair.fr\/dossier\/festival-de-cannes\" isautogenerated=\"true\" target=\"_blank\" rel=\"noopener\">Festival de Cannes<\/a> a pris des accents hollywoodiens ce vendredi 16 mai. L&rsquo;\u00e9v\u00e9nement de la soir\u00e9e \u00e9tait assur\u00e9ment l&rsquo;arriv\u00e9e du casting d&rsquo;Eddington, film d&rsquo;<strong>Ari<\/strong> <strong>Aster<\/strong>, pr\u00e9sent\u00e9 en comp\u00e9tition. Un western horrifique qui explore les relations et les d\u00e9saccords entre les habitants d&rsquo;une petite ville du Nouveau-Mexique alors que la pand\u00e9mie de 2020 les frappe.<\/p>\n<p><a href=\"https:\/\/www.vanityfair.fr\/dossier\/emma-stone\" isautogenerated=\"true\" target=\"_blank\" rel=\"noopener\">Emma Stone<\/a> a fait une entr\u00e9e remarqu\u00e9e. L&rsquo;actrice \u00e9tait merveilleuse dans une robe blanche, ses cheveux roux coiff\u00e9s en arri\u00e8re. \u00c0 ses c\u00f4t\u00e9s, se trouvaient <a href=\"https:\/\/www.vanityfair.fr\/dossier\/joaquin-phoenix\" isautogenerated=\"true\" target=\"_blank\" rel=\"noopener\">Joaquin Phoenix<\/a> &#8211; arriv\u00e9 au bras de sa compagne l&rsquo;actrice <strong>Rooney<\/strong> <strong>Mara<\/strong> &#8211; mais aussi <strong>Pedro<\/strong> <strong>Pascal<\/strong>, <strong>Austin Butler<\/strong>, qui s&rsquo;est \u00e9clips\u00e9 quelques minutes avant la mont\u00e9e des marches pour aller signer des autographes et prendre des selfies avec le public ou encore <strong>Luke Grimes<\/strong>, <strong>Michael Ward<\/strong>, <strong>Deirdre O&rsquo;Connell<\/strong>\u2026<\/p>\n<p>Elle aussi \u00e9tait venue d&rsquo;outre-Atlantique. <a href=\"https:\/\/www.vanityfair.fr\/dossier\/natalie-portman\" isautogenerated=\"true\" target=\"_blank\" rel=\"noopener\">Natalie Portman<\/a>, cheveux tir\u00e9s en chignon s\u00e9v\u00e8re, \u00e9tait superbe dans une robe au bustier surmont\u00e9 d&rsquo;un gros n\u0153ud XXL. Elle s&rsquo;est offert un shooting en solo sur le tapis rouge avant d&rsquo;\u00eatre rejointe par les voix du film d&rsquo;animation Arco &#8211; qu&rsquo;elle produit &#8211; pr\u00e9sent\u00e9 en s\u00e9ance sp\u00e9ciale, \u00e0 savoir <strong>William<\/strong> <strong>Lebghil<\/strong> ou encore <strong>Vincent Macaigne<\/strong>.<\/p>\n<p><a href=\"https:\/\/www.vanityfair.fr\/dossier\/angelina-jolie\" isautogenerated=\"true\" target=\"_blank\" rel=\"noopener\">Angelina Jolie<\/a>, pr\u00e9sente cette ann\u00e9e en tant que marraine du troph\u00e9e Chopard, a suscit\u00e9 la fr\u00e9n\u00e9sie d\u00e8s son arriv\u00e9e. L&rsquo;actrice, ses longueurs claires balayant son dos, avait elle aussi opt\u00e9 pour une robe bustier, mais en teinte nude, surmont\u00e9e de milliers de paillettes.<\/p>\n<p>Sont \u00e9galement pass\u00e9s devant les flashs des photographes : <strong>\u00c9lodie Bouchez<\/strong>, en robe bustier noire et chignon serr\u00e9, <strong>Coralie Fargeat<\/strong>, la r\u00e9alisatrice de The Substance, <strong>Anouchka Delon<\/strong>, <strong>Claude Lelouch<\/strong> ou encore la pr\u00e9sidente du jury, <a href=\"https:\/\/www.vanityfair.fr\/dossier\/juliette-binoche\" isautogenerated=\"true\" target=\"_blank\" rel=\"noopener\">Juliette Binoche<\/a>, en costume ivoire.<\/p>\n","protected":false},"excerpt":{"rendered":"Le Festival de Cannes a pris des accents hollywoodiens ce vendredi 16 mai. L&rsquo;\u00e9v\u00e9nement de la soir\u00e9e \u00e9tait&hellip;\n","protected":false},"author":2,"featured_media":106352,"comment_status":"","ping_status":"","sticky":false,"template":"","format":"standard","meta":{"footnotes":""},"categories":[2],"tags":[11,22141,5634,1011,27,12,25],"class_list":{"0":"post-106351","1":"post","2":"type-post","3":"status-publish","4":"format-standard","5":"has-post-thumbnail","7":"category-actualites","8":"tag-actualites","9":"tag-emma-stone","10":"tag-festival-de-cannes","11":"tag-fr","12":"tag-france","13":"tag-news","14":"tag-republique-francaise"},"share_on_mastodon":{"url":"https:\/\/pubeurope.com\/@fr\/114521820577864733","error":""},"_links":{"self":[{"href":"https:\/\/www.europesays.com\/fr\/wp-json\/wp\/v2\/posts\/106351","targetHints":{"allow":["GET"]}}],"collection":[{"href":"https:\/\/www.europesays.com\/fr\/wp-json\/wp\/v2\/posts"}],"about":[{"href":"https:\/\/www.europesays.com\/fr\/wp-json\/wp\/v2\/types\/post"}],"author":[{"embeddable":true,"href":"https:\/\/www.europesays.com\/fr\/wp-json\/wp\/v2\/users\/2"}],"replies":[{"embeddable":true,"href":"https:\/\/www.europesays.com\/fr\/wp-json\/wp\/v2\/comments?post=106351"}],"version-history":[{"count":0,"href":"https:\/\/www.europesays.com\/fr\/wp-json\/wp\/v2\/posts\/106351\/revisions"}],"wp:featuredmedia":[{"embeddable":true,"href":"https:\/\/www.europesays.com\/fr\/wp-json\/wp\/v2\/media\/106352"}],"wp:attachment":[{"href":"https:\/\/www.europesays.com\/fr\/wp-json\/wp\/v2\/media?parent=106351"}],"wp:term":[{"taxonomy":"category","embeddable":true,"href":"https:\/\/www.europesays.com\/fr\/wp-json\/wp\/v2\/categories?post=106351"},{"taxonomy":"post_tag","embeddable":true,"href":"https:\/\/www.europesays.com\/fr\/wp-json\/wp\/v2\/tags?post=106351"}],"curies":[{"name":"wp","href":"https:\/\/api.w.org\/{rel}","templated":true}]}}