{"id":106353,"date":"2025-05-17T06:44:09","date_gmt":"2025-05-17T06:44:09","guid":{"rendered":"https:\/\/www.europesays.com\/fr\/106353\/"},"modified":"2025-05-17T06:44:09","modified_gmt":"2025-05-17T06:44:09","slug":"qui-sont-les-favoris-des-bookmakers-la-france-en-bonne-position","status":"publish","type":"post","link":"https:\/\/www.europesays.com\/fr\/106353\/","title":{"rendered":"qui sont les favoris des bookmakers ? La France en bonne position"},"content":{"rendered":"<p>L\u2019\u00e9v\u00e9nement sera suivi par des milliers de personnes dans toute l\u2019Europe\u00a0: ce samedi 17\u00a0mai, la finale de l<a href=\"https:\/\/www.laprovence.com\/article\/societe\/43394338311493\/eurovision-2025-pourquoi-la-france-avec-la-chanteuse-louane-est-automatiquement-selectionnee-en-finale\" target=\"_blank\" rel=\"noopener\">\u2019Eurovision 2025<\/a> se tient \u00e0 B\u00e2le. Et, pour savoir qui succ\u00e9dera \u00e0 Nemo et sa chanson \u00ab\u00a0The Code\u00a0\u00bb, les parieurs misent tout sur leur favori.<\/p>\n<p>En effet, <strong>l\u2019Eurovision est une comp\u00e9tition qui se joue aussi chez les bookmakers<\/strong> (personne ou organisme qui prend les paris). La liste finale <a href=\"https:\/\/www.laprovence.com\/article\/culture-loisirs\/1881334060045114\/eurovision-2025-finlande-grece-autriche-la-liste-des-qualifies-pour-la-finale\" target=\"_blank\" rel=\"noopener\">des 26 participants<\/a> ce samedi a \u00e9t\u00e9 connue ce jeudi, apr\u00e8s la seconde demi-finale.<\/p>\n<p>Selon le site <a href=\"https:\/\/eurovisionworld.com\/odds\/eurovision\" target=\"_blank\" rel=\"noopener\">Eurovision World<\/a> qui tient les comptes chez les \u00ab\u00a0bookies\u00a0\u00bb, <a href=\"https:\/\/www.laprovence.com\/article\/societe\/43394338311493\/eurovision-2025-pourquoi-la-france-avec-la-chanteuse-louane-est-automatiquement-selectionnee-en-finale\" target=\"_blank\" rel=\"noopener\">la France repr\u00e9sent\u00e9e par Louane<\/a> est dans le peloton de t\u00eate en s\u2019octroyant la 3e place. D\u00e9couvrez les concurrents qui se placent aussi parmi les favoris, ce vendredi apr\u00e8s-midi.<\/p>\n<p>1. La Su\u00e8de avec le groupe KAJ<\/p>\n<p>Le trio comique KAJ est le grand favori des parieurs avec sa chanson d\u00e9jant\u00e9e \u00ab\u00a0Bara Bada Bastu\u00a0\u00bb.<\/p>\n<\/p>\n<p>Selon les parieurs, la Su\u00e8de prend la t\u00eate, loin devant les autres participants avec 42% de chance de l\u2019emporter.<\/p>\n<p>2. L\u2019Autriche et son chanteur JJ<\/p>\n<p>L\u2019Autriche se place en seconde position. Le chanteur et compositeur JJ, de son vrai nom, Johannes Pietsch, d\u00e9fend son pays \u00e0 l\u2019Eurovision avec son titre \u00ab\u00a0Wasted Love\u00a0\u00bb.<\/p>\n<\/p>\n<p>\u00c2g\u00e9 de seulement 22\u00a0ans, le jeune artiste aurait 21% de chances de gagner la comp\u00e9tition.<\/p>\n<p>3. La France, repr\u00e9sent\u00e9e par Louane<\/p>\n<p><a href=\"https:\/\/www.laprovence.com\/article\/societe\/43394338311493\/eurovision-2025-pourquoi-la-france-avec-la-chanteuse-louane-est-automatiquement-selectionnee-en-finale\" target=\"_blank\" rel=\"noopener\">Louane <\/a>pourrait bien permettre \u00e0 la France de remporter l\u2019Eurovision pour la premi\u00e8re fois depuis\u00a01977. La chanteuse se hisse sur le trio de t\u00eate, \u00e0 la 3e place avec \u00ab\u00a0Maman\u00a0\u00bb mais avec seulement 10% de chance de remporter la victoire, selon les bookmakers.<\/p>\n<\/p>\n<p>Louane avait r\u00e9v\u00e9l\u00e9 son morceau le 15\u00a0mars dernier, <a href=\"https:\/\/www.laprovence.com\/article\/culture-loisirs\/2819166395572514\/louane-revele-maman-au-stade-de-france-la-chanson-avec-laquelle-elle-representera-la-france-a-leurovision\" target=\"_blank\" rel=\"noopener\">lors du match de rugby France-\u00c9cosse<\/a>, au Stade de France.<\/p>\n<p>4. Claude pour les Pays-Bas<\/p>\n<p>Juste derri\u00e8re, c\u2019est le chanteur n\u00e9erlandais Claude, 21\u00a0ans, qui s\u2019installe. Il aurait 5% de chance de ramener le titre aux Pays-Bas.<\/p>\n<\/p>\n<p>Il tentera de remporter l\u2019Eurovision 2025 avec \u00ab\u00a0C\u2019est la vie\u00a0\u00bb, un titre chant\u00e9 en fran\u00e7ais et en anglais.<\/p>\n<p>5. La Finlandaise Erika Vikman<\/p>\n<p>Erika Vikman, 32\u00a0ans, cl\u00f4t ce \u00ab\u00a0top 5\u00a0\u00bb et permet aux Finlandais d\u2019esp\u00e9rer remporter la comp\u00e9tition. Selon les parieurs, elle a 4% de l\u2019emporter gr\u00e2ce \u00e0 sa chanson \u00ab\u00a0Ich komme\u00a0\u00bb.<\/p>\n<\/p>\n<p>La chanteuse a connu la notori\u00e9t\u00e9 apr\u00e8s avoir remport\u00e9 le festival Tangomarkkinat en\u00a02016.<\/p>\n<p>Concernant le \u00ab\u00a0top 10\u00a0\u00bb, les autres pays favoris sont\u00a0: Isra\u00ebl, l\u2019Estonie, la Suisse, l\u2019Albanie et enfin Malte.<\/p>\n<p>Des pronostics qui peuvent encore \u00eatre amen\u00e9s \u00e0 \u00e9voluer d\u2019ici \u00e0 la finale, ce samedi soir\u2026 et voir, peut-\u00eatre, <a href=\"https:\/\/www.laprovence.com\/article\/culture-loisirs\/1452340811719614\/louane-je-suis-tombee-amoureuse-de-marseille-ses-confidences-avant-son-concert-sur-le-vieux-port\" target=\"_blank\" rel=\"noopener\">Louane <\/a>se hisser jusqu\u2019\u00e0 la premi\u00e8re place.<\/p>\n","protected":false},"excerpt":{"rendered":"L\u2019\u00e9v\u00e9nement sera suivi par des milliers de personnes dans toute l\u2019Europe\u00a0: ce samedi 17\u00a0mai, la finale de l\u2019Eurovision&hellip;\n","protected":false},"author":2,"featured_media":106354,"comment_status":"","ping_status":"","sticky":false,"template":"","format":"standard","meta":{"footnotes":""},"categories":[4],"tags":[17,11,251,154,2399,18920,1011,27,151,12,3583,25,3333],"class_list":{"0":"post-106353","1":"post","2":"type-post","3":"status-publish","4":"format-standard","5":"has-post-thumbnail","7":"category-france","8":"tag-17","9":"tag-actualites","10":"tag-culture","11":"tag-des","12":"tag-eurovision","13":"tag-favoris","14":"tag-fr","15":"tag-france","16":"tag-les","17":"tag-news","18":"tag-qui","19":"tag-republique-francaise","20":"tag-sont"},"share_on_mastodon":{"url":"","error":""},"_links":{"self":[{"href":"https:\/\/www.europesays.com\/fr\/wp-json\/wp\/v2\/posts\/106353","targetHints":{"allow":["GET"]}}],"collection":[{"href":"https:\/\/www.europesays.com\/fr\/wp-json\/wp\/v2\/posts"}],"about":[{"href":"https:\/\/www.europesays.com\/fr\/wp-json\/wp\/v2\/types\/post"}],"author":[{"embeddable":true,"href":"https:\/\/www.europesays.com\/fr\/wp-json\/wp\/v2\/users\/2"}],"replies":[{"embeddable":true,"href":"https:\/\/www.europesays.com\/fr\/wp-json\/wp\/v2\/comments?post=106353"}],"version-history":[{"count":0,"href":"https:\/\/www.europesays.com\/fr\/wp-json\/wp\/v2\/posts\/106353\/revisions"}],"wp:featuredmedia":[{"embeddable":true,"href":"https:\/\/www.europesays.com\/fr\/wp-json\/wp\/v2\/media\/106354"}],"wp:attachment":[{"href":"https:\/\/www.europesays.com\/fr\/wp-json\/wp\/v2\/media?parent=106353"}],"wp:term":[{"taxonomy":"category","embeddable":true,"href":"https:\/\/www.europesays.com\/fr\/wp-json\/wp\/v2\/categories?post=106353"},{"taxonomy":"post_tag","embeddable":true,"href":"https:\/\/www.europesays.com\/fr\/wp-json\/wp\/v2\/tags?post=106353"}],"curies":[{"name":"wp","href":"https:\/\/api.w.org\/{rel}","templated":true}]}}