{"id":106359,"date":"2025-05-17T06:50:16","date_gmt":"2025-05-17T06:50:16","guid":{"rendered":"https:\/\/www.europesays.com\/fr\/106359\/"},"modified":"2025-05-17T06:50:16","modified_gmt":"2025-05-17T06:50:16","slug":"les-classements-apres-le-gp-despagne","status":"publish","type":"post","link":"https:\/\/www.europesays.com\/fr\/106359\/","title":{"rendered":"Les classements apr\u00e8s le GP d\u2019Espagne"},"content":{"rendered":"<p>Au lendemain de la victoire de Marc Marquez sur la course sprint \u00e0 Jerez, le Grand Prix de MotoGP a tenu toutes ses promesses. Sur une piste \u00e9troite, avec des lignes droites assez courtes, le leader du classement g\u00e9n\u00e9ral a chut\u00e9 au 3e tour en prenant un virage trop large mais il est reparti en course, avec une moto bien ab\u00eem\u00e9e, pour terminer 10e. C\u2019est son fr\u00e8re, Alex Marquez (Gresini), qui remporte sa premi\u00e8re course et passe leader au classement g\u00e9n\u00e9ral, pour un petit point devant Marc Marquez. C\u2019est la premi\u00e8re fois de l\u2019histoire que deux fr\u00e8res remportent une course en MotoGP.<\/p>\n<p><a href=\"https:\/\/www.20minutes.fr\/sport\/fabio-quartararo\/\" class=\"color-ultramarine c-link\" target=\"_blank\" rel=\"noopener\">Fabio Quartararo<\/a> (Yamaha), parti en pole position, a r\u00e9ussi un excellent d\u00e9part, en r\u00e9sistant aux assauts des Ducati de Marc Marquez et Francesco Bagnaia, mais il s\u2019est fait doubler \u00e0 la mi-course par Alex Marquez. Il a ensuite su contenir les ardeurs de Francesco Bagnaia sur sa Ducati. C\u2019est la premi\u00e8re fois de la saison que le podium n\u2019est pas compos\u00e9 uniquement de Ducati. Le <a href=\"https:\/\/www.20minutes.fr\/dossier\/francais\" class=\"color-ultramarine c-link\" target=\"_blank\" rel=\"noopener\">Fran\u00e7ais<\/a>, 2e dimanche, est d\u00e9sormais 6e au g\u00e9n\u00e9ral. Johann Zarco finit 11e, juste devant Marc Marquez.<\/p>\n<blockquote class=\"twitter-tweet\" align=\"center\" data-lang=\"fr_FR\">\n<p lang=\"fr\" dir=\"ltr\">VICTOIRE D&rsquo;ALEX MARQUEZ ! VICTOIRE DE GRESINI \u00c0 JEREZ ! \ud83c\udfc6\ud83c\uddea\ud83c\uddf8<\/p>\n<p>\u00c1lex M\u00e1rquez s&rsquo;impose pour la toute premi\u00e8re fois dans la cat\u00e9gorie reine, devant Fabio Quartararo \ud83e\udd48 et Francesco Bagnaia \ud83e\udd49<\/p>\n<p>Marc M\u00e1rquez termine finalement 12e apr\u00e8s sa chute \ud83d\udd34<a href=\"https:\/\/twitter.com\/hashtag\/SpanishGP?src=hash&amp;ref_src=twsrc%5Etfw\" target=\"_blank\" rel=\"noopener\">#SpanishGP<\/a> | <a href=\"https:\/\/twitter.com\/hashtag\/MotoGP?src=hash&amp;ref_src=twsrc%5Etfw\" target=\"_blank\" rel=\"noopener\">#MotoGP<\/a> <a href=\"https:\/\/t.co\/rEHlkZbbiV\">pic.twitter.com\/rEHlkZbbiV<\/a><\/p>\n<p>\u2014 CANAL+ MotoGP\u2122 (@CanalplusMotoGP) <a href=\"https:\/\/twitter.com\/CanalplusMotoGP\/status\/1916473921588580838?ref_src=twsrc%5Etfw\" target=\"_blank\" rel=\"noopener\">April 27, 2025<\/a><\/p><\/blockquote>\n<p class=\"mb-m@xs text-l@xs\">En cliquant sur\u00ab J\u2019accepte \u00bb, vous acceptez le d\u00e9p\u00f4t de cookies par des services externes et aurez ainsi acc\u00e8s aux contenus de nos partenaires.<\/p>\n<p class=\"mb-xl@xs text-s@xs\">Plus d\u2019informations sur la page<a href=\"https:\/\/www.20minutes.fr\/gestion-cookies\" class=\"mx-xxs@xs color-ultramarine\" target=\"_blank\" rel=\"noopener\">Politique de gestion des cookies<\/a><\/p>\n<p>J\u2019accepteLe classement du MotoGP de Jerez<\/p>\n<ul>\n<li>1 Alex Marquez, Ducati Gresini &#8211; 40&rsquo;56\u00a0\u00bb374<\/li>\n<li>2 Fabio Quartararo,Yamaha &#8211; \u00e0 1\u00a0\u00bb561<\/li>\n<li>3 Francesco Bagnaia, Ducati &#8211; \u00e0 2\u00a0\u00bb217<\/li>\n<li>4 Maverick Vinales, KTM Tech 3 &#8211; \u00e0 3\u00a0\u00bb678<\/li>\n<li>5 Fabio Di Giannantonio, Ducati VR46 &#8211; \u00e0 7\u00a0\u00bb267<\/li>\n<li>6 Brad Binder, KTM &#8211; \u00e0 8\u00a0\u00bb529<\/li>\n<li>7 Pedro Acosta, KTM &#8211; \u00e0 9\u00a0\u00bb764<\/li>\n<li>8 Ai Ogura, Aprilia Trackhouse Racing &#8211; \u00e0 10\u00a0\u00bb923<\/li>\n<li>9 Enea Bastianini, KTM Tech 3 &#8211; \u00e0 15\u00a0\u00bb879<\/li>\n<li>10 Luca Marini, Honda &#8211; \u00e0 17\u00a0\u00bb239<\/li>\n<li>11 Johann Zarco, Honda LCR &#8211; \u00e0 17\u00a0\u00bb784<\/li>\n<li>12 Marc Marquez, Ducati &#8211; \u00e0 20\u00a0\u00bb890<\/li>\n<li>13 Alex Rins, Yamaha &#8211; \u00e0 21\u00a0\u00bb120<\/li>\n<li>14 Aleix Espargaro, Honda &#8211; \u00e0 23\u00a0\u00bb678<\/li>\n<li>15 Marco Bezzecchi, Aprilia &#8211; \u00e0 24\u00a0\u00bb510<\/li>\n<li>16 Raul Fernandez, Aprilia Trackhouse Racing &#8211; \u00e0 25\u00a0\u00bb726<\/li>\n<li>17 Augusto Fernandez, Yamaha Pramac &#8211; \u00e0 31\u00a0\u00bb429<\/li>\n<li>18 Lorenzo Savadori, Aprilia &#8211; \u00e0 49\u00a0\u00bb303<\/li>\n<li>19 Jack Miller, Yamaha Pramac<\/li>\n<li>20 Somkiat Chantra, Honda LCR<\/li>\n<li>21 Joan Mir, <a href=\"https:\/\/www.20minutes.fr\/dossier\/honda\" class=\"color-ultramarine c-link\" target=\"_blank\" rel=\"noopener\">Honda<\/a><\/li>\n<li>22 Fermin Aldeguer, Ducati Gresini<\/li>\n<li>23 Franco Morbidelli, Ducati VR46<\/li>\n<\/ul>\n<p>Le classement g\u00e9n\u00e9ral des pilotes en MotoGP 2025<\/p>\n<ul>\n<li>1\t\tAlex Marquez\t140 points<\/li>\n<li>2\t\tMarc Marquez\t139<\/li>\n<li>3\t\tFrancesco Bagnaia\t120<\/li>\n<li>4\t\tFranco Morbidelli\t84<\/li>\n<li>5\t\tFabio Di Giannantonio\t63<\/li>\n<li>6\t\tFabio Quartararo\t50<\/li>\n<li>7\t\tJohann Zarco\t43<\/li>\n<li>8\t\tAi Ogura\t37<\/li>\n<li>9\t\tMarco Bezzecchi\t35<\/li>\n<li>10\t\tPedro Acosta\t33<\/li>\n<li>11\t\tBrad Binder\t32<\/li>\n<li>12\t\tLuca Marini\t32<\/li>\n<li>13\t\tEnea Bastianini\t28<\/li>\n<li>14\t\tFermin Aldeguer\t25<\/li>\n<li>15\t\tMaverick Vinales\t24<\/li>\n<li>16\t\tJack Miller\t19<\/li>\n<li>17\t\tAlex Rins\t17<\/li>\n<li>18\t\tJoan Mir\t11<\/li>\n<li>19\t\tRaul Fernandez\t5<\/li>\n<li>20\t\tAugusto Fernandez\t3<\/li>\n<li>21\t\tMiguel Oliveira\t2<\/li>\n<li>22\t\tAleix Espargaro\t2<\/li>\n<li>23\t\tLorenzo Savadori\t1<\/li>\n<\/ul>\n<p>Le classement g\u00e9n\u00e9ral des constructeurs en MotoGP<\/p>\n<ul>\n<li>1\tDucati\t185 points <\/li>\n<li>2\tYamaha\t62 points\t<\/li>\n<li>3\tKTM\t58 points<\/li>\n<li>4\tHonda\t56 points<\/li>\n<li>5\tAprilia\t53\tpoints<\/li>\n<\/ul>\n<p><script async src=\"https:\/\/platform.twitter.com\/widgets.js\" charset=\"utf-8\"><\/script><\/p>\n","protected":false},"excerpt":{"rendered":"Au lendemain de la victoire de Marc Marquez sur la course sprint \u00e0 Jerez, le Grand Prix de&hellip;\n","protected":false},"author":2,"featured_media":106360,"comment_status":"","ping_status":"","sticky":false,"template":"","format":"standard","meta":{"footnotes":""},"categories":[1413],"tags":[1981,1680,1011,27,1741,1457,6033,1456,517,60],"class_list":{"0":"post-106359","1":"post","2":"type-post","3":"status-publish","4":"format-standard","5":"has-post-thumbnail","7":"category-moto","8":"tag-classement","9":"tag-fabio-quartararo","10":"tag-fr","11":"tag-france","12":"tag-johann-zarco","13":"tag-moto","14":"tag-moto-gp","15":"tag-motocycle","16":"tag-sport","17":"tag-sports"},"share_on_mastodon":{"url":"https:\/\/pubeurope.com\/@fr\/114521848079061845","error":""},"_links":{"self":[{"href":"https:\/\/www.europesays.com\/fr\/wp-json\/wp\/v2\/posts\/106359","targetHints":{"allow":["GET"]}}],"collection":[{"href":"https:\/\/www.europesays.com\/fr\/wp-json\/wp\/v2\/posts"}],"about":[{"href":"https:\/\/www.europesays.com\/fr\/wp-json\/wp\/v2\/types\/post"}],"author":[{"embeddable":true,"href":"https:\/\/www.europesays.com\/fr\/wp-json\/wp\/v2\/users\/2"}],"replies":[{"embeddable":true,"href":"https:\/\/www.europesays.com\/fr\/wp-json\/wp\/v2\/comments?post=106359"}],"version-history":[{"count":0,"href":"https:\/\/www.europesays.com\/fr\/wp-json\/wp\/v2\/posts\/106359\/revisions"}],"wp:featuredmedia":[{"embeddable":true,"href":"https:\/\/www.europesays.com\/fr\/wp-json\/wp\/v2\/media\/106360"}],"wp:attachment":[{"href":"https:\/\/www.europesays.com\/fr\/wp-json\/wp\/v2\/media?parent=106359"}],"wp:term":[{"taxonomy":"category","embeddable":true,"href":"https:\/\/www.europesays.com\/fr\/wp-json\/wp\/v2\/categories?post=106359"},{"taxonomy":"post_tag","embeddable":true,"href":"https:\/\/www.europesays.com\/fr\/wp-json\/wp\/v2\/tags?post=106359"}],"curies":[{"name":"wp","href":"https:\/\/api.w.org\/{rel}","templated":true}]}}