{"id":10636,"date":"2025-04-08T16:24:19","date_gmt":"2025-04-08T16:24:19","guid":{"rendered":"https:\/\/www.europesays.com\/fr\/10636\/"},"modified":"2025-04-08T16:24:19","modified_gmt":"2025-04-08T16:24:19","slug":"kylian-jaminet-et-clement-martinez-veulent-quitter-le-biarritz-olympique","status":"publish","type":"post","link":"https:\/\/www.europesays.com\/fr\/10636\/","title":{"rendered":"Kylian Jaminet et Cl\u00e9ment Martinez veulent quitter le Biarritz Olympique"},"content":{"rendered":"<p>\t\t\t\t\t\t\t\t\t\t\t\t\t\tTRANSFERTS RUGBY \u2013 Selon <a href=\"https:\/\/www.sudouest.fr\/sport\/rugby\/biarritz-olympique\/biarritz-olympique-kylian-jaminet-et-clement-martinez-veulent-partir-23933089.php\" target=\"_blank\" rel=\"noopener nofollow\">Sud-Ouest<\/a>, Kylian Jaminet (30 ans) et Cl\u00e9ment Martinez (29 ans) auraient fait part de leur envie de quitter le Biarritz Olympique.<\/p>\n<p style=\"text-align: justify;\">Pour la premi\u00e8re saison de la nouvelle direction, le <strong>Biarritz<\/strong> <strong>Olympique<\/strong> va terminer dans le ventre mou de la <strong>Pro<\/strong> <strong>D2<\/strong>. Actuellement huiti\u00e8me au classement, les Basques sont trop loin des places qualificatives, mais n\u00e9anmoins d\u00e9j\u00e0 sauv\u00e9s d\u2019une \u00e9ventuelle rel\u00e9gation. Les nouveaux dirigeants du club vont pouvoir construire leur effectif pour la saison prochaine, alors qu\u2019ils avaient d\u00fb composer avec les choix des anciens il y a quelques mois.<\/p>\n<p>Kylian Jaminet et Cl\u00e9ment Martinez veulent quitter le BO<\/p>\n<p style=\"text-align: justify;\">La direction biarrote va devoir g\u00e9rer deux dossiers chauds, puisque deux cadres de l\u2019effectif veulent plier bagages. <strong>Kylian<\/strong> <strong>Jaminet<\/strong>, sous contrat avec le BO jusqu\u2019en juin 2026, veut s\u2019en aller d\u00e8s cet \u00e9t\u00e9. Alors qu\u2019il r\u00e9alise une saison majuscule, il ne veut plus jouer pour <strong>Arnaud<\/strong> <strong>Dubois<\/strong>, pr\u00e9sident du directoire du Biarritz Olympique, qu\u2019il consid\u00e8re comme responsable des m\u00e9saventures de son fr\u00e8re <strong>Melvyn<\/strong> lors de son transfert \u00e0 Toulouse.<\/p>\n<p style=\"text-align: justify;\"><strong>Kylian<\/strong> <strong>Jaminet<\/strong> esp\u00e8re obtenir une lib\u00e9ration anticip\u00e9e, mais le club a pour le moment refus\u00e9. La situation pourrait n\u00e9anmoins aller dans le bon sens, car le BO aura bien du mal \u00e0 conserver un joueur qui ne veut plus porter le maillot du club. Nice pourrait r\u00e9cup\u00e9rer le joueur, puisque <strong>Jean-Baptiste Aldig\u00e9<\/strong> est celui qui avait fait venir l\u2019arri\u00e8re de 30 ans \u00e0 Biarritz.<\/p>\n<p style=\"text-align: justify;\"><strong>Cl\u00e9ment Martinez<\/strong> veut, lui aussi, s\u2019en aller pour retrouver son ancien pr\u00e9sident, <strong>Jean-Baptiste Aldig\u00e9.<\/strong> Sous contrat jusqu\u2019en 2026, il est peu probable qu\u2019il obtienne une lib\u00e9ration d\u00e8s cet \u00e9t\u00e9. Sauf retournement de situation, il devrait donc \u00eatre contraint d\u2019honorer son contrat avant de rejoindre la C\u00f4te d\u2019Azur \u00e0 l\u2019\u00e9t\u00e9 2026.<\/p>\n<p>\u00c0 lire aussi<br \/>\n<a href=\"https:\/\/dicodusport.fr\/blog\/transferts-tommaso-menoncello-va-signer-en-top-14\/\" class=\"vlp-link\" title=\"Transferts : Tommaso Menoncello va signer en Top 14\" rel=\"nofollow noopener\" target=\"_blank\"><img loading=\"lazy\" decoding=\"async\" style=\"max-width: 792px;\" width=\"792\" height=\"445\" class=\"attachment-800x445 size-800x445 perfmatters-lazy\" alt=\"\" src=\"https:\/\/www.europesays.com\/fr\/wp-content\/uploads\/2025\/04\/Transferts-Tommaso-Menoncello-va-signer-en-Top-14.png\"  data-\/><\/p>\n<p>Transferts : Tommaso Menoncello va signer en Top 14<\/p>\n<p>TRANSFERTS RUGBY &#8211; Selon le Midi Olympique, le Stade Rochelais va s&rsquo;offrir le centre international italien, Tommaso Menoncello (22 ans).<\/p>\n<p>Lire l&rsquo;article<\/p>\n<p>dicodusport.fr<\/p>\n","protected":false},"excerpt":{"rendered":"TRANSFERTS RUGBY \u2013 Selon Sud-Ouest, Kylian Jaminet (30 ans) et Cl\u00e9ment Martinez (29 ans) auraient fait part de&hellip;\n","protected":false},"author":2,"featured_media":10637,"comment_status":"","ping_status":"","sticky":false,"template":"","format":"standard","meta":{"footnotes":""},"categories":[1416],"tags":[1111,2113,1109,5166,1011,27,5167,479,1468,60,478,477],"class_list":{"0":"post-10636","1":"post","2":"type-post","3":"status-publish","4":"format-standard","5":"has-post-thumbnail","7":"category-rugby","8":"tag-actu","9":"tag-breve","10":"tag-breves","11":"tag-clement-martinez","12":"tag-fr","13":"tag-france","14":"tag-kylian-jaminet","15":"tag-rugby","16":"tag-rugby-football","17":"tag-sports","18":"tag-top-14","19":"tag-transferts-rugby"},"share_on_mastodon":{"url":"https:\/\/pubeurope.com\/@fr\/114303275241063583","error":""},"_links":{"self":[{"href":"https:\/\/www.europesays.com\/fr\/wp-json\/wp\/v2\/posts\/10636","targetHints":{"allow":["GET"]}}],"collection":[{"href":"https:\/\/www.europesays.com\/fr\/wp-json\/wp\/v2\/posts"}],"about":[{"href":"https:\/\/www.europesays.com\/fr\/wp-json\/wp\/v2\/types\/post"}],"author":[{"embeddable":true,"href":"https:\/\/www.europesays.com\/fr\/wp-json\/wp\/v2\/users\/2"}],"replies":[{"embeddable":true,"href":"https:\/\/www.europesays.com\/fr\/wp-json\/wp\/v2\/comments?post=10636"}],"version-history":[{"count":0,"href":"https:\/\/www.europesays.com\/fr\/wp-json\/wp\/v2\/posts\/10636\/revisions"}],"wp:featuredmedia":[{"embeddable":true,"href":"https:\/\/www.europesays.com\/fr\/wp-json\/wp\/v2\/media\/10637"}],"wp:attachment":[{"href":"https:\/\/www.europesays.com\/fr\/wp-json\/wp\/v2\/media?parent=10636"}],"wp:term":[{"taxonomy":"category","embeddable":true,"href":"https:\/\/www.europesays.com\/fr\/wp-json\/wp\/v2\/categories?post=10636"},{"taxonomy":"post_tag","embeddable":true,"href":"https:\/\/www.europesays.com\/fr\/wp-json\/wp\/v2\/tags?post=10636"}],"curies":[{"name":"wp","href":"https:\/\/api.w.org\/{rel}","templated":true}]}}