{"id":1063699,"date":"2026-07-14T08:03:23","date_gmt":"2026-07-14T08:03:23","guid":{"rendered":"https:\/\/www.europesays.com\/fr\/1063699\/"},"modified":"2026-07-14T08:03:23","modified_gmt":"2026-07-14T08:03:23","slug":"meteo-quel-temps-fera-t-il-a-vandoeuvre-les-nancy-et-ses-environs-le-mardi-14-juillet-2026","status":"publish","type":"post","link":"https:\/\/www.europesays.com\/fr\/1063699\/","title":{"rendered":"M\u00e9t\u00e9o. Quel temps fera-t-il \u00e0 Vand\u0153uvre-l\u00e8s-Nancy et ses environs le mardi 14 juillet 2026 ?"},"content":{"rendered":"<p>La matin\u00e9e d\u00e9butera sous un voile de nuages \u00e9lev\u00e9s, avec une temp\u00e9rature d\u00e9j\u00e0 douce autour de 26 \u00b0C. L\u2019atmosph\u00e8re restera relativement s\u00e8che malgr\u00e9 cette couverture nuageuse. Au fil des heures, le ciel deviendra peu nuageux, laissant davantage passer la lumi\u00e8re et pr\u00e9parant la hausse des temp\u00e9ratures. Le mercure grimpera pour atteindre environ 31 \u00b0C. Le vent, issu de l\u2019Est-Nord-Est, restera faible \u00e0 5 km\/h mais conna\u00eetra des rafales pouvant atteindre 20 km\/h.<\/p>\n<p>L\u2019apr\u00e8s-midi prendra le relais de cette matin\u00e9e chaude avec une hausse sensible des temp\u00e9ratures, passant de 34 \u00b0C \u00e0 36 \u00b0C en cours de journ\u00e9e. Le vent, d\u2019abord faible \u00e0 5 km\/h en provenance de l\u2019Est avec des rafales pouvant atteindre 25 km\/h, se renforcera pour souffler \u00e0 10 km\/h en venant du Nord-Nord-Ouest, accompagn\u00e9 de rafales pouvant aller jusqu\u2019\u00e0 30 km\/h. La n\u00e9bulosit\u00e9 diminuera au fil des heures, tandis que l\u2019humidit\u00e9 reculera nettement, donnant une atmosph\u00e8re plus s\u00e8che.<\/p>\n<p>En soir\u00e9e, dans le prolongement de cette apr\u00e8s-midi chaude, la temp\u00e9rature restera tr\u00e8s \u00e9lev\u00e9e, ne reculant que l\u00e9g\u00e8rement de 35 \u00b0C \u00e0 34 \u00b0C. Le vent soufflera d\u2019abord du Nord-Nord-Est \u00e0 10 km\/h, avant de faiblir autour de 5 km\/h et de s\u2019orienter vers l\u2019Est-Nord-Est, avec des rafales passant de 25 \u00e0 15 km\/h. La n\u00e9bulosit\u00e9 augmentera progressivement, \u00e9voluant d\u2019un ciel nuageux vers un ciel tr\u00e8s nuageux, tandis que l\u2019humidit\u00e9 se renforcera nettement au fil des heures.<\/p>\n<p>Au cours de la nuit, dans la continuit\u00e9 de cette soir\u00e9e lourde, la temp\u00e9rature restera \u00e9lev\u00e9e, avec un l\u00e9ger recul de 29 \u00b0C en d\u00e9but de nuit \u00e0 28 \u00b0C vers l\u2019aube. Le vent soufflera d\u2019abord du Nord-Est \u00e0 10 km\/h, avec des rafales \u00e0 25 km\/h, puis tournera Est-Nord-Est tout en conservant la m\u00eame intensit\u00e9. La couverture nuageuse demeurera tr\u00e8s importante, avec quelques variations. L\u2019humidit\u00e9 restera globalement stable, maintenant une atmosph\u00e8re lourde durant la nuit.<\/p>\n<p>Le lendemain, mercredi, apr\u00e8s cette nuit encore chaude et nuageuse, la journ\u00e9e sera marqu\u00e9e par une nette hausse des temp\u00e9ratures, passant d\u2019un d\u00e9but de matin\u00e9e d\u00e9j\u00e0 chaud \u00e0 27 \u00b0C pour atteindre environ 37 \u00b0C en fin d\u2019apr\u00e8s-midi. Le ciel, d\u2019abord simplement nuageux, se chargera jusqu\u2019\u00e0 devenir couvert, tandis que l\u2019humidit\u00e9 diminuera au fil des heures. Le vent, faible \u00e0 mod\u00e9r\u00e9 avec 10 km\/h en matin\u00e9e puis 5 km\/h l\u2019apr\u00e8s-midi, soufflera d\u2019abord du Nord-Est, puis de l\u2019Est-Nord-Est avant de venir du Sud-Est, avec des rafales pouvant atteindre 25 km\/h.<\/p>\n<p><a href=\"https:\/\/www.ouest-france.fr\/meteo\/grand-est\/vandoeuvre-les-nancy-54500\/\" rel=\"nofollow noopener\" target=\"_blank\">Suivez la m\u00e9t\u00e9o de votre commune en temps r\u00e9el<\/a><\/p>\n<p>Ouest-France vous donne \u00e9galement la possibilit\u00e9 de conna\u00eetre la m\u00e9t\u00e9o de votre commune, heure par heure, sur notre page m\u00e9t\u00e9o d\u00e9di\u00e9e<\/p>\n","protected":false},"excerpt":{"rendered":"La matin\u00e9e d\u00e9butera sous un voile de nuages \u00e9lev\u00e9s, avec une temp\u00e9rature d\u00e9j\u00e0 douce autour de 26 \u00b0C.&hellip;\n","protected":false},"author":2,"featured_media":990000,"comment_status":"","ping_status":"","sticky":false,"template":"","format":"standard","meta":{"footnotes":"","_share_on_mastodon":"0"},"categories":[9635],"tags":[1111,11,11734,1777,674,1011,27,775,1702,9847,12,25,24495,5711],"class_list":["post-1063699","post","type-post","status-publish","format-standard","has-post-thumbnail","category-nancy","tag-actu","tag-actualites","tag-bois-de-haye","tag-eu","tag-europe","tag-fr","tag-france","tag-grand-est","tag-nancy","tag-neuves-maisons","tag-news","tag-republique-francaise","tag-richardmenil","tag-vandoeuvre-les-nancy"],"share_on_mastodon":{"url":"https:\/\/pubeurope.com\/@fr\/116917292629733467","error":""},"_links":{"self":[{"href":"https:\/\/www.europesays.com\/fr\/wp-json\/wp\/v2\/posts\/1063699","targetHints":{"allow":["GET"]}}],"collection":[{"href":"https:\/\/www.europesays.com\/fr\/wp-json\/wp\/v2\/posts"}],"about":[{"href":"https:\/\/www.europesays.com\/fr\/wp-json\/wp\/v2\/types\/post"}],"author":[{"embeddable":true,"href":"https:\/\/www.europesays.com\/fr\/wp-json\/wp\/v2\/users\/2"}],"replies":[{"embeddable":true,"href":"https:\/\/www.europesays.com\/fr\/wp-json\/wp\/v2\/comments?post=1063699"}],"version-history":[{"count":0,"href":"https:\/\/www.europesays.com\/fr\/wp-json\/wp\/v2\/posts\/1063699\/revisions"}],"wp:featuredmedia":[{"embeddable":true,"href":"https:\/\/www.europesays.com\/fr\/wp-json\/wp\/v2\/media\/990000"}],"wp:attachment":[{"href":"https:\/\/www.europesays.com\/fr\/wp-json\/wp\/v2\/media?parent=1063699"}],"wp:term":[{"taxonomy":"category","embeddable":true,"href":"https:\/\/www.europesays.com\/fr\/wp-json\/wp\/v2\/categories?post=1063699"},{"taxonomy":"post_tag","embeddable":true,"href":"https:\/\/www.europesays.com\/fr\/wp-json\/wp\/v2\/tags?post=1063699"}],"curies":[{"name":"wp","href":"https:\/\/api.w.org\/{rel}","templated":true}]}}