{"id":1063743,"date":"2026-07-14T08:38:17","date_gmt":"2026-07-14T08:38:17","guid":{"rendered":"https:\/\/www.europesays.com\/fr\/1063743\/"},"modified":"2026-07-14T08:38:17","modified_gmt":"2026-07-14T08:38:17","slug":"meteo-la-meteo-du-mardi-14-juillet-2026-a-vitry-sur-seine-et-ses-environs","status":"publish","type":"post","link":"https:\/\/www.europesays.com\/fr\/1063743\/","title":{"rendered":"M\u00e9t\u00e9o. La m\u00e9t\u00e9o du mardi 14 juillet 2026 \u00e0 Vitry-sur-Seine et ses environs"},"content":{"rendered":"<p>La matin\u00e9e du mardi 14 juillet 2026 d\u00e9butera sous un ciel peu nuageux, avec une temp\u00e9rature d\u00e9j\u00e0 \u00e9lev\u00e9e autour de 26 \u00b0C. Au fil des heures, la n\u00e9bulosit\u00e9 augmentera nettement, donnant un aspect plus charg\u00e9 en milieu de matin\u00e9e tandis que le thermom\u00e8tre grimpera vers 30 \u00b0C. Le vent restera orient\u00e9 au Nord-Nord-Est, avec une vitesse stable proche de 10 km\/h, mais les rafales se renforceront l\u00e9g\u00e8rement, passant de 20 \u00e0 25 km\/h. L\u2019humidit\u00e9 reculera progressivement, annon\u00e7ant une ambiance plus s\u00e8che.<\/p>\n<p>L\u2019apr\u00e8s-midi prolongera cette tendance avec un ciel nuageux persistant, et une l\u00e9g\u00e8re tendance \u00e0 se densifier au fil des heures, dans le prolongement de la matin\u00e9e. Les temp\u00e9ratures resteront \u00e9lev\u00e9es, gagnant encore un degr\u00e9 entre le d\u00e9but et la fin de la p\u00e9riode pour atteindre environ 36 \u00b0C. Le vent soufflera de Nord-Nord-Est autour de 10 km\/h, accompagn\u00e9 de rafales pouvant atteindre 30 km\/h. L\u2019humidit\u00e9 diminuera progressivement, rendant l\u2019air un peu plus sec en fin d\u2019apr\u00e8s-midi, malgr\u00e9 la couverture nuageuse.<\/p>\n<p>Au cours de la soir\u00e9e du mardi 14 juillet 2026, dans le sillage de cet apr\u00e8s-midi chaud, la temp\u00e9rature restera tr\u00e8s \u00e9lev\u00e9e, ne reculant que l\u00e9g\u00e8rement de 36 \u00b0C en d\u00e9but de soir\u00e9e \u00e0 35 \u00b0C en fin de p\u00e9riode. La n\u00e9bulosit\u00e9 augmentera progressivement, passant d\u2019un ciel tr\u00e8s nuageux \u00e0 un ciel enti\u00e8rement couvert. Le vent se renforcera nettement, passant de 10 km\/h \u00e0 20 km\/h, avec des rafales s\u2019intensifiant de 25 \u00e0 30 km\/h, tandis que son orientation glissera du Nord-Nord-Est vers le Nord-Est. L\u2019humidit\u00e9 gagnera du terrain, rendant l\u2019air plus charg\u00e9.<\/p>\n<p>Au cours de la nuit, dans le prolongement de cette soir\u00e9e lourde, la temp\u00e9rature restera \u00e9lev\u00e9e, diminuant l\u00e9g\u00e8rement de 32 \u00b0C \u00e0 30 \u00b0C vers le petit matin. Le vent, orient\u00e9 Nord-Nord-Est, perdra un peu d\u2019intensit\u00e9, passant de 15 km\/h avec des rafales \u00e0 25 km\/h \u00e0 environ 10 km\/h accompagn\u00e9s de rafales \u00e0 15 km\/h. La n\u00e9bulosit\u00e9 se montrera d\u2019abord tr\u00e8s pr\u00e9sente puis un peu moins dense en fin de nuit, tandis que l\u2019humidit\u00e9 progressera graduellement sans influer sur le maintien d\u2019un ciel largement couvert.<\/p>\n<p>Pour la journ\u00e9e de mercredi, dans la continuit\u00e9 de cette nuit chaude et couverte, les temp\u00e9ratures resteront \u00e9lev\u00e9es, passant d\u2019un d\u00e9but de matin\u00e9e chaud \u00e0 28 \u00b0C pour atteindre jusqu\u2019\u00e0 36 \u00b0C l\u2019apr\u00e8s-midi, avant de se stabiliser en fin de journ\u00e9e. Le ciel demeurera couvert en continu, sans \u00e9claircies notables. Le vent sera d\u2019abord orient\u00e9 Nord-Nord-Est autour de 15 km\/h, puis Est-Nord-Est avec des rafales pouvant atteindre 30 km\/h, avant de tourner Est en fin de journ\u00e9e avec des pointes proches de 25 km\/h, maintenant une ambiance lourde.<\/p>\n<p><a href=\"https:\/\/www.ouest-france.fr\/meteo\/ile-de-france\/vitry-sur-seine-94400\/\" rel=\"nofollow noopener\" target=\"_blank\">Suivez la m\u00e9t\u00e9o de votre commune en temps r\u00e9el<\/a><\/p>\n<p>Ouest-France vous donne \u00e9galement la possibilit\u00e9 de conna\u00eetre la m\u00e9t\u00e9o de votre commune, heure par heure, sur notre page m\u00e9t\u00e9o d\u00e9di\u00e9e<\/p>\n","protected":false},"excerpt":{"rendered":"La matin\u00e9e du mardi 14 juillet 2026 d\u00e9butera sous un ciel peu nuageux, avec une temp\u00e9rature d\u00e9j\u00e0 \u00e9lev\u00e9e&hellip;\n","protected":false},"author":2,"featured_media":1059338,"comment_status":"","ping_status":"","sticky":false,"template":"","format":"standard","meta":{"footnotes":"","_share_on_mastodon":"0"},"categories":[1888],"tags":[11,24583,50925,1777,674,1011,27,90557,24588,12,16483,626,25,90558,12654],"class_list":["post-1063743","post","type-post","status-publish","format-standard","has-post-thumbnail","category-paris","tag-actualites","tag-alfortville","tag-choisy-le-roi","tag-eu","tag-europe","tag-fr","tag-france","tag-lhay-les-roses","tag-maisons-alfort","tag-news","tag-orly","tag-paris","tag-republique-francaise","tag-thiais","tag-vitry-sur-seine"],"share_on_mastodon":{"url":"https:\/\/pubeurope.com\/@fr\/116917430079133335","error":""},"_links":{"self":[{"href":"https:\/\/www.europesays.com\/fr\/wp-json\/wp\/v2\/posts\/1063743","targetHints":{"allow":["GET"]}}],"collection":[{"href":"https:\/\/www.europesays.com\/fr\/wp-json\/wp\/v2\/posts"}],"about":[{"href":"https:\/\/www.europesays.com\/fr\/wp-json\/wp\/v2\/types\/post"}],"author":[{"embeddable":true,"href":"https:\/\/www.europesays.com\/fr\/wp-json\/wp\/v2\/users\/2"}],"replies":[{"embeddable":true,"href":"https:\/\/www.europesays.com\/fr\/wp-json\/wp\/v2\/comments?post=1063743"}],"version-history":[{"count":0,"href":"https:\/\/www.europesays.com\/fr\/wp-json\/wp\/v2\/posts\/1063743\/revisions"}],"wp:featuredmedia":[{"embeddable":true,"href":"https:\/\/www.europesays.com\/fr\/wp-json\/wp\/v2\/media\/1059338"}],"wp:attachment":[{"href":"https:\/\/www.europesays.com\/fr\/wp-json\/wp\/v2\/media?parent=1063743"}],"wp:term":[{"taxonomy":"category","embeddable":true,"href":"https:\/\/www.europesays.com\/fr\/wp-json\/wp\/v2\/categories?post=1063743"},{"taxonomy":"post_tag","embeddable":true,"href":"https:\/\/www.europesays.com\/fr\/wp-json\/wp\/v2\/tags?post=1063743"}],"curies":[{"name":"wp","href":"https:\/\/api.w.org\/{rel}","templated":true}]}}