{"id":106378,"date":"2025-05-17T07:00:09","date_gmt":"2025-05-17T07:00:09","guid":{"rendered":"https:\/\/www.europesays.com\/fr\/106378\/"},"modified":"2025-05-17T07:00:09","modified_gmt":"2025-05-17T07:00:09","slug":"et-si-les-dromadaires-permettaient-de-soigner-en-partie-la-maladie-dalzheimer","status":"publish","type":"post","link":"https:\/\/www.europesays.com\/fr\/106378\/","title":{"rendered":"Et si les dromadaires permettaient de soigner (en partie) la maladie d\u2019Alzheimer\u00a0?"},"content":{"rendered":"<p>Les dromadaires au secours des personnes atteintes d\u2019<a href=\"https:\/\/www.20minutes.fr\/dossier\/alzheimer\" class=\"color-ultramarine c-link\" target=\"_blank\" rel=\"noopener\">Alzheimer<\/a>. Dans une vid\u00e9o publi\u00e9e il y a deux mois sur YouTube, une \u00e9quipe du <a href=\"https:\/\/www.20minutes.fr\/dossier\/cnrs\" class=\"color-ultramarine c-link\" target=\"_blank\" rel=\"noopener\">CNRS<\/a> explique avoir explor\u00e9 des \u00ab\u00a0solutions issues des syst\u00e8mes immunitaires des cam\u00e9lid\u00e9s, comme les dromadaires ou les lamas\u00a0\u00bb pour envisager un traitement contre cette maladie neurod\u00e9g\u00e9n\u00e9rative, rapporte <a href=\"https:\/\/www.bfmtv.com\/sante\/une-future-therapie-contre-alzheimer-le-cnrs-avance-une-piste-prometteuse-grace-aux-dromadaires_AN-202505150274.html\" target=\"_blank\" class=\"color-ultramarine c-link\" rel=\"noopener\">BFMTV<\/a>. Les <a href=\"https:\/\/www.20minutes.fr\/dossier\/chercheurs\" class=\"color-ultramarine c-link\" target=\"_blank\" rel=\"noopener\">chercheurs<\/a> \u00e9tudient l\u2019utilisation de nanocorps anti-tau comme nouvelle piste th\u00e9rapeutique. <a href=\"https:\/\/www.insb.cnrs.fr\/fr\/cnrsinfo\/comprendre-alzheimer-des-petits-anticorps-prometteurs\" target=\"_blank\" class=\"color-ultramarine c-link\" rel=\"noopener\">Un communiqu\u00e9<\/a> publi\u00e9 ce lundi d\u00e9taille ces travaux parus dans la revue scientifique Nature Communications.<\/p>\n<p>\u00ab\u00a0Les <a href=\"https:\/\/www.20minutes.fr\/dossier\/maladie\" class=\"color-ultramarine c-link\" target=\"_blank\" rel=\"noopener\">maladies<\/a> neurod\u00e9g\u00e9n\u00e9ratives, comme la maladie d\u2019Alzheimer, se caract\u00e9risent par l\u2019accumulation anormale de certains variants prot\u00e9iques dans le cerveau. Ces prot\u00e9ines s\u2019agglutinent \u00e0 l\u2019int\u00e9rieur des neurones, perturbent leur fonctionnement et se propagent dans les cellules voisines\u00a0\u00bb, rappelle le CNRS. Dans le cas d\u2019Alzheimer, c\u2019est la prot\u00e9ine tau qui est en cause\u00a0: \u00ab\u00a0Chez les personnes atteintes, cette prot\u00e9ine change de forme et s\u2019agglutine dans les neurones.\u00a0\u00bb<\/p>\n<p class=\"mb-m@xs text-l@xs\">En cliquant sur\u00ab J\u2019accepte \u00bb, vous acceptez le d\u00e9p\u00f4t de cookies par des services externes et aurez ainsi acc\u00e8s aux contenus de nos partenaires.<\/p>\n<p class=\"mb-xl@xs text-s@xs\">Plus d\u2019informations sur la page<a href=\"https:\/\/www.20minutes.fr\/gestion-cookies\" class=\"mx-xxs@xs color-ultramarine\" target=\"_blank\" rel=\"noopener\">Politique de gestion des cookies<\/a><\/p>\n<p>J\u2019accepteLa petite taille est un atout<\/p>\n<p>Les <a href=\"https:\/\/www.20minutes.fr\/dossier\/scientifiques\" class=\"color-ultramarine c-link\" target=\"_blank\" rel=\"noopener\">scientifiques<\/a> ont ainsi analys\u00e9 une s\u00e9rie de nanocorps anti-tau. Ces nanocorps sont de petits anticorps artificiels, issus d\u2019anticorps sp\u00e9cifiques des cam\u00e9lid\u00e9s. Parmi ceux \u00e9tudi\u00e9s, les d\u00e9nomm\u00e9s A31, Z70 et H3-2 se sont montr\u00e9s \u00ab\u00a0les inhibiteurs les plus puissants de l\u2019internalisation cellulaire de la prot\u00e9ine tau monom\u00e9rique dans les cultures de cellules neuronales de souris\u00a0\u00bb. Leur efficacit\u00e9 tiendrait \u00e0 leur tr\u00e8s petite taille.<\/p>\n<p>\u00ab\u00a0C\u2019est dix fois plus petit qu\u2019un anticorps classique. On va pouvoir plus facilement les modifier et les adapter \u00e0 ce que l\u2019on souhaite faire en <a href=\"https:\/\/www.20minutes.fr\/dossier\/laboratoire\" class=\"color-ultramarine c-link\" target=\"_blank\" rel=\"noopener\">laboratoire<\/a>\u00a0\u00bb, explique Cl\u00e9ment Danis, biologiste. Malgr\u00e9 ces r\u00e9sultats prometteurs, le CNRS rappelle que \u00ab\u00a0plusieurs essais cliniques d\u2019immunoth\u00e9rapies anti-tau (phase II ou III) ont \u00e9t\u00e9 interrompus en raison d\u2019un manque d\u2019efficacit\u00e9 ou d\u2019engagement de la cible\u00a0\u00bb. Des recherches compl\u00e9mentaires seront donc n\u00e9cessaires pour accompagner cette avanc\u00e9e, qui pourrait ouvrir la voie \u00e0 de futures bioth\u00e9rapies contre Alzheimer.<\/p>\n","protected":false},"excerpt":{"rendered":"Les dromadaires au secours des personnes atteintes d\u2019Alzheimer. Dans une vid\u00e9o publi\u00e9e il y a deux mois sur&hellip;\n","protected":false},"author":2,"featured_media":106379,"comment_status":"","ping_status":"","sticky":false,"template":"","format":"standard","meta":{"footnotes":""},"categories":[10],"tags":[47,772,7079,5205,1011,27,72,226,71,4513],"class_list":{"0":"post-106378","1":"post","2":"type-post","3":"status-publish","4":"format-standard","5":"has-post-thumbnail","7":"category-sante","8":"tag-actualite","9":"tag-alzheimer","10":"tag-chercheurs","11":"tag-cnrs","12":"tag-fr","13":"tag-france","14":"tag-health","15":"tag-maladie","16":"tag-sante","17":"tag-scientifiques"},"share_on_mastodon":{"url":"https:\/\/pubeurope.com\/@fr\/114521887403417125","error":""},"_links":{"self":[{"href":"https:\/\/www.europesays.com\/fr\/wp-json\/wp\/v2\/posts\/106378","targetHints":{"allow":["GET"]}}],"collection":[{"href":"https:\/\/www.europesays.com\/fr\/wp-json\/wp\/v2\/posts"}],"about":[{"href":"https:\/\/www.europesays.com\/fr\/wp-json\/wp\/v2\/types\/post"}],"author":[{"embeddable":true,"href":"https:\/\/www.europesays.com\/fr\/wp-json\/wp\/v2\/users\/2"}],"replies":[{"embeddable":true,"href":"https:\/\/www.europesays.com\/fr\/wp-json\/wp\/v2\/comments?post=106378"}],"version-history":[{"count":0,"href":"https:\/\/www.europesays.com\/fr\/wp-json\/wp\/v2\/posts\/106378\/revisions"}],"wp:featuredmedia":[{"embeddable":true,"href":"https:\/\/www.europesays.com\/fr\/wp-json\/wp\/v2\/media\/106379"}],"wp:attachment":[{"href":"https:\/\/www.europesays.com\/fr\/wp-json\/wp\/v2\/media?parent=106378"}],"wp:term":[{"taxonomy":"category","embeddable":true,"href":"https:\/\/www.europesays.com\/fr\/wp-json\/wp\/v2\/categories?post=106378"},{"taxonomy":"post_tag","embeddable":true,"href":"https:\/\/www.europesays.com\/fr\/wp-json\/wp\/v2\/tags?post=106378"}],"curies":[{"name":"wp","href":"https:\/\/api.w.org\/{rel}","templated":true}]}}