{"id":1063839,"date":"2026-07-14T09:46:23","date_gmt":"2026-07-14T09:46:23","guid":{"rendered":"https:\/\/www.europesays.com\/fr\/1063839\/"},"modified":"2026-07-14T09:46:23","modified_gmt":"2026-07-14T09:46:23","slug":"le-restaurant-ephemere-a-ne-pas-louper-a-marseille-cet-ete-est-signe-air-france","status":"publish","type":"post","link":"https:\/\/www.europesays.com\/fr\/1063839\/","title":{"rendered":"Le restaurant \u00e9ph\u00e9m\u00e8re \u00e0 ne pas louper \u00e0 Marseille cet \u00e9t\u00e9 est sign\u00e9 Air France"},"content":{"rendered":"<p>Apr\u00e8s avoir conquis la capitale, Air France change d&rsquo;horizon.<br \/>\nSon restaurant \u00e9ph\u00e9m\u00e8re estival avait d&rsquo;abord investi <a href=\"https:\/\/www.grazia.fr\/cuisine\/restaurants\/grazia-city-guide-les-lieux-a-decouvrir-a-paris-a-proximite-des-epreuves-des-jeux-olympiques-1100949.html\" rel=\"nofollow noopener\" target=\"_blank\"><br \/>\nle Palais de Tokyo en 2024<\/a>, puis la terrasse panoramique des<br \/>\nGaleries Lafayette Paris Haussmann en 2025. Cet \u00e9t\u00e9, la compagnie<br \/>\nfait escale \u00e0 <a href=\"https:\/\/www.grazia.fr\/cuisine\/restaurants\/les-adresses-branchees-quil-faut-connaitre-a-marseille-cet-ete-1103458.html\" rel=\"nofollow noopener\" target=\"_blank\"><br \/>\nMarseille<\/a> et pose ses valises au Cercle des Nageurs. Un superbe<br \/>\n\u00e9crin qui b\u00e9n\u00e9ficie d\u2019une vue imprenable sur la cit\u00e9 phoc\u00e9enne et<br \/>\nles flots marins.<\/p>\n<p>Une fois n\u2019est pas coutume, l\u2019id\u00e9e de cette initiative est de<br \/>\nfaire vivre aux visiteurs l\u2019exp\u00e9rience Business \u00ab\u00a0comme dans un<br \/>\navion\u00a0\u00bb, ailleurs que dans les airs. Les convives peuvent donc<br \/>\ny d\u00e9guster des menus rigoureusement identiques \u00e0 ceux servis \u00e0 bord<br \/>\ndes cabines Business long-courrier de la compagnie.<\/p>\n<p><img loading=\"lazy\" decoding=\"async\" itemprop=\"thumbnailUrl\" class=\"alignnone wp-image-1263478 img-responsive pinit-here\" src=\"https:\/\/www.europesays.com\/fr\/wp-content\/uploads\/2026\/07\/1-le-restaurant-air-france-air-france.png\" alt=\"\" width=\"750\" height=\"313\" data-pin-media=\"https:\/\/www.grazia.fr\/wp-content\/uploads\/grazia\/2026\/07\/1-le-restaurant-air-france-air-france-736x307.png\"\/><br \/>\n\u00a9 DR Air<br \/>\nFrance<\/p>\n<p>Une exp\u00e9rience gastronomique de haut vol<\/p>\n<p>Les plats chauds \u00e0 la carte sont ainsi sign\u00e9s par le chef<br \/>\ntriplement \u00e9toil\u00e9 au Guide Michelin et laur\u00e9at du Bocuse d&rsquo;Or,<br \/>\nR\u00e9gis Marcon. R\u00e9put\u00e9 pour sa cuisine inspir\u00e9e par la nature et les<br \/>\nterroirs fran\u00e7ais, ses mets nous font voyager aux quatre coins de<br \/>\nl\u2019Hexagone : lasagnes de canard sublim\u00e9es par une sauce au cassis<br \/>\npour un d\u00e9tour en Auvergne, ou g\u00e2teau de ratatouille au basilic,<br \/>\ncourgettes et c\u00e9leri pour faire \u00e9cho \u00e0 la C\u00f4te d\u2019Azur.<\/p>\n<p><img loading=\"lazy\" decoding=\"async\" class=\"alignnone wp-image-1263483 img-responsive pinit-here\" src=\"https:\/\/www.europesays.com\/fr\/wp-content\/uploads\/2026\/07\/regis-marcon-business-dish-air-france-4.jpg\" alt=\"\" width=\"750\" height=\"500\" data-pin-media=\"https:\/\/www.grazia.fr\/wp-content\/uploads\/grazia\/2026\/07\/regis-marcon-business-dish-air-france-4-736x491.jpg\"\/><br \/>\n\u00a9 DR Air<br \/>\nFrance<\/p>\n<p>Le voyage gustatif se poursuit avec les desserts de Nina<br \/>\nM\u00e9tayer, <a href=\"https:\/\/www.grazia.fr\/dossiers\/special-food\/les-pieds-dans-le-plat-avec-nina-metayer-rencontre-gourmande-avec-la-premiere-femme-sacree-meilleure-patissiere-du-monde-1079304.html\" rel=\"nofollow noopener\" target=\"_blank\"><br \/>\nsacr\u00e9e \u00ab\u00a0P\u00e2tissi\u00e8re mondiale 2023\u00a0\u00bb<\/a>. L\u2019\u00e9quilibriste de la<br \/>\ngourmandise signe deux cr\u00e9ations a\u00e9riennes (sans mauvais jeu de<br \/>\nmots) parfaitement de saison : \u00ab\u00a0L\u2019\u00c9chapp\u00e9e citron-verveine\u00a0\u00bb, aux<br \/>\nnotes acidul\u00e9es et rafra\u00eechissantes, ou le \u00ab\u00a0Plaisir croquant<br \/>\nnoisette et caramel\u00a0\u00bb, plus g\u00e9n\u00e9reux et r\u00e9confortant.<\/p>\n<p>Le tout est \u00e0 appr\u00e9cier en m\u00eame temps qu\u2019une coupe de champagne<br \/>\nde la maison Pommery ou en se laissant guider par la s\u00e9lection de<br \/>\nvins fran\u00e7ais rigoureusement \u00e9labor\u00e9e par Xavier Thuizat, chef<br \/>\nsommelier d\u2019Air France et Meilleur Sommelier de France 2022. \u00c0<br \/>\nmoins de craquer pour Quintessence, le tout nouveau cocktail phare<br \/>\nde la cabine Business, imagin\u00e9 par le talentueux chef mixologue<br \/>\nMatthias Giroud.<\/p>\n<p><img loading=\"lazy\" decoding=\"async\" class=\"alignnone wp-image-1263481 img-responsive pinit-here\" src=\"https:\/\/www.europesays.com\/fr\/wp-content\/uploads\/2026\/07\/n.-metayer-business-pastry-jul-aug-sep-26-3.jpg\" alt=\"\" width=\"750\" height=\"500\" data-pin-media=\"https:\/\/www.grazia.fr\/wp-content\/uploads\/grazia\/2026\/07\/n.-metayer-business-pastry-jul-aug-sep-26-3-736x491.jpg\"\/><br \/>\n\u00a9 DR Air<br \/>\nFrance<\/p>\n<p>D\u00e9cor de r\u00eave<\/p>\n<p>Le d\u00e9cor du lieu reprend avec soin la charte chromatique de la<br \/>\ncompagnie a\u00e9rienne : le bleu marine profond, le blanc lumineux et<br \/>\ndes touches de rouge vif. Sous l\u2019oeil de l\u2019hippocampe ail\u00e9, symbole<br \/>\nd\u2019Air France, qui s\u2019invite tout en discr\u00e9tion, l\u2019atmosph\u00e8re se veut<br \/>\nfeutr\u00e9e et intime pour rappeller celle des salons priv\u00e9s de la<br \/>\ncompagnie. Mais avec une terrasse exceptionnelle en prime ! Sans<br \/>\nconteste, un point de vue parfait pour contempler le coucher du<br \/>\nsoleil embraser la mer.<\/p>\n<p>Les visiteurs peuvent d\u2019ailleurs prolonger l\u2019exp\u00e9rience en<br \/>\nd\u00e9couvrant un corner Air France Shopping, o\u00f9 est propos\u00e9e une<br \/>\nchicissime s\u00e9lection d&rsquo;accessoires de voyage.<\/p>\n<p><img loading=\"lazy\" decoding=\"async\" class=\"alignnone wp-image-1263480 img-responsive pinit-here\" src=\"https:\/\/www.europesays.com\/fr\/wp-content\/uploads\/2026\/07\/6-le-restaurant-air-france-air-france.png\" alt=\"\" width=\"750\" height=\"313\" data-pin-media=\"https:\/\/www.grazia.fr\/wp-content\/uploads\/grazia\/2026\/07\/6-le-restaurant-air-france-air-france-736x307.png\"\/><br \/>\n\u00a9 DR Air<br \/>\nFrance<\/p>\n<ul>\n<li><strong>Du 14 juillet au 9 ao\u00fbt 2026 tous les soirs (sauf<br \/>\nle lundi) de 19h30 \u00e0 21h30 sur r\u00e9servation. Formule d\u00eener \u00e0 98<br \/>\neuros par personne, boissons comprises.<\/strong><\/li>\n<\/ul>\n","protected":false},"excerpt":{"rendered":"Apr\u00e8s avoir conquis la capitale, Air France change d&rsquo;horizon. Son restaurant \u00e9ph\u00e9m\u00e8re estival avait d&rsquo;abord investi le Palais&hellip;\n","protected":false},"author":2,"featured_media":1063840,"comment_status":"","ping_status":"","sticky":false,"template":"","format":"standard","meta":{"footnotes":"","_share_on_mastodon":"0"},"categories":[2814],"tags":[930,13041,1111,11,2965,33318,11645,932,2883,1777,674,1011,27,85507,884,16285,12,5261,882,25,1340,3789],"class_list":["post-1063839","post","type-post","status-publish","format-standard","has-post-thumbnail","category-marseille","tag-le","tag-a","tag-actu","tag-actualites","tag-air","tag-cet","tag-ephemere","tag-est","tag-ete","tag-eu","tag-europe","tag-fr","tag-france","tag-louper","tag-marseille","tag-ne","tag-news","tag-pas","tag-provence-alpes-cote-dazur","tag-republique-francaise","tag-restaurant","tag-signe"],"share_on_mastodon":{"url":"https:\/\/pubeurope.com\/@fr\/116917699757091396","error":""},"_links":{"self":[{"href":"https:\/\/www.europesays.com\/fr\/wp-json\/wp\/v2\/posts\/1063839","targetHints":{"allow":["GET"]}}],"collection":[{"href":"https:\/\/www.europesays.com\/fr\/wp-json\/wp\/v2\/posts"}],"about":[{"href":"https:\/\/www.europesays.com\/fr\/wp-json\/wp\/v2\/types\/post"}],"author":[{"embeddable":true,"href":"https:\/\/www.europesays.com\/fr\/wp-json\/wp\/v2\/users\/2"}],"replies":[{"embeddable":true,"href":"https:\/\/www.europesays.com\/fr\/wp-json\/wp\/v2\/comments?post=1063839"}],"version-history":[{"count":0,"href":"https:\/\/www.europesays.com\/fr\/wp-json\/wp\/v2\/posts\/1063839\/revisions"}],"wp:featuredmedia":[{"embeddable":true,"href":"https:\/\/www.europesays.com\/fr\/wp-json\/wp\/v2\/media\/1063840"}],"wp:attachment":[{"href":"https:\/\/www.europesays.com\/fr\/wp-json\/wp\/v2\/media?parent=1063839"}],"wp:term":[{"taxonomy":"category","embeddable":true,"href":"https:\/\/www.europesays.com\/fr\/wp-json\/wp\/v2\/categories?post=1063839"},{"taxonomy":"post_tag","embeddable":true,"href":"https:\/\/www.europesays.com\/fr\/wp-json\/wp\/v2\/tags?post=1063839"}],"curies":[{"name":"wp","href":"https:\/\/api.w.org\/{rel}","templated":true}]}}