{"id":106394,"date":"2025-05-17T07:08:11","date_gmt":"2025-05-17T07:08:11","guid":{"rendered":"https:\/\/www.europesays.com\/fr\/106394\/"},"modified":"2025-05-17T07:08:11","modified_gmt":"2025-05-17T07:08:11","slug":"saint-etienne-dans-les-hotels-stephanois-la-biennale-design-cest-du-boulot-pour-nous","status":"publish","type":"post","link":"https:\/\/www.europesays.com\/fr\/106394\/","title":{"rendered":"Saint-\u00c9tienne. Dans les h\u00f4tels st\u00e9phanois, la Biennale design \u00ab\u00a0c\u2019est du boulot pour nous\u00a0\u00bb"},"content":{"rendered":"<p>Ils ont fait le plein avec le Tour de France en 2022 et la Coupe du monde de rugby en 2023. Un peu moins avec les JO de Paris 2024. Les h\u00f4teliers st\u00e9phanois attendent donc avec impatience la Biennale design. La 13e \u00e9dition d\u00e9butera le 22\u00a0mai et durera jusqu\u2019au 6\u00a0juillet, soit un peu plus de six semaines.<\/p>\n<p>Les organisateurs ont d\u2019ores et d\u00e9j\u00e0 promis <a href=\"https:\/\/www.leprogres.fr\/culture-loisirs\/2025\/02\/21\/plus-joyeuse-ouverte-et-familiale-a-quoi-ressemblera-la-13e-biennale-du-design\" target=\"_blank\" rel=\"nofollow noopener\">une Biennale \u00ab\u00a0familiale\u00a0\u00bb mais aussi \u00ab\u00a0internationale\u00a0\u00bb<\/a>, en invitant les 48 autres villes cr\u00e9atives design Unesco (Berlin, Montr\u00e9al, Duba\u00ef ou encore Bangkok\u2026 rien que \u00e7a\u00a0!).<\/p>\n<p>De nombreux journalistes sont \u00e9galement attendus, ainsi que des milliers de visiteurs (ils \u00e9taient 262\u00a0000 en 2022). Bref, cet \u00e9v\u00e9nement, l\u2019un des plus importants organis\u00e9s en ville, devrait attirer pas mal de monde.<\/p>\n<p>\u00ab\u00a0Facilement 20\u00a0% de r\u00e9servations&#8230;                <\/p>\n","protected":false},"excerpt":{"rendered":"Ils ont fait le plein avec le Tour de France en 2022 et la Coupe du monde de&hellip;\n","protected":false},"author":2,"featured_media":106395,"comment_status":"","ping_status":"","sticky":false,"template":"","format":"standard","meta":{"footnotes":""},"categories":[9653],"tags":[1111,11,2430,33,7539,1777,674,1011,27,12,25,4001,7538,602],"class_list":{"0":"post-106394","1":"post","2":"type-post","3":"status-publish","4":"format-standard","5":"has-post-thumbnail","7":"category-saint-etienne","8":"tag-actu","9":"tag-actualites","10":"tag-auvergne-rhone-alpes","11":"tag-economie","12":"tag-edition-loire-sud","13":"tag-eu","14":"tag-europe","15":"tag-fr","16":"tag-france","17":"tag-news","18":"tag-republique-francaise","19":"tag-saint-etienne","20":"tag-saint-etienne-ville","21":"tag-tourisme"},"share_on_mastodon":{"url":"https:\/\/pubeurope.com\/@fr\/114521918891112731","error":""},"_links":{"self":[{"href":"https:\/\/www.europesays.com\/fr\/wp-json\/wp\/v2\/posts\/106394","targetHints":{"allow":["GET"]}}],"collection":[{"href":"https:\/\/www.europesays.com\/fr\/wp-json\/wp\/v2\/posts"}],"about":[{"href":"https:\/\/www.europesays.com\/fr\/wp-json\/wp\/v2\/types\/post"}],"author":[{"embeddable":true,"href":"https:\/\/www.europesays.com\/fr\/wp-json\/wp\/v2\/users\/2"}],"replies":[{"embeddable":true,"href":"https:\/\/www.europesays.com\/fr\/wp-json\/wp\/v2\/comments?post=106394"}],"version-history":[{"count":0,"href":"https:\/\/www.europesays.com\/fr\/wp-json\/wp\/v2\/posts\/106394\/revisions"}],"wp:featuredmedia":[{"embeddable":true,"href":"https:\/\/www.europesays.com\/fr\/wp-json\/wp\/v2\/media\/106395"}],"wp:attachment":[{"href":"https:\/\/www.europesays.com\/fr\/wp-json\/wp\/v2\/media?parent=106394"}],"wp:term":[{"taxonomy":"category","embeddable":true,"href":"https:\/\/www.europesays.com\/fr\/wp-json\/wp\/v2\/categories?post=106394"},{"taxonomy":"post_tag","embeddable":true,"href":"https:\/\/www.europesays.com\/fr\/wp-json\/wp\/v2\/tags?post=106394"}],"curies":[{"name":"wp","href":"https:\/\/api.w.org\/{rel}","templated":true}]}}