{"id":106400,"date":"2025-05-17T07:11:48","date_gmt":"2025-05-17T07:11:48","guid":{"rendered":"https:\/\/www.europesays.com\/fr\/106400\/"},"modified":"2025-05-17T07:11:48","modified_gmt":"2025-05-17T07:11:48","slug":"rodeo-urbain-un-gendarme-blesse-apres-avoir-ete-percute-par-un-motard-a-nancy","status":"publish","type":"post","link":"https:\/\/www.europesays.com\/fr\/106400\/","title":{"rendered":"Rod\u00e9o urbain : un gendarme bless\u00e9 apr\u00e8s avoir \u00e9t\u00e9 percut\u00e9 par un motard \u00e0 Nancy"},"content":{"rendered":"<p class=\"paragraph text_align_left\">Un gendarme a \u00e9t\u00e9 bless\u00e9 apr\u00e8s avoir \u00e9t\u00e9 \u00ab percut\u00e9 volontairement \u00bb par un motard lors d\u2019un <a href=\"https:\/\/www.leparisien.fr\/faits-divers\/aller-toujours-plus-loin-pour-buzzer-comment-les-videos-de-rodeos-urbains-amplifient-le-phenomene-15-05-2025-O5BHG4FQXJA4FH6KE4C6Z7PJZE.php\" target=\"_blank\" rel=\"noreferrer nofollow noopener\">rod\u00e9o urbain<\/a>, vendredi, pr\u00e8s de Nancy, a-t-on appris samedi aupr\u00e8s de la gendarmerie de Meurthe-et-Moselle.<\/p>\n<p class=\"paragraph text_align_left\">Souffrant de \u00ab fractures assez importantes \u00bb \u00e0 la jambe, la victime a \u00e9t\u00e9 op\u00e9r\u00e9e pendant la nuit \u00e0 l\u2019h\u00f4pital de Nancy, a indiqu\u00e9 l\u2019officier de permanence.<\/p>\n<p>Le motard en fuite<\/p>\n<p class=\"paragraph text_align_left\">L\u2019incident s\u2019est produit lorsque le jeune gendarme a fait signe au motard de s\u2019arr\u00eater, vendredi vers 21h30 \u00e0 Neuves-Maisons, une commune de 6 500 habitants situ\u00e9e au sud de Nancy.<\/p>\n<p class=\"paragraph text_align_left\">En r\u00e9action, \u00ab le motard a percut\u00e9 volontairement le gendarme \u00bb avant de quitter les lieux avec son v\u00e9hicule, a d\u00e9clar\u00e9 son coll\u00e8gue. L\u2019individu n\u2019a toujours pas \u00e9t\u00e9 retrouv\u00e9.<\/p>\n<p class=\"paragraph text_align_left\">Une enqu\u00eate a \u00e9t\u00e9 confi\u00e9e \u00e0 la brigade de recherches de Nancy. \u00ab On va certainement parvenir \u00e0 l\u2019identifier \u00bb, a assur\u00e9 l\u2019officier de permanence.<\/p>\n<p class=\"lp-card-podcast-highlighting__title lp-f-subtitle-05\">L\u2019affaire Dominici\u00a0: les myst\u00e8res d\u2019un triple meurtre<\/p>\n<p class=\"lp-card-podcast-highlighting__description lp-f-ui-05\">Crime story raconte chaque semaine les grandes affaires criminelles.<\/p>\n<p><a class=\"lp-card-podcast-highlighting__call-to-action\" data-page-type=\"HP\" data-block-name=\"podcast-highlight\">\u00c9couter<\/a><\/p>\n<p class=\"paragraph text_align_left\">La pratique du rod\u00e9o urbain ou \u00ab cross bitume \u00bb peut parfois conduire <a href=\"https:\/\/www.leparisien.fr\/faits-divers\/pompier-blesse-lors-dun-rodeo-urbain-le-conducteur-mis-en-examen-pour-tentative-de-meurtre-12-05-2025-ZLPJTJODPRHLPFQLH4OKFWO5LA.php\" rel=\"nofollow noopener\" target=\"_blank\">\u00e0 des drames<\/a>. \u00c0 l\u2019image de ce qui s\u2019est pass\u00e9 le 10 mai \u00e0 \u00c9vian-les-Bains (Haute-Savoie), o\u00f9 <a href=\"https:\/\/www.leparisien.fr\/faits-divers\/pompier-entre-la-vie-et-la-mort-a-evian-recit-dun-rodeo-urbain-qui-a-vire-a-lattaque-violente-10-05-2025-56KY2ACFCZADZNNAKDTF7CTQVU.php\" target=\"_self\" rel=\"nofollow noopener\">un pompier volontaire a \u00e9t\u00e9 violemment percut\u00e9 lors d\u2019un rod\u00e9o urbain.<\/a><\/p>\n","protected":false},"excerpt":{"rendered":"Un gendarme a \u00e9t\u00e9 bless\u00e9 apr\u00e8s avoir \u00e9t\u00e9 \u00ab percut\u00e9 volontairement \u00bb par un motard lors d\u2019un rod\u00e9o&hellip;\n","protected":false},"author":2,"featured_media":106401,"comment_status":"","ping_status":"","sticky":false,"template":"","format":"standard","meta":{"footnotes":""},"categories":[9635],"tags":[1111,11,459,1777,674,118,1011,27,775,1702,12,25],"class_list":{"0":"post-106400","1":"post","2":"type-post","3":"status-publish","4":"format-standard","5":"has-post-thumbnail","7":"category-nancy","8":"tag-actu","9":"tag-actualites","10":"tag-departements-horsidfo","11":"tag-eu","12":"tag-europe","13":"tag-faits-divers","14":"tag-fr","15":"tag-france","16":"tag-grand-est","17":"tag-nancy","18":"tag-news","19":"tag-republique-francaise"},"share_on_mastodon":{"url":"https:\/\/pubeurope.com\/@fr\/114521934611122626","error":""},"_links":{"self":[{"href":"https:\/\/www.europesays.com\/fr\/wp-json\/wp\/v2\/posts\/106400","targetHints":{"allow":["GET"]}}],"collection":[{"href":"https:\/\/www.europesays.com\/fr\/wp-json\/wp\/v2\/posts"}],"about":[{"href":"https:\/\/www.europesays.com\/fr\/wp-json\/wp\/v2\/types\/post"}],"author":[{"embeddable":true,"href":"https:\/\/www.europesays.com\/fr\/wp-json\/wp\/v2\/users\/2"}],"replies":[{"embeddable":true,"href":"https:\/\/www.europesays.com\/fr\/wp-json\/wp\/v2\/comments?post=106400"}],"version-history":[{"count":0,"href":"https:\/\/www.europesays.com\/fr\/wp-json\/wp\/v2\/posts\/106400\/revisions"}],"wp:featuredmedia":[{"embeddable":true,"href":"https:\/\/www.europesays.com\/fr\/wp-json\/wp\/v2\/media\/106401"}],"wp:attachment":[{"href":"https:\/\/www.europesays.com\/fr\/wp-json\/wp\/v2\/media?parent=106400"}],"wp:term":[{"taxonomy":"category","embeddable":true,"href":"https:\/\/www.europesays.com\/fr\/wp-json\/wp\/v2\/categories?post=106400"},{"taxonomy":"post_tag","embeddable":true,"href":"https:\/\/www.europesays.com\/fr\/wp-json\/wp\/v2\/tags?post=106400"}],"curies":[{"name":"wp","href":"https:\/\/api.w.org\/{rel}","templated":true}]}}