{"id":106402,"date":"2025-05-17T07:12:08","date_gmt":"2025-05-17T07:12:08","guid":{"rendered":"https:\/\/www.europesays.com\/fr\/106402\/"},"modified":"2025-05-17T07:12:08","modified_gmt":"2025-05-17T07:12:08","slug":"lorchestre-dharmonie-toulon-var-mediterranee-en-concert-ce-dimanche-a-cuers","status":"publish","type":"post","link":"https:\/\/www.europesays.com\/fr\/106402\/","title":{"rendered":"L\u2019orchestre d\u2019harmonie Toulon Var M\u00e9diterran\u00e9e en concert ce dimanche \u00e0 Cuers"},"content":{"rendered":"<p>Tout est pr\u00eat et les r\u00e9p\u00e9titions s\u2019encha\u00eenent. Ce dimanche \u00e0 16h, au p\u00f4le culturel de Cuers, un concert gratuit va faire date: celui de l\u2019orchestre d\u2019harmonie Toulon Var M\u00e9diterran\u00e9e.<\/p>\n<p>Fort de cinquante virtuoses, l\u2019ensemble, dirig\u00e9 par Beno\u00eet Gonzal\u00e8s, est devenu incontournable dans le paysage culturel local.<\/p>\n<p>\u00ab\u00a0Cette fois, nous racontons l\u2019histoire de Toulon en musique pendant 1h15. L\u2019entr\u00e9e est ouverte \u00e0 tous sur r\u00e9servation. Il s\u2019agit d\u2019une fresque musicale. L\u2019id\u00e9e m\u2019est venue \u00e0 partir du souvenir d\u2019un spectacle de l\u2019orchestre dans lequel je jouais quand j\u2019\u00e9tais enfant, pr\u00e8s de Lens\u00a0\u00bb, explique Vincent Merlin, musicien et initiateur du projet. \u00ab\u00a0On a donc constitu\u00e9 une \u00e9quipe pour raconter Toulon et le Var sous l\u2019angle des habitants.\u00a0\u00bb<\/p>\n<p>Une ann\u00e9e a \u00e9t\u00e9 n\u00e9cessaire pour faire les choix de lieux, d\u2019extraits musicaux, \u00e9crire les textes et tout enregistrer \u00e0 la mani\u00e8re de podcasts.<\/p>\n<p>De l\u2019\u00e9poque romaine au RCT!<\/p>\n<p>Au final, onze univers musicaux composent ce voyage in\u00e9dit. Tout d\u00e9bute de l\u2019\u00e9poque romaine, puis Dame Sibille, Barberousse, l\u2019arsenal, le si\u00e8ge de Toulon, l\u2019op\u00e9ra, le bagne, les ann\u00e9es folles, les bombardements du 24 novembre 1943, le RCT et le carr\u00e9 du port sont abord\u00e9s.<\/p>\n<p>Musicalement, on voyage entre Tcha\u00efkovski, Offenbach et des artistes plus contemporains. Ainsi, on red\u00e9couvre Hisaishi, le compositeur du fameux Mon voisin Totoro!<\/p>\n<p>\u00c0 chaque pan d\u2019histoire son morceau millim\u00e9tr\u00e9. \u00ab\u00a0Deux r\u00e9citants racontent Toulon, son histoire, son \u00e9pop\u00e9e. La musique vient se greffer par-dessus leurs r\u00e9cits\u00a0\u00bb, ajoute l\u2019orchestre.<\/p>\n<p>Et, au spectacle d\u00e9j\u00e0 riche, se greffent des projections d\u2019images, en r\u00e9sonance avec les th\u00e8mes abord\u00e9s. Fr\u00e9d\u00e9ric Buquen, photographe toulonnais, a pr\u00eat\u00e9 une trentaine de ses images pour l\u2019\u00e9v\u00e9nement.<\/p>\n<p>L\u2019association des Amis du vieux Toulon et le mus\u00e9e du Vieux Toulon ont particip\u00e9 en offrant des prises de vues d\u2019une trentaine d\u2019objets appartenant au mus\u00e9e. Enfin, l\u2019op\u00e9ra a aussi confi\u00e9 des photos originales.<\/p>\n<p>\u00ab\u00a0Pour Toulon, on y croit fort\u00a0\u00bb<\/p>\n<p>Cr\u00e9\u00e9 en 2013, l\u2019orchestre d\u2019harmonie rassemble en son sein des musiciens pros, des anciens et des \u00e9l\u00e8ves du conservatoire TPM. Tous sont b\u00e9n\u00e9voles.<\/p>\n<p>Maintenant, l\u2019Harmonie esp\u00e8re pouvoir offrir aux Toulonnais un grand concert bient\u00f4t. Que cette fresque qui raconte leur ville soit enfin jou\u00e9e \u00ab\u00a0\u00e0 domicile\u00a0\u00bb. Une date \u00e0 la rentr\u00e9e prochaine serait id\u00e9ale.<\/p>\n<p>\u00ab\u00a0Nous sommes en contact avec la mairie de Toulon qui a accompagn\u00e9 l\u2019orchestre depuis sa cr\u00e9ation. On cherche \u00e9galement d\u2019autres soutiens et partenaires, publics ou priv\u00e9s, pour rendre ce projet concret. C\u2019est la prochaine \u00e9tape. On y croit fort!\u00a0\u00bb<\/p>\n<p>Contact <a href=\"https:\/\/www.varmatin.com\/vie-locale\/contact@ohtvm.org\" target=\"_blank\" rel=\"noopener nofollow\">contact@ohtvm.org<\/a><\/p>\n","protected":false},"excerpt":{"rendered":"Tout est pr\u00eat et les r\u00e9p\u00e9titions s\u2019encha\u00eenent. Ce dimanche \u00e0 16h, au p\u00f4le culturel de Cuers, un concert&hellip;\n","protected":false},"author":2,"featured_media":106403,"comment_status":"","ping_status":"","sticky":false,"template":"","format":"standard","meta":{"footnotes":""},"categories":[9619],"tags":[1111,11,1777,674,1011,27,12,882,25,2310,3366],"class_list":{"0":"post-106402","1":"post","2":"type-post","3":"status-publish","4":"format-standard","5":"has-post-thumbnail","7":"category-toulon","8":"tag-actu","9":"tag-actualites","10":"tag-eu","11":"tag-europe","12":"tag-fr","13":"tag-france","14":"tag-news","15":"tag-provence-alpes-cote-dazur","16":"tag-republique-francaise","17":"tag-toulon","18":"tag-vie-locale"},"share_on_mastodon":{"url":"https:\/\/pubeurope.com\/@fr\/114521934726114678","error":""},"_links":{"self":[{"href":"https:\/\/www.europesays.com\/fr\/wp-json\/wp\/v2\/posts\/106402","targetHints":{"allow":["GET"]}}],"collection":[{"href":"https:\/\/www.europesays.com\/fr\/wp-json\/wp\/v2\/posts"}],"about":[{"href":"https:\/\/www.europesays.com\/fr\/wp-json\/wp\/v2\/types\/post"}],"author":[{"embeddable":true,"href":"https:\/\/www.europesays.com\/fr\/wp-json\/wp\/v2\/users\/2"}],"replies":[{"embeddable":true,"href":"https:\/\/www.europesays.com\/fr\/wp-json\/wp\/v2\/comments?post=106402"}],"version-history":[{"count":0,"href":"https:\/\/www.europesays.com\/fr\/wp-json\/wp\/v2\/posts\/106402\/revisions"}],"wp:featuredmedia":[{"embeddable":true,"href":"https:\/\/www.europesays.com\/fr\/wp-json\/wp\/v2\/media\/106403"}],"wp:attachment":[{"href":"https:\/\/www.europesays.com\/fr\/wp-json\/wp\/v2\/media?parent=106402"}],"wp:term":[{"taxonomy":"category","embeddable":true,"href":"https:\/\/www.europesays.com\/fr\/wp-json\/wp\/v2\/categories?post=106402"},{"taxonomy":"post_tag","embeddable":true,"href":"https:\/\/www.europesays.com\/fr\/wp-json\/wp\/v2\/tags?post=106402"}],"curies":[{"name":"wp","href":"https:\/\/api.w.org\/{rel}","templated":true}]}}