{"id":1064075,"date":"2026-07-14T12:20:11","date_gmt":"2026-07-14T12:20:11","guid":{"rendered":"https:\/\/www.europesays.com\/fr\/1064075\/"},"modified":"2026-07-14T12:20:11","modified_gmt":"2026-07-14T12:20:11","slug":"des-troupes-et-des-avions-de-combat-europeens-au-defile-du-14-juillet-a-paris","status":"publish","type":"post","link":"https:\/\/www.europesays.com\/fr\/1064075\/","title":{"rendered":"Des troupes et des avions de combat europ\u00e9ens au d\u00e9fil\u00e9 du 14 juillet \u00e0 Paris"},"content":{"rendered":"<p>Les pilotes de chasse et les soldats ukrainiens ont occup\u00e9 une place de choix, mardi, lors des c\u00e9l\u00e9brations nationales fran\u00e7aises du 14\u00a0juillet, alors qu\u2019un d\u00e9fil\u00e9 grandiose venait souligner le soutien apport\u00e9 \u00e0 l\u2019Ukraine et afficher symboliquement la puissance militaire europ\u00e9enne.<\/p>\n<p>Pour ce dernier 14\u00a0juillet en tant que pr\u00e9sident, Emmanuel Macron a accueilli une trentaine d\u2019autres chefs d\u2019\u00c9tat et de gouvernement lors d\u2019un \u00e9v\u00e9nement qui semblait destin\u00e9 \u00e0 montrer \u00e0 la fois au pr\u00e9sident russe Vladimir Poutine et au pr\u00e9sident am\u00e9ricain Donald Trump que l\u2019Europe est unie et qu\u2019elle se mobilise pour se d\u00e9fendre.<\/p>\n<p>Le pr\u00e9sident ukrainien, Volodymyr Zelensky, a \u00e9t\u00e9 accueilli par une ovation des chefs d\u2019\u00c9tat europ\u00e9ens r\u00e9unis \u00e0 son arriv\u00e9e, et les troupes de son pays ont re\u00e7u les acclamations les plus fortes de la journ\u00e9e de la part de la foule mass\u00e9e sur les Champs-\u00c9lys\u00e9es bord\u00e9s d\u2019arbres. <\/p>\n<p>MM.\u00a0Zelensky et Macron se sont embrass\u00e9s \u00e0 plusieurs reprises \u00e0 la fin du d\u00e9fil\u00e9.<\/p>\n<p>La plus grande f\u00eate nationale du pays a co\u00efncid\u00e9 avec des incendies de for\u00eat qui faisaient rage et une vague de chaleur de niveau \u00abalerte rouge\u00bb qui a contraint \u00e0 l\u2019annulation des traditionnels feux d\u2019artifice et des bals des pompiers.<\/p>\n<p>La f\u00eate nationale est c\u00e9l\u00e9br\u00e9e le 14\u00a0juillet, car c\u2019est le jour o\u00f9 les Parisiens ont pris d\u2019assaut la forteresse et la prison de la Bastille en 1789, contribuant ainsi \u00e0 d\u00e9clencher la R\u00e9volution fran\u00e7aise qui a renvers\u00e9 la monarchie et conduit le roi Louis XVI et sa reine Marie-Antoinette \u00e0 la guillotine.<\/p>\n<p>Le clou des festivit\u00e9s est le d\u00e9fil\u00e9 parisien qui se d\u00e9roule sous l\u2019Arc de Triomphe, datant de l\u2019\u00e9poque napol\u00e9onienne, et le long des Champs-\u00c9lys\u00e9es, ce qui a inspir\u00e9 Donald Trump \u00e0 organiser son propre d\u00e9fil\u00e9 l\u2019ann\u00e9e derni\u00e8re. <\/p>\n<p>Un immense drapeau tricolore fran\u00e7ais, suspendu sous l\u2019arc monumental, flottait au vent, tandis qu\u2019une fanfare militaire \u00e0 cheval descendait l\u2019avenue bord\u00e9e d\u2019arbres, suivie par M.\u00a0Macron, debout dans un v\u00e9hicule militaire ouvert, pour donner le coup d\u2019envoi du d\u00e9fil\u00e9.<\/p>\n<p>Les spectateurs portaient des chapeaux et agitaient de petits \u00e9ventails pour se prot\u00e9ger de la chaleur, tandis qu\u2019une formation d\u2019avions de l\u2019arm\u00e9e de l\u2019air vrombissait au-dessus de leurs t\u00eates en laissant derri\u00e8re elle des tra\u00een\u00e9es de fum\u00e9e rouge, blanche et bleue.<\/p>\n<p><b>L\u2019Ukraine comme invit\u00e9e d\u2019honneur<\/b><\/p>\n<p>M.\u00a0Zelensky s\u2019est joint \u00e0 M.\u00a0Macron ainsi qu\u2019\u00e0 une trentaine d\u2019autres chefs d\u2019\u00c9tat ou de gouvernement dans la tribune d\u2019honneur r\u00e9serv\u00e9e au d\u00e9fil\u00e9.<\/p>\n<p>Les troupes ukrainiennes ont d\u00e9fil\u00e9 le long de l\u2019avenue pav\u00e9e, et des copilotes ukrainiens form\u00e9s en France \u00e9taient aux commandes de deux avions de chasse Mirage 2000B aux c\u00f4t\u00e9s de pilotes de l\u2019arm\u00e9e de l\u2019air fran\u00e7aise.<\/p>\n<p>\u00abJe suis tr\u00e8s fier qu\u2019ils soient ici et que nous d\u00e9filions \u00e0 leurs c\u00f4t\u00e9s. Je pense que cela permettra \u00e9galement de renforcer nos liens avec eux et avec l\u2019OTAN, et de faire partie de cette histoire\u00bb, a d\u00e9clar\u00e9 le caporal suppl\u00e9ant Patrick Risso, un soldat britannique de 21\u00a0ans, \u00e0 propos de la participation ukrainienne.<\/p>\n<p><b>Des troupes venues de toute l\u2019Europe<\/b><\/p>\n<p>Sur le terrain, le d\u00e9fil\u00e9 s\u2019est ouvert avec environ 500\u00a0soldats issus de la \u00abcoalition des volontaires\u00bb, un regroupement de pays qui se sont engag\u00e9s \u00e0 contribuer \u00e0 la s\u00e9curit\u00e9 de l\u2019Ukraine apr\u00e8s la guerre.<\/p>\n<p>Emmanuel Macron a indiqu\u00e9 lundi soir que c\u2019\u00e9tait un \u00abgrand honneur\u00bb d\u2019accueillir au d\u00e9fil\u00e9 tous les partenaires de la coalition des volontaires.<\/p>\n<p>Les soldats \u00e9trangers, en tenue de combat ou en uniforme d\u2019apparat, ont d\u00e9fil\u00e9 avec leurs drapeaux nationaux, rompant ainsi avec la tradition. Habituellement, un seul pays \u00e9tranger est invit\u00e9 \u00e0 participer au d\u00e9fil\u00e9. <\/p>\n<p>Il s\u2019agissait de la premi\u00e8re fois depuis une vingtaine d\u2019ann\u00e9es que des troupes britanniques y prenaient part.<\/p>\n<p>Dans le ciel, des avions provenant d\u2019Allemagne, du Royaume-Uni, de Croatie, de Pologne, du Danemark, de Gr\u00e8ce, de Su\u00e8de, de Norv\u00e8ge, d\u2019Espagne et d\u2019Italie prenaient part au d\u00e9fil\u00e9.<\/p>\n<p>Le d\u00e9fil\u00e9 a battu un record en mati\u00e8re d\u2019effectifs. Le gouverneur militaire de Paris a indiqu\u00e9 que 7600 militaires d\u00e9filaient cette ann\u00e9e, contre 5810 en 2025. <\/p>\n<p>Des milliers de soldats ont commenc\u00e9 \u00e0 prendre position t\u00f4t mardi matin, beaucoup d\u2019entre eux prenant des photos tandis que des h\u00e9licopt\u00e8res survolaient la foule.<\/p>\n<p><b>La canicule perturbe les festivit\u00e9s<\/b><\/p>\n<p>Des feux de for\u00eat font rage dans la for\u00eat de Fontainebleau, au sud de Paris, ainsi que dans certaines r\u00e9gions du sud de la France, alors que le pays subit sa troisi\u00e8me vague de chaleur cette ann\u00e9e.<\/p>\n<p>En cons\u00e9quence, les autorit\u00e9s de certaines r\u00e9gions \u2013 dont la capitale fran\u00e7aise \u2013 ont interdit les feux d\u2019artifice et les bals des pompiers habituellement organis\u00e9s autour du 14\u00a0juillet.<\/p>\n<p>Le feu d\u2019artifice et le spectacle de drones de la tour Eiffel ont toutefois \u00e9t\u00e9 maintenus et se sont d\u00e9roul\u00e9s lundi soir, avec notamment une formation de drones repr\u00e9sentant la Statue de la Libert\u00e9, un cadeau de la France aux \u00c9tats-Unis arriv\u00e9 \u00e0 New York en 1885 pour marquer le centenaire des \u00c9tats-Unis, la fin de la guerre de S\u00e9cession et l\u2019amiti\u00e9 entre les deux pays.<\/p>\n<p>___<\/p>\n<p>Les journalistes de l\u2019Associated Press Sylvie Corbet et Angela Charlton, \u00e0 Paris, ont contribu\u00e9 \u00e0 cet article.<\/p>\n","protected":false},"excerpt":{"rendered":"Les pilotes de chasse et les soldats ukrainiens ont occup\u00e9 une place de choix, mardi, lors des c\u00e9l\u00e9brations&hellip;\n","protected":false},"author":2,"featured_media":1064076,"comment_status":"","ping_status":"","sticky":false,"template":"","format":"standard","meta":{"footnotes":"","_share_on_mastodon":"0"},"categories":[1888],"tags":[1111,1928,11,1927,1777,674,1011,27,49480,1854,4576,110274,12,1926,626,1925,25],"class_list":["post-1064075","post","type-post","status-publish","format-standard","has-post-thumbnail","category-paris","tag-actu","tag-actu-paris","tag-actualites","tag-actualites-paris","tag-eu","tag-europe","tag-fr","tag-france","tag-https-lactualite-com-sujet-insolite","tag-https-lactualite-com-sujet-international","tag-https-lactualite-com-sujet-politique","tag-https-lactualite-com-sujet-vie-quotidienne-et-loisirs","tag-news","tag-news-paris","tag-paris","tag-paris-news","tag-republique-francaise"],"share_on_mastodon":{"url":"https:\/\/pubeurope.com\/@fr\/116918303338277775","error":""},"_links":{"self":[{"href":"https:\/\/www.europesays.com\/fr\/wp-json\/wp\/v2\/posts\/1064075","targetHints":{"allow":["GET"]}}],"collection":[{"href":"https:\/\/www.europesays.com\/fr\/wp-json\/wp\/v2\/posts"}],"about":[{"href":"https:\/\/www.europesays.com\/fr\/wp-json\/wp\/v2\/types\/post"}],"author":[{"embeddable":true,"href":"https:\/\/www.europesays.com\/fr\/wp-json\/wp\/v2\/users\/2"}],"replies":[{"embeddable":true,"href":"https:\/\/www.europesays.com\/fr\/wp-json\/wp\/v2\/comments?post=1064075"}],"version-history":[{"count":0,"href":"https:\/\/www.europesays.com\/fr\/wp-json\/wp\/v2\/posts\/1064075\/revisions"}],"wp:featuredmedia":[{"embeddable":true,"href":"https:\/\/www.europesays.com\/fr\/wp-json\/wp\/v2\/media\/1064076"}],"wp:attachment":[{"href":"https:\/\/www.europesays.com\/fr\/wp-json\/wp\/v2\/media?parent=1064075"}],"wp:term":[{"taxonomy":"category","embeddable":true,"href":"https:\/\/www.europesays.com\/fr\/wp-json\/wp\/v2\/categories?post=1064075"},{"taxonomy":"post_tag","embeddable":true,"href":"https:\/\/www.europesays.com\/fr\/wp-json\/wp\/v2\/tags?post=1064075"}],"curies":[{"name":"wp","href":"https:\/\/api.w.org\/{rel}","templated":true}]}}