{"id":1064085,"date":"2026-07-14T12:25:20","date_gmt":"2026-07-14T12:25:20","guid":{"rendered":"https:\/\/www.europesays.com\/fr\/1064085\/"},"modified":"2026-07-14T12:25:20","modified_gmt":"2026-07-14T12:25:20","slug":"ukraine-juin-2026-a-ete-le-mois-le-plus-meurtrier-pour-les-civils-depuis-avril-2022-selon-lonu","status":"publish","type":"post","link":"https:\/\/www.europesays.com\/fr\/1064085\/","title":{"rendered":"Ukraine\u00a0: Juin\u00a02026 a \u00e9t\u00e9 le mois le plus meurtrier pour les civils depuis avril\u00a02022, selon l\u2019ONU"},"content":{"rendered":"<p>Le tribut pay\u00e9 par les populations civiles atteint des sommets dramatiques en <a href=\"https:\/\/www.20minutes.fr\/monde\/ukraine\/\" class=\"c-link c-link--is-underlined\" rel=\"nofollow noopener\" target=\"_blank\">Ukraine<\/a>. Apr\u00e8s plus de quatre ans d\u2019une invasion russe d\u00e9vastatrice, le mois de juin\u00a02026 s\u2019est impos\u00e9 comme le mois le plus meurtrier pour les civils depuis avril\u00a02022.<\/p>\n<\/p>\n<p>Selon les donn\u00e9es alarmantes publi\u00e9es <a href=\"https:\/\/www.20minutes.fr\/monde\/ukraine\/4196977-20260120-direct-guerre-ukraine-trump-confirme-avoir-invite-poutine-rejoindre-conseil-paix\" class=\"c-link c-link--is-underlined\" rel=\"nofollow noopener\" target=\"_blank\">mardi par les Nations unies<\/a>, le conflit continue de s\u2019intensifier loin des lignes de front, touchant de plein fouet les zones urbaines dens\u00e9ment peupl\u00e9es.<\/p>\n<p>Bilan dramatique<\/p>\n<p>\u00ab\u00a0Apr\u00e8s la forte hausse enregistr\u00e9e en mai, le nombre de victimes civiles a continu\u00e9 d\u2019augmenter, atteignant le nombre total le plus \u00e9lev\u00e9 de civils tu\u00e9s et bless\u00e9s depuis avril\u00a02022\u00a0\u00bb, a alert\u00e9 la Mission de surveillance des droits de l&rsquo;homme des Nations unies en Ukraine (HRMMU) dans son dernier rapport de situation.<\/p>\n<p>L\u2019organisation internationale a formellement comptabilis\u00e9 pour le seul mois de juin \u00ab\u00a0<a href=\"https:\/\/www.20minutes.fr\/monde\/ukraine\/4233221-20260706-guerre-ukraine-nouvelle-nuit-terreur-sang-kiev-bilan-lourd\" class=\"c-link c-link--is-underlined\" rel=\"nofollow noopener\" target=\"_blank\">au moins 293 civils tu\u00e9s <\/a>et 1.990 bless\u00e9s en Ukraine\u00a0\u00bb. Ces chiffres officiels, qui ne repr\u00e9sentent que les cas individuellement v\u00e9rifi\u00e9s par les \u00e9quipes de l\u2019ONU, t\u00e9moignent d\u2019une augmentation de 10\u00a0% des pertes par rapport au mois de mai\u00a02026, et d\u2019une hausse spectaculaire de 37\u00a0% par rapport \u00e0 juin\u00a02025.<\/p>\n","protected":false},"excerpt":{"rendered":"Le tribut pay\u00e9 par les populations civiles atteint des sommets dramatiques en Ukraine. Apr\u00e8s plus de quatre ans&hellip;\n","protected":false},"author":2,"featured_media":1064086,"comment_status":"","ping_status":"","sticky":false,"template":"","format":"standard","meta":{"footnotes":"","_share_on_mastodon":"0"},"categories":[1590],"tags":[47,11,2120,1777,674,131,74,12,3521,132,220],"class_list":["post-1064085","post","type-post","status-publish","format-standard","has-post-thumbnail","category-ukraine","tag-actualite","tag-actualites","tag-conflit","tag-eu","tag-europe","tag-guerre-en-ukraine","tag-monde","tag-news","tag-onu","tag-russie","tag-ukraine"],"share_on_mastodon":{"url":"https:\/\/pubeurope.com\/@fr\/116918323631651752","error":""},"_links":{"self":[{"href":"https:\/\/www.europesays.com\/fr\/wp-json\/wp\/v2\/posts\/1064085","targetHints":{"allow":["GET"]}}],"collection":[{"href":"https:\/\/www.europesays.com\/fr\/wp-json\/wp\/v2\/posts"}],"about":[{"href":"https:\/\/www.europesays.com\/fr\/wp-json\/wp\/v2\/types\/post"}],"author":[{"embeddable":true,"href":"https:\/\/www.europesays.com\/fr\/wp-json\/wp\/v2\/users\/2"}],"replies":[{"embeddable":true,"href":"https:\/\/www.europesays.com\/fr\/wp-json\/wp\/v2\/comments?post=1064085"}],"version-history":[{"count":0,"href":"https:\/\/www.europesays.com\/fr\/wp-json\/wp\/v2\/posts\/1064085\/revisions"}],"wp:featuredmedia":[{"embeddable":true,"href":"https:\/\/www.europesays.com\/fr\/wp-json\/wp\/v2\/media\/1064086"}],"wp:attachment":[{"href":"https:\/\/www.europesays.com\/fr\/wp-json\/wp\/v2\/media?parent=1064085"}],"wp:term":[{"taxonomy":"category","embeddable":true,"href":"https:\/\/www.europesays.com\/fr\/wp-json\/wp\/v2\/categories?post=1064085"},{"taxonomy":"post_tag","embeddable":true,"href":"https:\/\/www.europesays.com\/fr\/wp-json\/wp\/v2\/tags?post=1064085"}],"curies":[{"name":"wp","href":"https:\/\/api.w.org\/{rel}","templated":true}]}}