{"id":106416,"date":"2025-05-17T07:20:19","date_gmt":"2025-05-17T07:20:19","guid":{"rendered":"https:\/\/www.europesays.com\/fr\/106416\/"},"modified":"2025-05-17T07:20:19","modified_gmt":"2025-05-17T07:20:19","slug":"avant-ils-jouaient-au-gendarme-et-au-voleur-la-ils-jouent-au-chouf-comment-le-narcotrafic-sinfiltre-jusque-dans-les-cours-decole-de-rennes","status":"publish","type":"post","link":"https:\/\/www.europesays.com\/fr\/106416\/","title":{"rendered":"\u00ab\u00a0Avant, ils jouaient au gendarme et au voleur, l\u00e0, ils jouent au chouf\u00a0\u00bb\u00a0: comment le narcotrafic s\u2019infiltre jusque dans les cours d\u2019\u00e9cole de Rennes"},"content":{"rendered":"<p>\u00ab En voyant \u00e7a, je me suis demand\u00e9 comment j\u2019allais leur en parler. Plut\u00f4t comment j\u2019allais g\u00e9rer le fait qu\u2019ils m\u2019en parlent, raconte une enseignante en \u00e9cole primaire \u00e0 Villejean, qui a pr\u00e9f\u00e9r\u00e9 garder l\u2019anonymat. C\u2019est quand m\u00eame un th\u00e8me d\u2019adultes, mais qu\u2019ils vivent au quotidien. \u00bb Dans sa classe, le sujet n\u2019est pas venu naturellement. \u00ab Dans d\u2019autres classes, mes coll\u00e8gues m\u2019ont dit que les enfants en avaient parl\u00e9. \u00bb<\/p>\n<p>\u00ab Dans l\u2019\u00c9ducation nationale, il n\u2019y a quasiment plus de psychologue \u00bb<\/p>\n<p>Finalement, dans cette classe, le sujet est venu quelques jours plus tard. \u00ab Je leur en ai parl\u00e9 au d\u00e9tour d\u2019une conversation et l\u00e0, c\u2019est comme si \u00e7a avait ouvert la porte. \u00bb \u00ab La peur qu\u2019ils ont ressenti lors de la fusillade \u00bb, \u00ab leurs analyses sur le pourquoi des fusillades, caus\u00e9es par les Marseillais selon eux car ils l\u2019ont entendu \u00e0 la maison \u00bb\u2026 La parole s\u2019est lib\u00e9r\u00e9e. Et, selon cette enseignante, rapidement referm\u00e9e.<\/p>\n<p>Au coll\u00e8ge Rosa-Parks, les professeurs aussi, se sont pos\u00e9 des questions. \u00ab On a abord\u00e9 ce sujet pendant le cours, raconte une professeure. Ils me disaient que \u00e7a craignait, que c\u2019\u00e9tait flippant. \u00c7a a dur\u00e9 quelques minutes et tr\u00e8s vite, \u00e7a s\u2019est essouffl\u00e9. Je les ai trouv\u00e9s assez fatalistes, mais au coll\u00e8ge, on voit aussi l\u2019effet de groupe. Parler de ses peurs n\u2019est pas naturel \u00bb.<\/p>\n<p>Selon une source bien ins\u00e9r\u00e9e dans le milieu \u00e9ducatif, \u00ab le gros souci au sein de l\u2019\u00c9ducation nationale, c\u2019est qu\u2019il n\u2019y a quasiment plus de psychologue. Les enseignants ne sont pas accompagn\u00e9s sur la mani\u00e8re d\u2019accueillir la parole de l\u2019enfant \u00bb. \u00ab On peut faire d\u2019\u00e9normes bourdes et, du coup, on a tendance \u00e0 passer sous silence \u00bb, pointe une prof de Rosa-Parks. \u00ab On marche sur des \u0153ufs \u00bb, ajoute un de ses coll\u00e8gues.<\/p>\n<p>\u00ab Certains \u00e9l\u00e8ves sont perturb\u00e9s et l\u2019expriment en \u00e9tant agit\u00e9s \u00bb<\/p>\n<p>Pourtant, \u00e0 \u00e9couter ce m\u00eame professeur, l\u2019impact est r\u00e9el chez les \u00e9l\u00e8ves, notamment les plus fragiles. \u00ab L\u2019un de mes \u00e9l\u00e8ves est triste de voir les CRS dans les rues et a peur quand ils ne sont pas l\u00e0. Sa fa\u00e7on de r\u00e9agir, c\u2019est de faire n\u2019importe quoi. Certains \u00e9l\u00e8ves sont perturb\u00e9s et l\u2019expriment \u00e0 leur mani\u00e8re en \u00e9tant agit\u00e9s. \u00bb Selon une source proche de ces dossiers, \u00ab les enfants l\u2019expriment aussi dans leurs jeux dans la cour. Avant, ils jouaient au gendarme et au voleur, l\u00e0, ils jouent au \u00ab chouf \u00bb \u00bb.<\/p>\n<p>Outre la gestion de la parole des \u00e9l\u00e8ves, c\u2019est la vie scolaire qui est directement impact\u00e9e par les violences li\u00e9es au narcotrafic. \u00c0 Maurepas, th\u00e9\u00e2tre d\u2019une guerre de territoire lors du dernier trimestre 2024, <a href=\"https:\/\/www.letelegramme.fr\/ille-et-vilaine\/rennes-35000\/au-milieu-dune-guerre-de-territoire-entre-dealers-une-ecole-de-rennes-confinee-deux-fois-en-deux-jours-6674254.php\" target=\"_blank\" rel=\"nofollow noopener\">l\u2019\u00e9cole Tr\u00e9gain a \u00e9t\u00e9 confin\u00e9e deux fois<\/a>. La premi\u00e8re fin septembre 2024 lorsque, apr\u00e8s une fusillade, des trafiquants arm\u00e9s ont \u00e9t\u00e9 aper\u00e7us traversant le passage public qui s\u00e9pare la maternelle du primaire. Puis une seconde, d\u00e9but octobre, lors d\u2019une rixe au niveau du passage du Chanoine-Baudry, menant \u00e0 l\u2019\u00e9tablissement.<\/p>\n<blockquote><p>Depuis la premi\u00e8re fusillade, je ne suis pas retourn\u00e9e \u00e0 la biblioth\u00e8que avec mes \u00e9l\u00e8ves<\/p><\/blockquote>\n<p>\u00c0 Cleunay, la grille autour de la cour de l\u2019\u00e9cole maternelle et \u00e9l\u00e9mentaire Champion-de-Cic\u00e9 a \u00e9t\u00e9 <a href=\"https:\/\/www.letelegramme.fr\/ille-et-vilaine\/rennes-35000\/deal-a-rennes-bacher-la-cour-decole-ne-change-rien-3801658.php\" target=\"_blank\" rel=\"nofollow noopener\">recouverte de brise-vue noir en 2021 pour cacher le deal<\/a> qui s\u2019op\u00e9rait aux abords de l\u2019\u00e9cole. Une mesure pas forc\u00e9ment bien accueillie par les parents. Dont Ang\u00e9lique, qui d\u00e9clarait alors : \u00ab Cette b\u00e2che ne sert \u00e0 rien \u00e0 part \u00e0 cacher les enfants. J\u2019ai presque l\u2019impression qu\u2019ils sont en prison. \u00bb<\/p>\n<p>\u00c0 Villejean, pas de confinement, ni de b\u00e2che occultante. Mais la sensation d\u2019ins\u00e9curit\u00e9 au moment de sortir de l\u2019enceinte de l\u2019\u00e9tablissement est bien l\u00e0. \u00ab Depuis la premi\u00e8re fusillade, je ne suis pas retourn\u00e9e \u00e0 la biblioth\u00e8que avec mes \u00e9l\u00e8ves, pointe cette enseignante en \u00e9l\u00e9mentaire. C\u2019est \u00e0 la fois tr\u00e8s anecdotique et tr\u00e8s lourd de sens \u00bb.<\/p>\n<p>Les enseignants en attente \u00ab de consignes claires de notre hi\u00e9rarchie \u00bb<\/p>\n<p>Un autre regrette l\u2019absence de \u00ab consignes claires de notre hi\u00e9rarchie. C\u2019est difficile pour nous de prendre une d\u00e9cision. Lors d\u2019une sortie, c\u2019est notre responsabilit\u00e9 qui est engag\u00e9e. Si on sort dans le quartier, mais qu\u2019il y a une fusillade, on fait quoi ? \u00bb \u00ab On a besoin de savoir qu\u2019on sera aussi prot\u00e9g\u00e9 au niveau de notre responsabilit\u00e9 si jamais il se passe quelque chose \u00bb, pointe une professeure de Rosa-Parks qui a arr\u00eat\u00e9 de passer par la dalle lors de ses sorties avec ses \u00e9l\u00e8ves.<\/p>\n<p>Probl\u00e8me, selon plusieurs enseignants interrog\u00e9s : aucune consigne n\u2019a \u00e9t\u00e9 donn\u00e9e par leur hi\u00e9rarchie. Selon nos informations, un repr\u00e9sentant du rectorat s\u2019est d\u00e9plac\u00e9 dans les \u00e9coles de Villejean apr\u00e8s les fusillades. Contact\u00e9, le rectorat de l\u2019acad\u00e9mie de Rennes indique que \u00ab les \u00e9quipes sont accompagn\u00e9es par la Direction acad\u00e9mique. Une r\u00e9union d\u2019organisation s\u2019est tenue \u00e0 la Direction des services d\u00e9partementaux d\u2019Ille-et-Vilaine sur les mesures de s\u00e9curisation mises en place par les services de l\u2019\u00c9tat.\ufeff \u00bb Sans pr\u00e9ciser quelles mesures ont \u00e9t\u00e9 prises.<\/p>\n<p>Un contexte lourd qui p\u00e8se aussi sur le moral des enseignants. \u00ab On sent une diff\u00e9rence entre ceux qui arrivent et ceux qui connaissent le quartier, observe un prof. Apr\u00e8s la premi\u00e8re fusillade, une contractuelle n\u2019a pas voulu renouveler son contrat. On voit bien que la r\u00e9putation du quartier est de pire en pire. Et par effet domino, c\u2019est notre \u00e9cole qui en subit les cons\u00e9quences. Pourtant, on l\u2019aime notre coll\u00e8ge et on veut y rester. Dans notre quartier aussi. \u00bb<\/p>\n","protected":false},"excerpt":{"rendered":"\u00ab En voyant \u00e7a, je me suis demand\u00e9 comment j\u2019allais leur en parler. Plut\u00f4t comment j\u2019allais g\u00e9rer le&hellip;\n","protected":false},"author":2,"featured_media":106417,"comment_status":"","ping_status":"","sticky":false,"template":"","format":"standard","meta":{"footnotes":""},"categories":[2821],"tags":[1111,11,829,1777,674,118,3383,1011,27,848,12,584,25],"class_list":{"0":"post-106416","1":"post","2":"type-post","3":"status-publish","4":"format-standard","5":"has-post-thumbnail","7":"category-rennes","8":"tag-actu","9":"tag-actualites","10":"tag-bretagne","11":"tag-eu","12":"tag-europe","13":"tag-faits-divers","14":"tag-faits-divers-a-rennes","15":"tag-fr","16":"tag-france","17":"tag-ille-et-vilaine","18":"tag-news","19":"tag-rennes","20":"tag-republique-francaise"},"share_on_mastodon":{"url":"https:\/\/pubeurope.com\/@fr\/114521966106739733","error":""},"_links":{"self":[{"href":"https:\/\/www.europesays.com\/fr\/wp-json\/wp\/v2\/posts\/106416","targetHints":{"allow":["GET"]}}],"collection":[{"href":"https:\/\/www.europesays.com\/fr\/wp-json\/wp\/v2\/posts"}],"about":[{"href":"https:\/\/www.europesays.com\/fr\/wp-json\/wp\/v2\/types\/post"}],"author":[{"embeddable":true,"href":"https:\/\/www.europesays.com\/fr\/wp-json\/wp\/v2\/users\/2"}],"replies":[{"embeddable":true,"href":"https:\/\/www.europesays.com\/fr\/wp-json\/wp\/v2\/comments?post=106416"}],"version-history":[{"count":0,"href":"https:\/\/www.europesays.com\/fr\/wp-json\/wp\/v2\/posts\/106416\/revisions"}],"wp:featuredmedia":[{"embeddable":true,"href":"https:\/\/www.europesays.com\/fr\/wp-json\/wp\/v2\/media\/106417"}],"wp:attachment":[{"href":"https:\/\/www.europesays.com\/fr\/wp-json\/wp\/v2\/media?parent=106416"}],"wp:term":[{"taxonomy":"category","embeddable":true,"href":"https:\/\/www.europesays.com\/fr\/wp-json\/wp\/v2\/categories?post=106416"},{"taxonomy":"post_tag","embeddable":true,"href":"https:\/\/www.europesays.com\/fr\/wp-json\/wp\/v2\/tags?post=106416"}],"curies":[{"name":"wp","href":"https:\/\/api.w.org\/{rel}","templated":true}]}}