{"id":106423,"date":"2025-05-17T07:24:09","date_gmt":"2025-05-17T07:24:09","guid":{"rendered":"https:\/\/www.europesays.com\/fr\/106423\/"},"modified":"2025-05-17T07:24:09","modified_gmt":"2025-05-17T07:24:09","slug":"il-ny-a-pas-de-retard-malgre-quelques-ajustements-les-travaux-de-lex-bodeguita-avancent-a-nice","status":"publish","type":"post","link":"https:\/\/www.europesays.com\/fr\/106423\/","title":{"rendered":"\u00ab\u00a0Il n\u2019y a pas de retard\u00a0\u00bb: malgr\u00e9 quelques ajustements, les travaux de l\u2019ex-Bodeguita avancent \u00e0 Nice"},"content":{"rendered":"<p>Mieux vaut avancer sans bruit \u00e0 petit pas. C\u2019est un peu l\u2019esprit qui aur\u00e9ole l\u2019ex-Bodeguita del Havana, ce haut-lieu des nuits latinos de la rue Chauvain, promis \u00e0 devenir cabaret-discoth\u00e8que.<\/p>\n<p>Le chantier est-il toujours d\u2019actualit\u00e9? R\u00e9ponse: oui. \u00ab\u00a0Il se passe des choses derri\u00e8re la porte\u00a0\u00bb, affirme Jean-Paul Gomis, l\u2019architecte ni\u00e7ois charg\u00e9 de repenser ce b\u00e2timent embl\u00e9matique pris\u00e9 par des g\u00e9n\u00e9rations de Ni\u00e7ois. En fait, il a fallu revoir les param\u00e8tres phoniques.<\/p>\n<p>L\u2019ann\u00e9e derni\u00e8re, en mars, nous avions rencontr\u00e9 sur place, <a href=\"https:\/\/www.nicematin.com\/economie\/ce-que-lon-sait-des-immenses-travaux-prevus-a-la-bodeguita-qui-rouvrira-a-nice-en-2026-909088\" rel=\"nofollow noopener\" target=\"_blank\">Fabrice Laffon, nouveau propri\u00e9taire des murs<\/a>. Dans les ann\u00e9es 2000, cet ing\u00e9nieur du son avait rachet\u00e9 Madame Arthur, rue des Martyrs, \u00e0 Paris, ainsi que la salle mitoyenne Divan du Monde pour r\u00e9unir les deux en un seul et m\u00eame complexe festif nocturne. Il r\u00eavait d\u2019un Madame Arthur \u00e0 Nice, ville qu\u2019il fr\u00e9quente depuis plus de 20 ans, \u00e9tant mari\u00e9 \u00e0 une Ni\u00e7oise.<\/p>\n<p>L\u2019objectif: transformer l\u2019\u00e9tablissement, mur\u00e9 et muet depuis 15 ans pour cause de liquidation judiciaire interminable. L\u2019id\u00e9e? Dupliquer la formule de Pigalle gr\u00e2ce \u00e0 un spectacle de chanteurs travestis suivi d\u2019une discoth\u00e8que grand public en seconde partie de nuit.<\/p>\n<p>\u00c9viter les nuisances sonores<\/p>\n<p>Sauf que dans les locaux abandonn\u00e9s, il faut tout refaire. En mars 2024, Fabrice Laffon pronostiquait une ouverture d\u00e9but 2026. Le calendrier devrait \u00eatre respect\u00e9: \u00ab\u00a0Il n\u2019y a pas de retard\u00a0\u00bb, promet Jean-Paul Gomis. Il n\u2019emp\u00eache qu\u2019on a l\u2019impression que rien ne bouge l\u00e0-dedans. Vrai ou faux? L\u2019architecte admet un temps d\u2019arr\u00eat: \u00ab\u00a0On a perdu du temps, car on a fait entrer un ing\u00e9nieur acousticien afin d\u2019\u00e9viter un probl\u00e8me de voisinage.\u00a0\u00bb<\/p>\n<p>Car \u00e0 l\u2019origine, toute la structure de l\u2019\u00e9difice occupant trois niveaux, est solidaire des deux b\u00e2timents voisins, \u00e0 gauche comme \u00e0 droite: \u00ab\u00a0Les murs sont communs. Les bruits passent d\u2019une structure \u00e0 l\u2019autre et cela aurait g\u00ean\u00e9 les voisins de part et d\u2019autre. Il a fallu r\u00e9aliser une bo\u00eete dans la bo\u00eete, totalement d\u00e9solidaris\u00e9e. Si on rajoute une double fa\u00e7ade aux vitrages \u00e9normes, cela co\u00fbte tr\u00e8s cher par rapport au budget du client.\u00a0\u00bb<\/p>\n<p>Finalement, on a trouv\u00e9 des solutions pour l\u2019acoustique \u00ab\u00a0dans une version plus fine, accompagn\u00e9e de quelques \u00e9conomies sur les mat\u00e9riaux\u00a0\u00bb. Un nouveau dossier s\u2019est substitu\u00e9 au pr\u00e9c\u00e9dent avec \u00ab\u00a0un budget valid\u00e9\u00a0\u00bb. Et maintenant? \u00ab\u00a0On passe au dossier de consultation des entreprises et on esp\u00e8re lancer le projet au 4e trimestre de cette ann\u00e9e.\u00a0\u00bb<\/p>\n<p>              <img ci-src=\"https:\/\/www.nicematin.com\/conso-shopping\/protec\/DATA_ART_15533448-eoimqGlQ.jpg?vh=e9f593&amp;ci_seal=0b06827889\" alt=\"\"\/><br \/>\n        Photo Stella K &#8211; Madame Arthur <\/p>\n","protected":false},"excerpt":{"rendered":"Mieux vaut avancer sans bruit \u00e0 petit pas. C\u2019est un peu l\u2019esprit qui aur\u00e9ole l\u2019ex-Bodeguita del Havana, ce&hellip;\n","protected":false},"author":2,"featured_media":106424,"comment_status":"","ping_status":"","sticky":false,"template":"","format":"standard","meta":{"footnotes":""},"categories":[2819],"tags":[1111,11,2876,1777,674,1011,27,12,2401,882,25],"class_list":{"0":"post-106423","1":"post","2":"type-post","3":"status-publish","4":"format-standard","5":"has-post-thumbnail","7":"category-nice","8":"tag-actu","9":"tag-actualites","10":"tag-conso-shopping","11":"tag-eu","12":"tag-europe","13":"tag-fr","14":"tag-france","15":"tag-news","16":"tag-nice","17":"tag-provence-alpes-cote-dazur","18":"tag-republique-francaise"},"share_on_mastodon":{"url":"https:\/\/pubeurope.com\/@fr\/114521981785995230","error":""},"_links":{"self":[{"href":"https:\/\/www.europesays.com\/fr\/wp-json\/wp\/v2\/posts\/106423","targetHints":{"allow":["GET"]}}],"collection":[{"href":"https:\/\/www.europesays.com\/fr\/wp-json\/wp\/v2\/posts"}],"about":[{"href":"https:\/\/www.europesays.com\/fr\/wp-json\/wp\/v2\/types\/post"}],"author":[{"embeddable":true,"href":"https:\/\/www.europesays.com\/fr\/wp-json\/wp\/v2\/users\/2"}],"replies":[{"embeddable":true,"href":"https:\/\/www.europesays.com\/fr\/wp-json\/wp\/v2\/comments?post=106423"}],"version-history":[{"count":0,"href":"https:\/\/www.europesays.com\/fr\/wp-json\/wp\/v2\/posts\/106423\/revisions"}],"wp:featuredmedia":[{"embeddable":true,"href":"https:\/\/www.europesays.com\/fr\/wp-json\/wp\/v2\/media\/106424"}],"wp:attachment":[{"href":"https:\/\/www.europesays.com\/fr\/wp-json\/wp\/v2\/media?parent=106423"}],"wp:term":[{"taxonomy":"category","embeddable":true,"href":"https:\/\/www.europesays.com\/fr\/wp-json\/wp\/v2\/categories?post=106423"},{"taxonomy":"post_tag","embeddable":true,"href":"https:\/\/www.europesays.com\/fr\/wp-json\/wp\/v2\/tags?post=106423"}],"curies":[{"name":"wp","href":"https:\/\/api.w.org\/{rel}","templated":true}]}}