{"id":106425,"date":"2025-05-17T07:25:09","date_gmt":"2025-05-17T07:25:09","guid":{"rendered":"https:\/\/www.europesays.com\/fr\/106425\/"},"modified":"2025-05-17T07:25:09","modified_gmt":"2025-05-17T07:25:09","slug":"80-ans-de-nice-matin-michel-bavastro-le-cobra-vu-par-sa-famille","status":"publish","type":"post","link":"https:\/\/www.europesays.com\/fr\/106425\/","title":{"rendered":"80 ans de \u00ab\u00a0Nice-Matin\u00a0\u00bb: Michel Bavastro, le \u00ab\u00a0Cobra\u00a0\u00bb vu par sa famille"},"content":{"rendered":"<p>\u00ab\u00a0Est-ce que tu sais comment on m\u2019appelle\u2005?\u00a0\u00bb Michel Bavastro plante un regard glacial dans les yeux de sa fille. \u00ab\u00a0Franchement&#8230; Tu trouves que j\u2019ai une t\u00eate de Cobra\u2005?\u00a0\u00bb<\/p>\n<p>Quarante ans apr\u00e8s, Claire Bavastro s\u2019en souvient encore. \u00ab\u00a0Je lui ai r\u00e9pondu du tac au tac qu\u2019il me faisait plut\u00f4t penser \u00e0 Kaa, le serpent hypnotiseur du Livre de la jungle. Il a \u00e9clat\u00e9 de rire\u2005!\u00a0\u00bb<\/p>\n<p>Dialogue singulier entre le patron historique de Nice-Matin et celle qui, au tournant des ann\u00e9es soixante-dix et quatre-vingt, fut connue comme pr\u00e9sentatrice sur TF1 sous le nom de Claire Avril.<\/p>\n<p>\u00ab\u00a0Pour lui, la famille passait avant tout, pr\u00e9cise-t-elle. C\u2019est lui qui a insist\u00e9 pour que je le rejoigne au journal, apr\u00e8s mes fr\u00e8res G\u00e9rard et Alain. Mais ne croyez pas qu\u2019il nous m\u00e9nageait. Le n\u00e9potisme, ce n\u2019\u00e9tait pas son genre\u2005! Nous n\u2019avions pas droit \u00e0 l\u2019erreur. Il pouvait \u00eatre extr\u00eamement dur, surtout avec ses fils.\u00a0\u00bb<\/p>\n<p>\u00ab\u00a0Il cachait une grande sensibilit\u00e9\u00a0\u00bb<\/p>\n<p>\u00ab\u00a0Si je dis que c\u2019\u00e9tait un homme tr\u00e8s directif avec ses proches, je ne surprendrai personne\u2026\u00a0\u00bb V\u00e9ronique Mars cligne de l\u2019\u0153il. Journaliste \u00e0 Nice-Matin pendant 35 ans, de 1986 \u00e0 2021, elle a connu \u00ab\u00a0les deux faces de la m\u00e9daille\u00a0\u00bb\u2005: Michel Bavastro fut son patron en m\u00eame temps que son grand-p\u00e8re.<\/p>\n<p>\u00ab\u00a0Ce n\u2019\u00e9tait pas du tout un papy g\u00e2teau, pr\u00e9cise-t-elle. Il \u00e9tait intimidant avec sa voix grave, ses lunettes en \u00e9cailles et ses costumes impeccables qu\u2019il portait m\u00eame le dimanche, lors des repas de famille. Lorsque j\u2019\u00e9tais enfant, il me demandait toujours\u2005: \u2018\u2018Qu\u2019est-ce que tu as \u00e0 me raconter\u2005?\u2019\u2019\u00a0\u00bb\u00a0La m\u00eame question qu\u2019il posait \u00e0 ses reporters\u2026 sur un ton moins familier.<\/p>\n<p>Patron \u00e0 la ville, Michel Bavastro exer\u00e7ait aussi son autorit\u00e9 dans son premier cercle. \u00ab\u00a0Je n\u2019ai connu qu\u2019une seule personne qui ait os\u00e9 lui tenir t\u00eate\u2005: son \u00e9pouse, ma grand-m\u00e8re Micheline, sourit V\u00e9ronique. C\u2019\u00e9tait une femme exceptionnelle, jolie, \u00e9l\u00e9gante, g\u00e9n\u00e9reuse et enjou\u00e9e. Ils ont \u00e9t\u00e9 mari\u00e9s pendant 52 ans. Elle lui apportait l\u2019\u00e9quilibre dont il avait besoin.\u2005\u00bb<\/p>\n<p>La jeune sexag\u00e9naire se souvient, au journal comme \u00e0 \u00ab\u00a0la Villa\u00a0\u00bb, son refuge sur les hauteurs de Nice, d\u2019un homme exigeant, intransigeant, d\u2019une rigueur absolue. \u00ab\u00a0Mais il n\u2019\u00e9tait pas seulement cela, insiste-t-elle. Derri\u00e8re une apparence froide, il cachait une grande sensibilit\u00e9. Cela se devinait \u00e0 l\u2019int\u00e9r\u00eat qu\u2019il portait \u00e0 nos \u00e9tudes. Il avait \u00e9galement beaucoup d\u2019humour. Je me souviens de ce jour, \u00e0 la fin des ann\u00e9es soixante-dix, o\u00f9 il m\u2019a accompagn\u00e9e au nouveau si\u00e8ge du journal \u00e0 l\u2019ouest de Nice. \u00c0 l\u2019entr\u00e9e du terrain, \u00e0 droite, il a d\u00e9sign\u00e9 une dalle de b\u00e9ton. \u2018\u2018Tu vois, l\u00e0, je vais faire \u00e9riger ma statue. Qu\u2019en penses-tu\u2005? J\u2019ai hurl\u00e9\u2005! \u2018\u2018Non mais, tu d\u00e9connes\u2005? C\u2019est m\u00e9galo\u2005!\u2019\u2019 Il m\u2019a laiss\u00e9 m\u2019agiter un moment, avant de m\u2019avouer en riant que cet emplacement \u00e9tait destin\u00e9 \u00e0 une ancienne rotative de l\u2019avenue\u2026\u2005\u00bb<\/p>\n<p>\u00ab\u00a0L\u2019avenue\u00a0\u00bb, bien s\u00fbr, c\u2019\u00e9tait l\u2019avenue Jean-M\u00e9decin. L\u2019art\u00e8re o\u00f9, de 1952 \u00e0 1979, s\u2019\u00e9levait l\u2019ancien si\u00e8ge de Nice-Matin et o\u00f9 habitait V\u00e9ronique, au dernier \u00e9tage, avec ses parents et son fr\u00e8re Christian.<\/p>\n<p>\u00ab\u00a0Il voulait tout conna\u00eetre des nouvelles tendances\u00a0\u00bb<\/p>\n<p>\u00ab\u00a0Dad \u00e9tait \u00e9galement tr\u00e8s attentif \u00e0 la jeunesse, rel\u00e8ve la journaliste. Il voulait tout savoir des modes, des tendances. En tant que p.-d.g., il tenait \u00e0 faire de la place aux nouvelles g\u00e9n\u00e9rations. Il lui semblait naturel que je bosse au journal aux c\u00f4t\u00e9s de G\u00e9rard, Claire et Alain. Ma m\u00e8re Nicole, sa fille a\u00een\u00e9e, y a fait un passage avant d\u2019\u00e9pouser mon p\u00e8re Georges Mars, futur directeur de la r\u00e9daction. Dans le m\u00eame esprit, Dad trouvait logique que les enfants de ses collaborateurs puissent rejoindre la maison. Il voyait cela comme une grande famille. C\u2019est pour cela qu\u2019il a toujours r\u00e9gn\u00e9, dans cette entreprise, une ambiance particuli\u00e8re.\u00a0\u00bb<\/p>\n<p>\u00ab\u00a0Papa n\u2019exigeait jamais des autres ce qu\u2019il ne pouvait pas accomplir lui-m\u00eame, souligne Claire Bavastro. Le probl\u00e8me \u00e9tait qu\u2019il avait une capacit\u00e9 de travail ph\u00e9nom\u00e9nale\u2005! \u00c0 c\u00f4t\u00e9 de lui, n\u2019importe qui semblait m\u00e9diocre.\u00a0\u00bb<\/p>\n<p>Elle s\u2019interrompt un instant, puis compl\u00e8te\u2005: \u00ab\u00a0Je l\u2019ai d\u00e9couvert deux fois. La premi\u00e8re, lorsque je suis entr\u00e9e au journal, en mesurant son autorit\u00e9, son courage et sa rigueur. La seconde, h\u00e9las, quand il est devenu veuf en 1997.\u00a0\u00bb<\/p>\n<p>Le dernier Bavastro<\/p>\n<p>Cette ann\u00e9e-l\u00e0, peu de temps apr\u00e8s avoir appris que G\u00e9rard, atteint d\u2019un cancer, est condamn\u00e9, Micheline \u00ab\u00a0se laisse mourir\u00a0\u00bb.<\/p>\n<p>\u00ab\u00a0\u00c0 dix mois d\u2019intervalle, mon p\u00e8re a perdu celle qui partageait sa vie depuis un demi-si\u00e8cle et son fils a\u00een\u00e9, r\u00e9sume l\u2019ancienne responsable du service Promotion. Il fallait \u00eatre incroyablement fort, \u00e0 plus de 90 ans, pour survivre.\u00a0\u00bb<\/p>\n<p>Apr\u00e8s ce double drame, confie-t-elle, \u00ab\u00a0Papa s\u2019est davantage confi\u00e9 qu\u2019il ne l\u2019avait fait durant toute sa vie. Il a fendu l\u2019armure\u00a0\u00bb. Pas question, cependant, de r\u00e9v\u00e9ler la teneur de leurs conversations. \u00ab\u00a0Les derni\u00e8res confidences du Cobra ne regardent personne, sourit-elle. Disons qu\u2019elles ont confirm\u00e9 ce que je savais d\u00e9j\u00e0\u2005: Michel Bavastro \u00e9tait un homme \u2013 avec un grand \u2018\u2018H\u2019\u2019 !\u00a0\u00bb<\/p>\n<p>              <img ci-src=\"https:\/\/www.nicematin.com\/histoire\/V%C3%A9ronique+et+Nicole+Mars+1-RRds1SXy.jpg?ci_seal=dec79e1e86\" alt=\"\"\/><br \/>\n        V\u00e9ronique Mars, petite-fille de Michel Bavastro, avec sa m\u00e8re Nicole. <strong>Photo Lionel Paoli.<\/strong> <\/p>\n<p>              <img ci-src=\"https:\/\/www.nicematin.com\/histoire\/Noces+d%27or+Michel+et+Micheline+Bavastro+1995-72OnXKs0.jpg?ci_seal=4a6d4e037d\" alt=\"\"\/><br \/>\n        Le 30 septembre 1995, Michel et Micheline Bavastro f\u00eatent leurs noces d\u2019or \u00e0 Saint-Paul-de-Vence avec leurs petits-enfants. <strong>Photo DR \/ Famille Bavastro.<\/strong> <\/p>\n","protected":false},"excerpt":{"rendered":"\u00ab\u00a0Est-ce que tu sais comment on m\u2019appelle\u2005?\u00a0\u00bb Michel Bavastro plante un regard glacial dans les yeux de sa&hellip;\n","protected":false},"author":2,"featured_media":106426,"comment_status":"","ping_status":"","sticky":false,"template":"","format":"standard","meta":{"footnotes":""},"categories":[2819],"tags":[1111,11,1777,674,652,1011,27,937,500,12,2401,882,25,240],"class_list":{"0":"post-106425","1":"post","2":"type-post","3":"status-publish","4":"format-standard","5":"has-post-thumbnail","7":"category-nice","8":"tag-actu","9":"tag-actualites","10":"tag-eu","11":"tag-europe","12":"tag-famille","13":"tag-fr","14":"tag-france","15":"tag-histoire","16":"tag-medias","17":"tag-news","18":"tag-nice","19":"tag-provence-alpes-cote-dazur","20":"tag-republique-francaise","21":"tag-temoignage"},"share_on_mastodon":{"url":"https:\/\/pubeurope.com\/@fr\/114521985870339051","error":""},"_links":{"self":[{"href":"https:\/\/www.europesays.com\/fr\/wp-json\/wp\/v2\/posts\/106425","targetHints":{"allow":["GET"]}}],"collection":[{"href":"https:\/\/www.europesays.com\/fr\/wp-json\/wp\/v2\/posts"}],"about":[{"href":"https:\/\/www.europesays.com\/fr\/wp-json\/wp\/v2\/types\/post"}],"author":[{"embeddable":true,"href":"https:\/\/www.europesays.com\/fr\/wp-json\/wp\/v2\/users\/2"}],"replies":[{"embeddable":true,"href":"https:\/\/www.europesays.com\/fr\/wp-json\/wp\/v2\/comments?post=106425"}],"version-history":[{"count":0,"href":"https:\/\/www.europesays.com\/fr\/wp-json\/wp\/v2\/posts\/106425\/revisions"}],"wp:featuredmedia":[{"embeddable":true,"href":"https:\/\/www.europesays.com\/fr\/wp-json\/wp\/v2\/media\/106426"}],"wp:attachment":[{"href":"https:\/\/www.europesays.com\/fr\/wp-json\/wp\/v2\/media?parent=106425"}],"wp:term":[{"taxonomy":"category","embeddable":true,"href":"https:\/\/www.europesays.com\/fr\/wp-json\/wp\/v2\/categories?post=106425"},{"taxonomy":"post_tag","embeddable":true,"href":"https:\/\/www.europesays.com\/fr\/wp-json\/wp\/v2\/tags?post=106425"}],"curies":[{"name":"wp","href":"https:\/\/api.w.org\/{rel}","templated":true}]}}