{"id":106427,"date":"2025-05-17T07:26:37","date_gmt":"2025-05-17T07:26:37","guid":{"rendered":"https:\/\/www.europesays.com\/fr\/106427\/"},"modified":"2025-05-17T07:26:37","modified_gmt":"2025-05-17T07:26:37","slug":"a-haute-goulaine-quelle-est-la-position-de-cet-elu-a-lorigine-de-la-fronde","status":"publish","type":"post","link":"https:\/\/www.europesays.com\/fr\/106427\/","title":{"rendered":"\u00e0 Haute-Goulaine, quelle est la position de cet \u00e9lu \u00e0 l\u2019origine de la fronde\u00a0?"},"content":{"rendered":"<p>            Par<br \/>\n        <strong><br \/>\n            <a href=\"https:\/\/actu.fr\/auteur\/journaliste-sm\" title=\"Consulter tous les articles de R\u00e9daction Clisson\" target=\"_blank\" rel=\"noopener\">R\u00e9daction Clisson<\/a><br \/>\n        <\/strong><\/p>\n<p>        Publi\u00e9 le<\/p>\n<p>            16 mai 2025 \u00e0 18h25        <\/p>\n<p>Depuis son<b> retrait du groupe majoritaire en septembre\u00a02024<\/b> avec 3 autres \u00e9lus, Cl\u00e9ment Leroy a cr\u00e9\u00e9 le groupe \u00ab\u2009<a href=\"https:\/\/www.facebook.com\/people\/Bon-Sens-Transparence-pour-Haute-Goulaine\/61566603267205\/?_rdr\" target=\"_blank\" rel=\"noopener\">Bon Sens et Transparence pour Haute-Goulaine<\/a>\u2009\u00bb auquel se sont associ\u00e9s 5 autres \u00e9lus de la minorit\u00e9 municipale. Une autre \u00e9lue de la majorit\u00e9 les a rejoints plus r\u00e9cemment. Ce groupe d\u2019opposition, dont il est le chef de file,<b> repr\u00e9sente environ 40\u2009% du <a href=\"https:\/\/www.hautegoulaine.fr\/votre-commune\/les-elus\/lequipe-municipale\" target=\"_blank\" rel=\"noopener\">conseil municipal<\/a> <\/b>de <b><a href=\"https:\/\/actu.fr\/pays-de-la-loire\/haute-goulaine_44071\" target=\"_blank\" rel=\"noopener\">Haute-Goulaine<\/a>.<\/b> Par son engagement fort, Cl\u00e9ment Leroy appara\u00eet, pour certains, comme<b> une alternative lors des prochaines \u00e9lections municipales.<\/b> Il a souhait\u00e9 clarifier sa position.<\/p>\n<p class=\"ac-article-content__question wall-content\">Hebdo de S\u00e8vre et Maine\u2009: Les municipales 2026 approchent et beaucoup vous voient comme un futur maire. Quelles sont vos intentions\u2009?<\/p>\n<p class=\" wall-content\">Cl\u00e9ment Leroy\u2009: Je vais mettre fin aux sp\u00e9culations. Je ne serai pas candidat pour \u00eatre maire de Haute-Goulaine en 2026. Comme je l\u2019ai toujours martel\u00e9, ce n\u2019est pas mon ambition, m\u00eame si beaucoup de Goulainais m\u2019interpellent depuis plusieurs mois pour que je me lance. Pour les prochaines \u00e9lections municipales, ma seule ambition est de b\u00e2tir une \u00e9quipe et un projet qui changent la donne pour notre commune.<\/p>\n<p class=\"ac-article-content__question wall-content\">HSM\u2009: Vous ne visez pas la mairie, mais vous parlez de piloter une liste. Pouvez-vous pr\u00e9ciser votre r\u00f4le exact\u2009?<\/p>\n<p class=\" wall-content\">C.L.\u2009: Depuis plusieurs mois, nous d\u00e9non\u00e7ons de nombreuses d\u00e9rives\u2009: absence de d\u00e9bats et de dialogue, opacit\u00e9 sur les d\u00e9cisions, gouvernance limit\u00e9e \u00e0 quelques personnes et une surench\u00e8re de communication. Pour 2026, nous sommes un certain nombre \u00e0 vouloir f\u00e9d\u00e9rer les Goulainais qui sont navr\u00e9s de cette situation et qui partagent nos valeurs. La finalit\u00e9 est de structurer une liste qui porte une vision claire et pragmatique. Je serai l\u00e0, parmi d\u2019autres, pour la concevoir, la faire vivre, et pourquoi pas contribuer par la suite. Mais la t\u00eate de liste, ce sera quelqu\u2019un d\u2019autre choisi avec soin et qui fera consensus.<\/p>\n<p class=\"ac-article-content__question wall-content\">HSM\u2009: Certains pourraient penser que vous vous mettez en retrait. Que leur r\u00e9pondez-vous\u2009?<\/p>\n<p class=\" wall-content\">C.L.\u2009: Pas du tout, c\u2019est juste une question de coh\u00e9rence et d\u2019honn\u00eatet\u00e9. \u00catre maire demande une disponibilit\u00e9 totale que je ne peux pas garantir avec mes responsabilit\u00e9s professionnelles et personnelles. Toutefois, je veux mettre mon exp\u00e9rience et mon \u00e9nergie l\u00e0 o\u00f9 elle aura le plus d\u2019impact.<\/p>\n<p class=\"ac-article-content__question wall-content\">HSM\u2009: Vous parlez d\u2019\u00e9quipe. Qui cherchez-vous pour cette liste\u2009?<\/p>\n<p class=\" wall-content\">C.L.\u2009: Nous sommes d\u00e9j\u00e0 un noyau d\u2019une quinzaine de personnes venant d\u2019horizons tr\u00e8s diff\u00e9rents \u00e0 r\u00e9fl\u00e9chir autour d\u2019id\u00e9es pour pr\u00e9parer l\u2019apr\u00e8s-2026. Nous n\u2019avons jamais fait de pros\u00e9lytisme et nous nous voulons strictement apolitiques dans la construction de cette future liste. Nous voulons b\u00e2tir un projet s\u00e9rieux avec des gens motiv\u00e9s.<\/p>\n<p class=\"ac-article-content__question wall-content\">HSM\u2009: On parle beaucoup de tensions au sein du conseil municipal. Comment expliquez-vous cette situation\u2009?<\/p>\n<p class=\" wall-content\">C.L.\u2009: Ces tensions ne sont pas de notre fait. Elles trouvent leur origine dans le refus du maire d\u2019accepter le d\u00e9bat et de r\u00e9pondre \u00e0 nos questions l\u00e9gitimes qui n\u2019ont pourtant rien de pol\u00e9mique. Nous avons pris l\u2019initiative de filmer les conseils municipaux. Les Goulainais peuvent les visionner sur Facebook Bon Sens et Transparence pour Haute-Goulaine et ainsi se faire leur propre id\u00e9e. En toute transparence. Je les invite aussi \u00e0 venir. Les s\u00e9ances sont publiques.<\/p>\n<p class=\"ac-article-content__question wall-content\">HSM\u2009: Avec le recul, regrettez-vous cette exp\u00e9rience municipale\u2009?<\/p>\n<p class=\" wall-content\">C.L.\u2009: Je n\u2019ai aucun regret, bien au contraire. S\u2019impliquer dans la vie municipale, c\u2019est tr\u00e8s \u00e9panouissant sur le plan intellectuel et humain. Ce qui est dommage, c\u2019est que \u00e7a se passe \u00e0 Haute-Goulaine, avec une \u00e9quipe municipale majoritaire apathique qui freine cet \u00e9lan au lieu de le porter.<\/p>\n<p class=\"ac-article-content__question wall-content\">HSM. Vous semblez pointer un vrai d\u00e9ficit d\u00e9mocratique. Qu\u2019est-ce qui vous choque le plus\u2009?<\/p>\n<p class=\" wall-content\">C.L.\u2009: Ce qui me r\u00e9volte, c\u2019est qu\u2019on nous demande de voter des projets sans jamais nous en avoir parl\u00e9 en amont, sans pr\u00e9sentation, sans explication. On d\u00e9couvre en s\u00e9ance que les d\u00e9cisions sont d\u00e9j\u00e0 act\u00e9es et les r\u00e9ponses \u00e0 nos questions sont, au pire inexistantes, au mieux \u00e9vasives. On nous renvoie \u00e0 des commissions o\u00f9 les convocations ou les comptes rendus nous parviennent au compte-goutte, quand ils arrivent, et o\u00f9 on est exclus des \u00e9changes.<\/p>\n<p class=\"ac-article-content__question wall-content\">HSM\u2009: Comment voyez-vous les prochaines \u00e9lections municipales\u2009?<\/p>\n<p class=\" wall-content\">C.L.\u2009: Pour moi, il est indispensable qu\u2019il n\u2019y ait qu\u2019une seule liste face \u00e0 celle de Fabrice Cuchot qui pr\u00e9pare d\u00e9j\u00e0 les prochaines \u00e9lections. J\u2019invite tous les Goulainais.es motiv\u00e9s \u00e0 nous rejoindre en nous contactant via notre page Facebook. Notre d\u00e9marche est ouverte \u00e0 toutes et tous pour se retrouver autour de valeurs communes\u2009: \u00e9couter, d\u00e9cider ensemble, agir avec bon sens, rigueur et transparence.<\/p>\n<p class=\" wall-content\">Suivez toute l\u2019actualit\u00e9 de vos villes et m\u00e9dias favoris en vous inscrivant \u00e0 <a href=\"https:\/\/moncompte.actu.fr\" title=\"D\u00e9couvez Mon Actu\" rel=\"nofollow noopener\" data-trk=\"{&quot;cta&quot;:{&quot;action&quot;:&quot;https:\\\/\\\/moncompte.actu.fr&quot;,&quot;category&quot;:&quot;mon compte&quot;,&quot;from&quot;:&quot;article footer&quot;,&quot;name&quot;:&quot;Mon actu&quot;,&quot;type&quot;:&quot;cta&quot;}}\" target=\"_blank\">Mon Actu<\/a>.<\/p>\n<ul class=\"ac-article-tag wall-content\">\n<li><a href=\"https:\/\/actu.fr\/tag\/municipales-2026\" data-trk=\"{&quot;cta&quot;:{&quot;action&quot;:&quot;Municipales 2026&quot;,&quot;category&quot;:&quot;tag&quot;,&quot;from&quot;:&quot;article footer&quot;,&quot;name&quot;:&quot;Municipales 2026&quot;,&quot;type&quot;:&quot;cta&quot;}}\" target=\"_blank\" rel=\"noopener\">#Municipales 2026<\/a><\/li>\n<li><a href=\"https:\/\/actu.fr\/tag\/vignoble-nantais\" data-trk=\"{&quot;cta&quot;:{&quot;action&quot;:&quot;Vignoble nantais&quot;,&quot;category&quot;:&quot;tag&quot;,&quot;from&quot;:&quot;article footer&quot;,&quot;name&quot;:&quot;Vignoble nantais&quot;,&quot;type&quot;:&quot;cta&quot;}}\" target=\"_blank\" rel=\"noopener\">#Vignoble nantais<\/a><\/li>\n<\/ul>\n","protected":false},"excerpt":{"rendered":"Par R\u00e9daction Clisson Publi\u00e9 le 16 mai 2025 \u00e0 18h25 Depuis son retrait du groupe majoritaire en septembre\u00a02024&hellip;\n","protected":false},"author":2,"featured_media":106428,"comment_status":"","ping_status":"","sticky":false,"template":"","format":"standard","meta":{"footnotes":""},"categories":[2818],"tags":[1111,11,1777,674,1011,27,3434,766,12,2636,25,104,2900],"class_list":{"0":"post-106427","1":"post","2":"type-post","3":"status-publish","4":"format-standard","5":"has-post-thumbnail","7":"category-nantes","8":"tag-actu","9":"tag-actualites","10":"tag-eu","11":"tag-europe","12":"tag-fr","13":"tag-france","14":"tag-municipales-2026","15":"tag-nantes","16":"tag-news","17":"tag-pays-de-la-loire","18":"tag-republique-francaise","19":"tag-societe","20":"tag-vignoble-nantais"},"share_on_mastodon":{"url":"https:\/\/pubeurope.com\/@fr\/114521989624012500","error":""},"_links":{"self":[{"href":"https:\/\/www.europesays.com\/fr\/wp-json\/wp\/v2\/posts\/106427","targetHints":{"allow":["GET"]}}],"collection":[{"href":"https:\/\/www.europesays.com\/fr\/wp-json\/wp\/v2\/posts"}],"about":[{"href":"https:\/\/www.europesays.com\/fr\/wp-json\/wp\/v2\/types\/post"}],"author":[{"embeddable":true,"href":"https:\/\/www.europesays.com\/fr\/wp-json\/wp\/v2\/users\/2"}],"replies":[{"embeddable":true,"href":"https:\/\/www.europesays.com\/fr\/wp-json\/wp\/v2\/comments?post=106427"}],"version-history":[{"count":0,"href":"https:\/\/www.europesays.com\/fr\/wp-json\/wp\/v2\/posts\/106427\/revisions"}],"wp:featuredmedia":[{"embeddable":true,"href":"https:\/\/www.europesays.com\/fr\/wp-json\/wp\/v2\/media\/106428"}],"wp:attachment":[{"href":"https:\/\/www.europesays.com\/fr\/wp-json\/wp\/v2\/media?parent=106427"}],"wp:term":[{"taxonomy":"category","embeddable":true,"href":"https:\/\/www.europesays.com\/fr\/wp-json\/wp\/v2\/categories?post=106427"},{"taxonomy":"post_tag","embeddable":true,"href":"https:\/\/www.europesays.com\/fr\/wp-json\/wp\/v2\/tags?post=106427"}],"curies":[{"name":"wp","href":"https:\/\/api.w.org\/{rel}","templated":true}]}}